{"id":1866,"date":"2014-09-28T20:36:49","date_gmt":"2014-09-28T18:36:49","guid":{"rendered":"http:\/\/btm.sk\/WP\/2014\/09\/28\/co-pre-teba-znamena-jezis\/"},"modified":"2018-05-17T22:18:28","modified_gmt":"2018-05-17T20:18:28","slug":"co-pre-teba-znamena-jezis","status":"publish","type":"post","link":"https:\/\/btm.sk\/WP\/2014\/09\/28\/co-pre-teba-znamena-jezis\/","title":{"rendered":"\u010cO PRE TEBA ZNAMEN\u00c1 JE\u017dI\u0160?"},"content":{"rendered":"<p><span class=\"text\">Je\u017ei\u0161 sa ich sp\u00fdtal: A vy za koho ma poklad\u00e1te? (Mat\u00fa\u0161 16,13-20) <\/span><br \/>\n<!--more--><br \/>\nIste si vieme dobre predstavi\u0165, ako \u013eudia, ktor\u00ed sa pohybovali okolo P\u00e1na Je\u017ei\u0161a, pretriasali jeho slov\u00e1 aj skutky. Ako sa hovorilo o tom, ako tomu \u010di onomu pomohol, ako uzemnil farizeja, ke\u010f ho chcel nachyta\u0165 svojimi ot\u00e1zkami a pod. Mo\u017eno sa niektor\u00ed \u010dudovali, ak\u00fdch si to vybral spolo\u010dn\u00edkov. Mo\u017eno ich zar\u00e1\u017eali in\u00e9 veci, mo\u017eno&#8230;<br \/>\nRaz to v\u0161ak muselo pr\u00eds\u0165: ka\u017ed\u00fd, kto bral Je\u017ei\u0161a v\u00e1\u017ene, sa musel vyrovnat s jeho ot\u00e1zkou: &#8222;Za koho ma poklad\u00e1\u0161 ty? K\u00fdm som pre teba?&#8220; Pred touto ot\u00e1zkou nemo\u017eno utiect ani dnes, ned\u00e1 sa jej vyhn\u00fa\u0165. A ja sa p\u00fdtam dnes teba: \u010co pre teba znamen\u00e1 Je\u017ei\u0161? K\u00fdm je? Je tvoj\u00edm osobn\u00fdm Mesi\u00e1\u0161om, Z\u00e1chrancom, Premo\u017eite\u013eom zla? Je pre teba T\u00ddM, kto ti pon\u00faka svoje srdce a uis\u0165uje \u0165a o svojej l\u00e1ske, d\u00e1va zmysel tvojim krokom?<br \/>\nT\u00fdm v\u0161etk\u00fdm a e\u0161te ove\u013ea viac m\u00f4\u017ee by\u0165 P\u00e1n Je\u017ei\u0161 pre ka\u017ed\u00e9ho \u010dloveka. Pre ka\u017ed\u00e9ho z n\u00e1s, aj pre teba. Z\u00e1le\u017e\u00ed to len na tebe. \u010c\u00edm pevnej\u0161ie tomuto ver\u00ed\u0161, t\u00fdm pevnej\u0161\u00ed m\u00f4\u017ee\u0161 by\u0165 v ka\u017edodennom boji so zm\u00e4tkom, neistotou a zlom. Len \u017eivotn\u00e9 z\u00e1pasy preveria, \u010di o viere len hovor\u00ed\u0161, anebo \u010di skuto\u010dne ver\u00ed\u0161 \u2013 \u010di je Je\u017ei\u0161 naozaj tvoj\u00edm Z\u00e1chrancom. Lebo len pevn\u00fd vz\u0165ah s Je\u017ei\u0161om m\u00f4\u017ee by\u0165 trvalou oporou v na\u0161om \u017eivote, v na\u0161ich sk\u00fa\u0161kach, z\u00e1pasoch i utrpen\u00ed, ale aj v radosti a \u0161\u0165ast\u00ed.<br \/>\nP\u00fdtam sa \u0165a teda e\u0161te raz: \u010co znamen\u00e1 Je\u017ei\u0161 pre teba? K\u00fdm je?<\/p>\n","protected":false},"excerpt":{"rendered":"<p>Je\u017ei\u0161 sa ich sp\u00fdtal: A vy za koho ma poklad\u00e1te? (Mat\u00fa\u0161 16,13-20)<\/p>\n","protected":false},"author":2,"featured_media":0,"comment_status":"closed","ping_status":"open","sticky":false,"template":"","format":"standard","meta":[],"categories":[9],"tags":[],"_links":{"self":[{"href":"https:\/\/btm.sk\/WP\/wp-json\/wp\/v2\/posts\/1866"}],"collection":[{"href":"https:\/\/btm.sk\/WP\/wp-json\/wp\/v2\/posts"}],"about":[{"href":"https:\/\/btm.sk\/WP\/wp-json\/wp\/v2\/types\/post"}],"author":[{"embeddable":true,"href":"https:\/\/btm.sk\/WP\/wp-json\/wp\/v2\/users\/2"}],"replies":[{"embeddable":true,"href":"https:\/\/btm.sk\/WP\/wp-json\/wp\/v2\/comments?post=1866"}],"version-history":[{"count":1,"href":"https:\/\/btm.sk\/WP\/wp-json\/wp\/v2\/posts\/1866\/revisions"}],"predecessor-version":[{"id":2101,"href":"https:\/\/btm.sk\/WP\/wp-json\/wp\/v2\/posts\/1866\/revisions\/2101"}],"wp:attachment":[{"href":"https:\/\/btm.sk\/WP\/wp-json\/wp\/v2\/media?parent=1866"}],"wp:term":[{"taxonomy":"category","embeddable":true,"href":"https:\/\/btm.sk\/WP\/wp-json\/wp\/v2\/categories?post=1866"},{"taxonomy":"post_tag","embeddable":true,"href":"https:\/\/btm.sk\/WP\/wp-json\/wp\/v2\/tags?post=1866"}],"curies":[{"name":"wp","href":"https:\/\/api.w.org\/{rel}","templated":true}]}}