{"id":1863,"date":"2014-08-26T17:57:18","date_gmt":"2014-08-26T15:57:18","guid":{"rendered":"http:\/\/btm.sk\/WP\/2014\/08\/26\/pozvanka-do-rackovej-doliny-3\/"},"modified":"2018-05-17T22:19:07","modified_gmt":"2018-05-17T20:19:07","slug":"pozvanka-do-rackovej-doliny-3","status":"publish","type":"post","link":"https:\/\/btm.sk\/WP\/2014\/08\/26\/pozvanka-do-rackovej-doliny-3\/","title":{"rendered":"POZV\u00c1NKA DO RA\u010cKOVEJ DOLINY"},"content":{"rendered":"<p><span class=\"text\">Drah\u00e9 sestry, srde\u010dne v\u00e1s poz\u00fdvame na \u010fal\u0161ie, v porad\u00ed u\u017e <b>19. duchovno-rekrea\u010dn\u00e9 stretnutie sestier Evanjelickej aliancie<\/b>, ktor\u00e9 aj tento rok bude z Bo\u017eej milosti v Domove J. A. Komensk\u00e9ho v Ra\u010dkovej doline. Term\u00edn stretnutia je <b>od stredy 24. septembra do nedele 28. septembra 2014<\/b>.<\/span><br \/>\n<!--more--><br \/>\nTohtoro\u010dn\u00e1 t\u00e9ma: <b>RADOS\u0164<\/b> s \u00fastredn\u00fdm ver\u0161om z <b>1. listu Tesalonick\u00fdm 5,16<\/b>. Popoludnia bude mo\u017en\u00e9 vyu\u017ei\u0165 na rozhovory, prech\u00e1dzky v kr\u00e1snej tatranskej pr\u00edrode, rehabilita\u010dn\u00e9 cvi\u010denie \u010di mas\u00e1\u017ee a kreat\u00edvnu tvorbu.<\/p>\n<p>Na stretnutie sa m\u00f4\u017eete <b>prihl\u00e1si\u0165 najnesk\u00f4r do 10. septembra 2014<\/b> na adrese (tu z\u00edskate aj podrobnej\u0161ie inform\u00e1cie o stretnut\u00ed, cen\u00e1ch a mo\u017enostiach ubytovania): <\/p>\n<p><b>BTM, P.  O. Box 11, 840 09 Bratislava 49<br \/>\ntel. 02\/64 53 81 14, mobil: 0910\/572641<br \/>\nmail: btm@btm.sk<\/b><\/p>\n<p>Te\u0161\u00edme sa na v\u00e1s a na chv\u00edle, ktor\u00e9 spolu str\u00e1vime!<br \/>\n(pr\u00edpravn\u00fd v\u00fdbor)<\/p>\n<p><img src=\"img\/clanky\/chata.jpg\" alt=\"\"><\/p>\n<p><img src=\"img\/clanky\/chata2.jpg\" alt=\"\"><\/p>\n","protected":false},"excerpt":{"rendered":"<p>Drah\u00e9 sestry, srde\u010dne v\u00e1s poz\u00fdvame na \u010fal\u0161ie, v porad\u00ed u\u017e 19. duchovno-rekrea\u010dn\u00e9 stretnutie sestier Evanjelickej aliancie, ktor\u00e9 aj tento rok bude z Bo\u017eej milosti v Domove J. A. Komensk\u00e9ho v Ra\u010dkovej doline. Term\u00edn stretnutia je od stredy 24. septembra do nedele 28. septembra 2014.<\/p>\n","protected":false},"author":2,"featured_media":0,"comment_status":"closed","ping_status":"open","sticky":false,"template":"","format":"standard","meta":[],"categories":[6],"tags":[],"_links":{"self":[{"href":"https:\/\/btm.sk\/WP\/wp-json\/wp\/v2\/posts\/1863"}],"collection":[{"href":"https:\/\/btm.sk\/WP\/wp-json\/wp\/v2\/posts"}],"about":[{"href":"https:\/\/btm.sk\/WP\/wp-json\/wp\/v2\/types\/post"}],"author":[{"embeddable":true,"href":"https:\/\/btm.sk\/WP\/wp-json\/wp\/v2\/users\/2"}],"replies":[{"embeddable":true,"href":"https:\/\/btm.sk\/WP\/wp-json\/wp\/v2\/comments?post=1863"}],"version-history":[{"count":1,"href":"https:\/\/btm.sk\/WP\/wp-json\/wp\/v2\/posts\/1863\/revisions"}],"predecessor-version":[{"id":2104,"href":"https:\/\/btm.sk\/WP\/wp-json\/wp\/v2\/posts\/1863\/revisions\/2104"}],"wp:attachment":[{"href":"https:\/\/btm.sk\/WP\/wp-json\/wp\/v2\/media?parent=1863"}],"wp:term":[{"taxonomy":"category","embeddable":true,"href":"https:\/\/btm.sk\/WP\/wp-json\/wp\/v2\/categories?post=1863"},{"taxonomy":"post_tag","embeddable":true,"href":"https:\/\/btm.sk\/WP\/wp-json\/wp\/v2\/tags?post=1863"}],"curies":[{"name":"wp","href":"https:\/\/api.w.org\/{rel}","templated":true}]}}