{"id":1861,"date":"2014-08-26T17:34:44","date_gmt":"2014-08-26T15:34:44","guid":{"rendered":"http:\/\/btm.sk\/WP\/2014\/08\/26\/viera-je-dobrodruzstvo-aj-vztah\/"},"modified":"2018-05-17T22:19:33","modified_gmt":"2018-05-17T20:19:33","slug":"viera-je-dobrodruzstvo-aj-vztah","status":"publish","type":"post","link":"https:\/\/btm.sk\/WP\/2014\/08\/26\/viera-je-dobrodruzstvo-aj-vztah\/","title":{"rendered":"VIERA JE DOBRODRU\u017dSTVO AJ VZ\u0164AH"},"content":{"rendered":"<p><span class=\"text\">Vierou posl\u00fachol Abrah\u00e1m, ke\u010f ho Boh povolal, aby sa vys\u0165ahoval na miesto, ktor\u00e9 mal prija\u0165 ako dedi\u010dstvo. Vys\u0165ahoval sa, a nevedel, kam ide. Vierou sa usadil v zemi zas\u013e\u00fabenej ako v cudzej a preb\u00fdval tam&#8230; (\u017didom 11,8-9)<\/span><br \/>\n<!--more--><br \/>\n<b>Boh n\u00e1s poz\u00fdva<\/b><br \/>\nKres\u0165ansk\u00e1 viera nie je s\u00fabor nejak\u00fdch pou\u010diek a nariaden\u00ed, ale osobn\u00fd vz\u0165ah d\u00f4very. Boh d\u00f4veruje n\u00e1m \u2013 \u017ee napriek v\u0161etk\u00fdm kopancom nakoniec dobre pou\u017eijeme to, \u010do do n\u00e1s vlo\u017eil. A poz\u00fdva n\u00e1s, aby sme aj my d\u00f4verovali jemu. Je to v\u00fdzva.<\/p>\n<p><b>Odvaha riskova\u0165<\/b><br \/>\nVeri\u0165 Bohu znamen\u00e1 prija\u0165 t\u00fato v\u00fdzvu a vyda\u0165 sa s n\u00edm na cestu. To vy\u017eaduje odvahu vyrazi\u0165 do nezn\u00e1ma, bez vlastn\u00e9ho istenia. Odvahu riskova\u0165 a spo\u013eahn\u00fa\u0165 sa na Bo\u017eiu z\u00e1\u0161titu, na to, \u017ee On cestu pozn\u00e1 a dovedie ma do cie\u013ea. Je to dobrodru\u017estvo.<\/p>\n<p><b>Neboj sa! Sk\u00fas to!<\/b><br \/>\n\u017di\u0165 z viery prin\u00e1\u0161a aj \u010diasto\u010dn\u00e9 Bo\u017eie v\u00fdzvy, a vtedy n\u00e1m hovor\u00ed: &#8222;Neboj sa! Sk\u00fas to! So mnou na to m\u00e1\u0161 a dok\u00e1\u017ee\u0161 to!&#8220; Uver\u00edm Bohu a prijmem jeho v\u00fdzvy?<br \/>\n(Pavel Semela)<\/p>\n<p><b>\u010co n\u00e1m P\u00e1n Je\u017ei\u0161 nes\u013e\u00fabil<\/b><\/p>\n<p>Nes\u013e\u00fabil n\u00e1m, \u017ee po obr\u00e1ten\u00ed u\u017e nikdy nezhre\u0161\u00edme.<br \/>\nNes\u013e\u00fabil n\u00e1m, \u017ee nikdy neochorieme.<br \/>\nNes\u013e\u00fabil n\u00e1m, \u017ee sa n\u00e1m podar\u00ed v\u0161etko, do \u010doho sa pust\u00edme.<br \/>\nNes\u013e\u00fabil n\u00e1m, \u017ee nikdy nebudeme ma\u0165 finan\u010dn\u00e9 probl\u00e9my.<br \/>\nNes\u013e\u00fabil n\u00e1m, \u017ee n\u00e1s v\u0161etci \u013eudia bud\u00fa ma\u0165 radi.<br \/>\nNes\u013e\u00fabil n\u00e1m, \u017ee na\u0161e vz\u0165ahy s \u013eu\u010fmi bud\u00fa bez probl\u00e9mov.<br \/>\nNes\u013e\u00fabil n\u00e1m, \u017ee nikto z na\u0161ich bl\u00edzkych neochorie, neumrie, alebo pod\u013eahne nejakej z\u00e1vislosti.<br \/>\nNes\u013e\u00fabil n\u00e1m, \u017ee u\u017e neza\u017eijeme prenasledovanie, pon\u00ed\u017eenie a posmech pre svoju vieru.<br \/>\nNes\u013e\u00fabil n\u00e1m&#8230;<\/p>\n<p>\u010co n\u00e1m teda zas\u013e\u00fabil?<br \/>\nS\u013e\u00fabil n\u00e1m, \u017ee n\u00e1m odpust\u00ed hriechy, ke\u010f ich budeme vyzn\u00e1va\u0165 (1. J\u00e1na 1,9; Izai\u00e1\u0161 1,18&#8230;). S\u013e\u00fabil n\u00e1m, \u017ee bude vypo\u010duje na\u0161e modlitby (Mat\u00fa\u0161 7,11).<br \/>\nS\u013e\u00fabil n\u00e1m ve\u010dn\u00fd \u017eivot, lebo z jeho ruky n\u00e1s u\u017e nikto nevytrhne (J\u00e1n 10,28).<br \/>\nS\u013e\u00fabil n\u00e1m, \u017ee bude s nami po v\u0161etky dni a\u017e do konca sveta (Mat\u00fa\u0161 28,20).<br \/>\nS\u013e\u00fabil n\u00e1m, \u017ee sa nemus\u00edme ob\u00e1va\u0165 o zajtraj\u0161ok (Mat\u00fa\u0161 6,25\u201334).<br \/>\nS\u013e\u00fabil n\u00e1m svoj pokoj aj uprostred s\u00fa\u017eenia (J\u00e1n 16,33).<br \/>\nS\u013e\u00fabil n\u00e1m, \u017ee v\u0161etko n\u00e1m posl\u00fa\u017ei na dobr\u00e9 (R\u00edmskym 8,28).<br \/>\nS\u013e\u00fabil n\u00e1m&#8230;<br \/>\n(Kate\u0159ina Lachmanov\u00e1)<\/p>\n","protected":false},"excerpt":{"rendered":"<p>Vierou posl\u00fachol Abrah\u00e1m, ke\u010f ho Boh povolal, aby sa vys\u0165ahoval na miesto, ktor\u00e9 mal prija\u0165 ako dedi\u010dstvo. Vys\u0165ahoval sa, a nevedel, kam ide. Vierou sa usadil v zemi zas\u013e\u00fabenej ako v cudzej a preb\u00fdval tam&#8230; (\u017didom 11,8-9)<\/p>\n","protected":false},"author":2,"featured_media":0,"comment_status":"closed","ping_status":"open","sticky":false,"template":"","format":"standard","meta":[],"categories":[4],"tags":[],"_links":{"self":[{"href":"https:\/\/btm.sk\/WP\/wp-json\/wp\/v2\/posts\/1861"}],"collection":[{"href":"https:\/\/btm.sk\/WP\/wp-json\/wp\/v2\/posts"}],"about":[{"href":"https:\/\/btm.sk\/WP\/wp-json\/wp\/v2\/types\/post"}],"author":[{"embeddable":true,"href":"https:\/\/btm.sk\/WP\/wp-json\/wp\/v2\/users\/2"}],"replies":[{"embeddable":true,"href":"https:\/\/btm.sk\/WP\/wp-json\/wp\/v2\/comments?post=1861"}],"version-history":[{"count":1,"href":"https:\/\/btm.sk\/WP\/wp-json\/wp\/v2\/posts\/1861\/revisions"}],"predecessor-version":[{"id":2106,"href":"https:\/\/btm.sk\/WP\/wp-json\/wp\/v2\/posts\/1861\/revisions\/2106"}],"wp:attachment":[{"href":"https:\/\/btm.sk\/WP\/wp-json\/wp\/v2\/media?parent=1861"}],"wp:term":[{"taxonomy":"category","embeddable":true,"href":"https:\/\/btm.sk\/WP\/wp-json\/wp\/v2\/categories?post=1861"},{"taxonomy":"post_tag","embeddable":true,"href":"https:\/\/btm.sk\/WP\/wp-json\/wp\/v2\/tags?post=1861"}],"curies":[{"name":"wp","href":"https:\/\/api.w.org\/{rel}","templated":true}]}}