{"id":1836,"date":"2013-12-19T13:22:11","date_gmt":"2013-12-19T12:22:11","guid":{"rendered":"http:\/\/btm.sk\/WP\/2013\/12\/19\/podte-a-chodme-vo-svetle-hospodinovom\/"},"modified":"2018-05-17T22:26:38","modified_gmt":"2018-05-17T20:26:38","slug":"podte-a-chodme-vo-svetle-hospodinovom","status":"publish","type":"post","link":"https:\/\/btm.sk\/WP\/2013\/12\/19\/podte-a-chodme-vo-svetle-hospodinovom\/","title":{"rendered":"PO\u010eTE A CHO\u010eME VO SVETLE HOSPODINOVOM!"},"content":{"rendered":"<p><span class=\"text\">Aj vy m\u00e1te pocit, \u017ee u\u017e nevl\u00e1dzete, \u017ee je toho na v\u00e1s nejako prive\u013ea? Je advent, o t\u00fd\u017ede\u0148 s\u00fa Vianoce, potom koniec roka&#8230; Sviatky, vo\u013eno, pr\u00e1zdniny, n\u00e1v\u0161tevy. Treba toho ve\u013ea zariadi\u0165, dokon\u010di\u0165, nak\u00fapi\u0165, navari\u0165, napiec\u0165&#8230; Z ka\u017ed\u00e9ho k\u00fata na n\u00e1s vyskakuj\u00fa na\u0161e minuloro\u010dn\u00e9 predsavzatia, ktor\u00e9 sme, samozrejme \u2013 ako ka\u017ed\u00fd rok, op\u00e4\u0165 nesplnili. S prib\u00fadaj\u00facimi d\u0148ami nov\u00e9ho roka sme na ne zabudli&#8230; Ve\u010f toho m\u00e1me tak ve\u013ea! Viete, ako pre\u017ei\u0165 ten tohtoro\u010dn\u00fd advent a Vianoce inak, ako v zhone a v zm\u00e4tku?<\/span><br \/>\n<!--more--><br \/>\nAdvent a Vianoce s\u00fa toti\u017e dve ro\u010dn\u00e9 obdobia \u2013 udalosti, ktor\u00e9 s\u00fa dnes ve\u013emi \u010dasto ponoren\u00e9 do v\u0161eobecn\u00e9ho zm\u00e4tku konzumnej spolo\u010dnosti, a preto sa ocitli v najv\u00e4\u010d\u0161om riziku nepochopenia. \u010co s\u00fa vlastne Vianoce? Vianoce vyjadruj\u00fa to, \u017ee ve\u010dn\u00fd Boh vstupuje aj dnes do na\u0161ej \u201ezlej\u201c doby. No dnes vstupuje akoby len \u201epo \u0161pi\u010dk\u00e1ch\u201c.<br \/>\nBoh prich\u00e1dza s\u00edce v chudobe a pokore, no s pravou mocou, ktor\u00e1 prin\u00e1le\u017e\u00ed len jemu. A to je moc odzbrojuj\u00facej dobroty. Lebo Boh je L\u00c1SKA \u2013 a to je nekone\u010dn\u00fd dar. Preto\u017ee l\u00e1ska je DAR. Chudoba betlehemskej ma\u0161tale odha\u013euje tajomstvo Boha, ktor\u00fd nie je vlastn\u00edcky, ale ktor\u00fd d\u00e1va. Sk\u00fasme sa nad t\u00fdm zamyslie\u0165. A ak u\u017e naozaj nevl\u00e1dzeme a boj\u00edme sa, \u017ee sa zr\u00fatime, zr\u00fa\u0165me sa do Bo\u017eej n\u00e1ru\u010de! Kto in\u00fd ako Boh m\u00e1 nadh\u013ead nad v\u0161etk\u00fdmi vecami \u2013 aj nad t\u00fdmi nezvl\u00e1dnut\u00fdmi a z n\u00e1\u0161ho poh\u013eadu aj nezv\u00e1dnute\u013en\u00fdmi?! Aj nad t\u00fdmi mojimi?<br \/>\nMo\u017eno na n\u00e1s vpl\u00fdva aj to, \u017ee je akosi viac temna okolo n\u00e1s. V tomto obdob\u00ed prib\u00fada tmy aj vonku, dni sa st\u00e1le skracuj\u00fa, sk\u00f4r sa stmieva. Ve\u013ea \u013eud\u00ed m\u00e1 pocit, \u017ee prib\u00fada temnoty aj v na\u0161ej spolo\u010dnosti. A niekto pre\u017e\u00edva temn\u00e9 obdobie pr\u00e1ve teraz aj vo svojom osobnom \u017eivote. No v tejto tme sa ka\u017ed\u00e9mu z\u00a0n\u00e1s pon\u00faka \u0161anca. Je tu svetlo, ktor\u00e9 temnota nepohlt\u00ed \u2013 Je\u017ei\u0161 Kristus. On je svetlo do probl\u00e9mov dne\u0161nej doby aj do probl\u00e9mov m\u00f4jho \u017eivota. Je\u017ei\u0161a Krista m\u00f4\u017ee\u0161 pozva\u0165 do svojho \u017eivota aj ty. A On sa stane tvoj\u00edm svetlom, ktor\u00e9 svieti uprostred temn\u00fdch chv\u00ed\u013e na tvojej ceste. S n\u00edm prejde\u0161 bezpe\u010dne aj temnotou, v ktorej sa mo\u017eno pr\u00e1ve teraz nach\u00e1dza\u0161.<br \/>\nPane Je\u017ei\u0161u, pr\u00ed\u010f so svojou mocou, dobrotou a l\u00e1skou aj do m\u00f4jho \u017eivota, do mojej kancel\u00e1rie, dom\u00e1cnosti, vz\u0165ahu&#8230; Pr\u00ed\u010f a ujmi sa v \u0148om vl\u00e1dy! Nech Tvoje svetlo za\u017eiari v temnote, ktor\u00e1 ma sk\u013eu\u010duje.<\/p>\n<p>Po\u010fte a cho\u010fme v svetle Hospodinovom! (Izai\u00e1\u0161 2,5)<\/p>\n<p>(upr. pod\u013ea www.vira.cz)<\/p>\n","protected":false},"excerpt":{"rendered":"<p>Aj vy m\u00e1te pocit, \u017ee u\u017e nevl\u00e1dzete, \u017ee je toho na v\u00e1s nejako prive\u013ea? Je advent, o t\u00fd\u017ede\u0148 s\u00fa Vianoce, potom koniec roka&#8230; Sviatky, vo\u013eno, pr\u00e1zdniny, n\u00e1v\u0161tevy. Treba toho ve\u013ea zariadi\u0165, dokon\u010di\u0165, nak\u00fapi\u0165, navari\u0165, napiec\u0165&#8230; Z ka\u017ed\u00e9ho k\u00fata na n\u00e1s vyskakuj\u00fa na\u0161e minuloro\u010dn\u00e9 predsavzatia, ktor\u00e9 sme, samozrejme \u2013 ako ka\u017ed\u00fd rok, op\u00e4\u0165 nesplnili. S prib\u00fadaj\u00facimi [&hellip;]<\/p>\n","protected":false},"author":2,"featured_media":0,"comment_status":"closed","ping_status":"open","sticky":false,"template":"","format":"standard","meta":[],"categories":[11],"tags":[],"_links":{"self":[{"href":"https:\/\/btm.sk\/WP\/wp-json\/wp\/v2\/posts\/1836"}],"collection":[{"href":"https:\/\/btm.sk\/WP\/wp-json\/wp\/v2\/posts"}],"about":[{"href":"https:\/\/btm.sk\/WP\/wp-json\/wp\/v2\/types\/post"}],"author":[{"embeddable":true,"href":"https:\/\/btm.sk\/WP\/wp-json\/wp\/v2\/users\/2"}],"replies":[{"embeddable":true,"href":"https:\/\/btm.sk\/WP\/wp-json\/wp\/v2\/comments?post=1836"}],"version-history":[{"count":1,"href":"https:\/\/btm.sk\/WP\/wp-json\/wp\/v2\/posts\/1836\/revisions"}],"predecessor-version":[{"id":2131,"href":"https:\/\/btm.sk\/WP\/wp-json\/wp\/v2\/posts\/1836\/revisions\/2131"}],"wp:attachment":[{"href":"https:\/\/btm.sk\/WP\/wp-json\/wp\/v2\/media?parent=1836"}],"wp:term":[{"taxonomy":"category","embeddable":true,"href":"https:\/\/btm.sk\/WP\/wp-json\/wp\/v2\/categories?post=1836"},{"taxonomy":"post_tag","embeddable":true,"href":"https:\/\/btm.sk\/WP\/wp-json\/wp\/v2\/tags?post=1836"}],"curies":[{"name":"wp","href":"https:\/\/api.w.org\/{rel}","templated":true}]}}