{"id":1833,"date":"2013-11-12T14:11:54","date_gmt":"2013-11-12T13:11:54","guid":{"rendered":"http:\/\/btm.sk\/WP\/2013\/11\/12\/radost-a-sklamanie-z-vianoc\/"},"modified":"2018-05-17T22:27:17","modified_gmt":"2018-05-17T20:27:17","slug":"radost-a-sklamanie-z-vianoc","status":"publish","type":"post","link":"https:\/\/btm.sk\/WP\/2013\/11\/12\/radost-a-sklamanie-z-vianoc\/","title":{"rendered":"RADOS\u0164 A SKLAMANIE Z VIANOC"},"content":{"rendered":"<p><span class=\"text\">\u010caro Vianoc nespo\u010d\u00edva ani tak v roz\u017eiaren\u00fdch v\u00fdkladoch a predviano\u010dnej n\u00e1kupnej hor\u00fa\u010dke, ako v tom, \u017ee sa z\u00edde cel\u00e1 rodina. Mus\u00ed sa rozlo\u017ei\u0165 jed\u00e1lensk\u00fd st\u00f4l, aby sa okolo neho zmestili aj prarodi\u010dia a v\u0161etky deti, a niekedy aj bl\u00edzki priatelia alebo osamel\u00fd sused<\/span><br \/>\n<!--more--><br \/>\n\u010caro Vianoc, to je i rados\u0165 z hra\u010diek, ktor\u00e9 deti na\u0161li pod strom\u010dekom, rados\u0165 z dar\u010deka od man\u017eela, ktor\u00fd dok\u00e1zal vytu\u0161i\u0165, \u010do som si potichu tak ve\u013emi priala. Je to rados\u0165 z toho, \u017ee m\u00f4\u017eem druh\u00e9mu nie\u010do da\u0165, \u017ee ho m\u00f4\u017eem nie\u010d\u00edm pote\u0161i\u0165.<br \/>\nSviatky v\u0161ak m\u00f4\u017eu \u010dloveku prinies\u0165 aj sklamanie z nenaplnen\u00fdch o\u010dak\u00e1van\u00ed. Nehovor\u00edm o \u017el\u010dn\u00edkov\u00fdch z\u00e1chvatoch \u010di v\u00fddavkoch, ktor\u00e9 nevyhnutne poznamenaj\u00fa janu\u00e1rov\u00fd rozpo\u010det. Mysl\u00edm na pr\u00e1zdne miesta pri \u0161tedrove\u010dernom stole, ktor\u00e9 \u010dloveka tak bolia: tu mal sedie\u0165 \u201em\u00e1rnotratn\u00fd syn\u201c, ktor\u00fd dnes \u201emusel\u201c \u00eds\u0165 za kamar\u00e1tmi, tu man\u017eel, ktor\u00fd aj tento rok \u201emus\u00ed\u201c by\u0165 v pr\u00e1ci, tu deti, ktor\u00e9 tento rok sl\u00e1via Vianoce kdesi medzi cudz\u00edmi&#8230; Vianoce s\u00fa toti\u017e sviatky rodiny. A to e\u0161te nespom\u00ednam pr\u00e1zdne miesta po na\u0161ich bl\u00edzkych, ktor\u00ed n\u00e1s v tomto roku nav\u017edy opustili! \u010c\u00edm je \u010dlovek star\u0161\u00ed, t\u00fdm viac bolestne pr\u00e1zdnych miest okolo seba m\u00e1.<br \/>\nV mnoh\u00fdch \u013eu\u010foch vzbudzuje toto obdobie v\u0161eobecnej radosti sk\u00f4r obavy, preto\u017ee o to viac poci\u0165uj\u00fa svoj vlastn\u00fd sm\u00fatok. D\u00e1 sa sm\u00fatok a sklamanie, ktor\u00e9 n\u00e1s m\u00f4\u017eu cez sviatky \u010daka\u0165, aspo\u0148 trochu zmierni\u0165? Viano\u010dn\u00e9 sviatky n\u00e1m pripom\u00ednaj\u00fa hlavne to, \u017ee je ove\u013ea radostnej\u0161ie d\u00e1va\u0165 ako bra\u0165, a preto si zasl\u00fa\u017eia ve\u013ek\u00fd obdiv t\u00ed, ktor\u00ed napriek v\u0161etk\u00e9mu dok\u00e1\u017eu zabudn\u00fa\u0165 na svoje tr\u00e1penie, sm\u00fatok a \u0165a\u017ekosti a zdie\u013ea\u0165 rados\u0165 s druh\u00fdmi. Apo\u0161tol Pavol hovor\u00ed: \u201ePla\u010dte s pla\u010d\u00facimi,\u201c a hne\u010f dod\u00e1va: \u201eRadujte sa s raduj\u00facimi.\u201c Najlep\u0161ie je t\u00fdm, ktor\u00ed maj\u00fa vn\u00edmav\u00e9 a s\u00facitn\u00e9 srdce, ktor\u00ed z\u00e1vis\u0165 \u2013 vlastnos\u0165 tak\u00fa \u013eudsk\u00fa a pochopite\u013en\u00fa \u2013 dok\u00e1\u017eu odsun\u00fa\u0165 bokom. Tak\u00ed \u013eudia, ktor\u00ed zabudn\u00fa sami na seba, sa potom m\u00f4\u017eu otvori\u0165 radosti, ktor\u00fa pre\u017e\u00edvaj\u00fa t\u00ed druh\u00ed.<br \/>\nZdie\u013ea\u0165 rados\u0165 s druh\u00fdmi a zab\u00fada\u0165 na svoje tr\u00e1penie \u2013 nie je to jeden z najkraj\u0161\u00edch prejavov kres\u0165anskej l\u00e1sky? Napodob\u0148ujeme tak nebesk\u00e9ho Otca, ktor\u00fd sa te\u0161il nad svoj\u00edm Synom, die\u0165atkom le\u017eiacim na sene, ktor\u00e9mu pon\u00fakli cudz\u00ed \u013eudia ako pr\u00edstre\u0161ok len \u00faboh\u00fa ma\u0161ta\u013e. Niekomu sa m\u00f4\u017ee zda\u0165, \u017ee zabudn\u00fa\u0165 na vlastn\u00fa boles\u0165 je nedosiahnute\u013en\u00e9 hrdinstvo, nedok\u00e1\u017ee sa skuto\u010dne radova\u0165. M\u00f4\u017ee sa o to v\u0161ak aspo\u0148 pok\u00fasi\u0165. A ke\u010f sa bude usilova\u0165 z \u00faprimn\u00e9ho srdca, ur\u010dite sa mu to aj podar\u00ed a tieto Vianoce pre\u017eije bohat\u00fd \u2013 v pokoji a radosti.<\/p>\n","protected":false},"excerpt":{"rendered":"<p>\u010caro Vianoc nespo\u010d\u00edva ani tak v roz\u017eiaren\u00fdch v\u00fdkladoch a predviano\u010dnej n\u00e1kupnej hor\u00fa\u010dke, ako v tom, \u017ee sa z\u00edde cel\u00e1 rodina. Mus\u00ed sa rozlo\u017ei\u0165 jed\u00e1lensk\u00fd st\u00f4l, aby sa okolo neho zmestili aj prarodi\u010dia a v\u0161etky deti, a niekedy aj bl\u00edzki priatelia alebo osamel\u00fd sused<\/p>\n","protected":false},"author":2,"featured_media":0,"comment_status":"closed","ping_status":"open","sticky":false,"template":"","format":"standard","meta":[],"categories":[4],"tags":[],"_links":{"self":[{"href":"https:\/\/btm.sk\/WP\/wp-json\/wp\/v2\/posts\/1833"}],"collection":[{"href":"https:\/\/btm.sk\/WP\/wp-json\/wp\/v2\/posts"}],"about":[{"href":"https:\/\/btm.sk\/WP\/wp-json\/wp\/v2\/types\/post"}],"author":[{"embeddable":true,"href":"https:\/\/btm.sk\/WP\/wp-json\/wp\/v2\/users\/2"}],"replies":[{"embeddable":true,"href":"https:\/\/btm.sk\/WP\/wp-json\/wp\/v2\/comments?post=1833"}],"version-history":[{"count":1,"href":"https:\/\/btm.sk\/WP\/wp-json\/wp\/v2\/posts\/1833\/revisions"}],"predecessor-version":[{"id":2134,"href":"https:\/\/btm.sk\/WP\/wp-json\/wp\/v2\/posts\/1833\/revisions\/2134"}],"wp:attachment":[{"href":"https:\/\/btm.sk\/WP\/wp-json\/wp\/v2\/media?parent=1833"}],"wp:term":[{"taxonomy":"category","embeddable":true,"href":"https:\/\/btm.sk\/WP\/wp-json\/wp\/v2\/categories?post=1833"},{"taxonomy":"post_tag","embeddable":true,"href":"https:\/\/btm.sk\/WP\/wp-json\/wp\/v2\/tags?post=1833"}],"curies":[{"name":"wp","href":"https:\/\/api.w.org\/{rel}","templated":true}]}}