{"id":1832,"date":"2013-11-12T14:08:21","date_gmt":"2013-11-12T13:08:21","guid":{"rendered":"http:\/\/btm.sk\/WP\/2013\/11\/12\/niektori-ludia-nechcu-slavit-vianoce\/"},"modified":"2018-05-17T22:27:28","modified_gmt":"2018-05-17T20:27:28","slug":"niektori-ludia-nechcu-slavit-vianoce","status":"publish","type":"post","link":"https:\/\/btm.sk\/WP\/2013\/11\/12\/niektori-ludia-nechcu-slavit-vianoce\/","title":{"rendered":"NIEKTOR\u00cd \u013dUDIA NECHC\u00da SL\u00c1VI\u0164 VIANOCE"},"content":{"rendered":"<p><span class=\"text\">Niekedy m\u00e1m pocit, \u017ee sme si predviano\u010dn\u00fd zhon zvykli vn\u00edma\u0165 ako ak\u00e9si v\u00fdkupn\u00e9 za vidinu viano\u010dnej pohody.<\/span><br \/>\n<!--more--><br \/>\nMo\u017eno sa spr\u00e1vame ako nejak\u00ed herci, ktor\u00ed v\u0161etko usilovne pripravuj\u00fa a nacvi\u010duj\u00fa na vyt\u00fa\u017een\u00fa premi\u00e9ru. E\u0161te treba zariadi\u0165, urobi\u0165 to \u010di ono a ako posledn\u00fd bod bude spr\u00e1vne sa naladi\u0165 hoci nejakou tou koledou, a potom u\u017e len \u010daka\u0165, \u017ee v\u0161etko klapne. M\u00e1me predsa o t\u00fdchto sviatkoch celkom presn\u00fa predstavu. Len\u017ee niekedy sa m\u00f4\u017ee sta\u0165, \u017ee realita je dos\u0165 in\u00e1 ako n\u00e1\u0161 dokonal\u00fd scen\u00e1r&#8230;<br \/>\nA, naopak, niektor\u00ed \u013eudia rad\u0161ej ani Vianoce sl\u00e1vi\u0165 nechc\u00fa. D\u00f4vody m\u00f4\u017eu by\u0165 od t\u00fdch malichern\u00fdch a\u017e po skuto\u010dne v\u00e1\u017ene \u2013 strata milovanej osoby, neistota prameniaca z choroby, z \u0165a\u017eivej soci\u00e1lnej \u010di ekonomickej situ\u00e1cie, zl\u00e9 spomienky at\u010f. Mo\u017eno by pomohlo znova sa pozrie\u0165 do betlehemsk\u00fdch jasl\u00ed a nepo\u010d\u00fava\u0165 pritom \u013e\u00fabezn\u00e9 viano\u010dn\u00e9 koledy, ale hlb\u0161ie sa zamyslie\u0165 nad star\u00fdm viano\u010dn\u00fdm pr\u00edbehom.<br \/>\nOslavujeme narodenie die\u0165a\u0165a, ktor\u00e9ho pr\u00edchod na svet, a hlavne jeho \u010fal\u0161\u00ed \u017eivot, nem\u00e1 s naivnou idylkou rozhodne ni\u010d spolo\u010dn\u00e9. Narodil sa v podstate ako bezdomovec v \u00fabohej ma\u0161tali, u\u017e onedlho s n\u00edm rodi\u010dia utekaj\u00fa do cudzej krajiny, preto\u017ee mu ide o \u017eivot, v dospelosti za\u017eije \u017eia\u013e nad stratou priate\u013ea, nepochopenie zo strany pr\u00edbuzn\u00fdch, v rozhoduj\u00facej chv\u00edli zradu a opustenie od najbli\u017e\u0161\u00edch, posmech davu, ktor\u00fd ho e\u0161te predned\u00e1vnom chcel vyhl\u00e1si\u0165 za kr\u00e1\u013ea, a nakoniec potupn\u00fa smr\u0165 na kr\u00ed\u017ei len preto, \u017ee p\u00e1r \u013eu\u010fom nab\u00faral ich n\u00e1bo\u017eensk\u00e9 predstavy.<br \/>\nOslavujeme narodenie die\u0165a\u0165a, ktor\u00e9 z \u013eudsk\u00e9ho h\u013eadiska bude ma\u0165 dokonale zbabran\u00fd \u017eivot. A predsa \u2013 cel\u00fdm jeho \u017eivotom sa tiahne ako \u010derven\u00e1 ni\u0165 posolstvo nekone\u010dnej l\u00e1sky a odpustenia, posolstvo o tom, \u017ee Boh miluje \u010dloveka a zostupuje k nemu na zem.<\/p>\n","protected":false},"excerpt":{"rendered":"<p>Niekedy m\u00e1m pocit, \u017ee sme si predviano\u010dn\u00fd zhon zvykli vn\u00edma\u0165 ako ak\u00e9si v\u00fdkupn\u00e9 za vidinu viano\u010dnej pohody.<\/p>\n","protected":false},"author":2,"featured_media":0,"comment_status":"closed","ping_status":"open","sticky":false,"template":"","format":"standard","meta":[],"categories":[4],"tags":[],"_links":{"self":[{"href":"https:\/\/btm.sk\/WP\/wp-json\/wp\/v2\/posts\/1832"}],"collection":[{"href":"https:\/\/btm.sk\/WP\/wp-json\/wp\/v2\/posts"}],"about":[{"href":"https:\/\/btm.sk\/WP\/wp-json\/wp\/v2\/types\/post"}],"author":[{"embeddable":true,"href":"https:\/\/btm.sk\/WP\/wp-json\/wp\/v2\/users\/2"}],"replies":[{"embeddable":true,"href":"https:\/\/btm.sk\/WP\/wp-json\/wp\/v2\/comments?post=1832"}],"version-history":[{"count":1,"href":"https:\/\/btm.sk\/WP\/wp-json\/wp\/v2\/posts\/1832\/revisions"}],"predecessor-version":[{"id":2135,"href":"https:\/\/btm.sk\/WP\/wp-json\/wp\/v2\/posts\/1832\/revisions\/2135"}],"wp:attachment":[{"href":"https:\/\/btm.sk\/WP\/wp-json\/wp\/v2\/media?parent=1832"}],"wp:term":[{"taxonomy":"category","embeddable":true,"href":"https:\/\/btm.sk\/WP\/wp-json\/wp\/v2\/categories?post=1832"},{"taxonomy":"post_tag","embeddable":true,"href":"https:\/\/btm.sk\/WP\/wp-json\/wp\/v2\/tags?post=1832"}],"curies":[{"name":"wp","href":"https:\/\/api.w.org\/{rel}","templated":true}]}}