{"id":1831,"date":"2013-10-03T19:04:56","date_gmt":"2013-10-03T17:04:56","guid":{"rendered":"http:\/\/btm.sk\/WP\/2013\/10\/03\/jesen-je-krasna-smutna-radostna\/"},"modified":"2018-05-17T22:27:40","modified_gmt":"2018-05-17T20:27:40","slug":"jesen-je-krasna-smutna-radostna","status":"publish","type":"post","link":"https:\/\/btm.sk\/WP\/2013\/10\/03\/jesen-je-krasna-smutna-radostna\/","title":{"rendered":"JESE\u0147&#8230; JE KR\u00c1SNA? SMUTN\u00c1? RADOSTN\u00c1?"},"content":{"rendered":"<p><span class=\"text\">Pre toho, kto miluje teplo, slnko a svetlo, m\u00f4\u017ee by\u0165 jese\u0148 so svojimi hmlami a skor\u00fdm s\u00famrakom zdrojom clivej n\u00e1lady. Naopak, pre starostliv\u00e9ho z\u00e1hradk\u00e1ra je radostn\u00fdm obdob\u00edm zbierania \u00farody a uspokojenia z v\u00fdsledkov nieko\u013eko mesa\u010dnej n\u00e1mahy. Milovn\u00edci ly\u017eovania zase netrpezlivo o\u010dak\u00e1vaj\u00fa prv\u00fd sneh. A existuje e\u0161te in\u00fd uhol poh\u013eadu. Pre t\u00fdch z n\u00e1s, ktor\u00ed maj\u00fa u\u017e d\u00e1vno za sebou &#8222;stretnutie s Abrah\u00e1mom&#8220;, je jese\u0148 v pr\u00edrode aj pripomienkou jesene \u017eivota. A spomienky na v\u0161etk\u00fdch na\u0161ich mil\u00fdch zomrel\u00fdch n\u00e1m ju taktie\u017e pripom\u00ednaj\u00fa.<\/span><br \/>\n<!--more--><br \/>\nAle \u010di sa \u010dlovek na jese\u0148 svojho \u017eivota skuto\u010dne te\u0161\u00ed? Ako ju pre\u017e\u00edva? Je pre\u0148ho smutn\u00fdm obzeran\u00edm sa za obdob\u00edm mladosti, za \u010dasom ve\u013ek\u00fdch pl\u00e1nov a dostatku s\u00edl? Alebo je to \u010das pokoja a radostn\u00e9ho zbierania \u201eovocia\u201c? Pre mnoh\u00fdch \u013eud\u00ed s\u00fa to dni, ktor\u00fdch realitu v\u00f4bec nechc\u00fa bra\u0165 na vedomie&#8230;<\/p>\n<p>Pamiatka zosnul\u00fdch a na\u0161e cesty na cintor\u00edn n\u00e1m pripom\u00ednaj\u00fa, \u017ee n\u00e1\u0161 pozemsk\u00fd \u017eivot je naozaj kone\u010dn\u00fd. Av\u0161ak spomienky na t\u00fdch, ktor\u00ed u\u017e z tohto \u017eivota odi\u0161li, n\u00e1m m\u00f4\u017eu pom\u00f4c\u0165 zmieri\u0165 sa s touto kone\u010dnos\u0165ou. A\u017e poh\u013ead na celok \u017eivota n\u00e1m ukazuje, ak\u00fa cenu \u017eivot vlastne m\u00e1. \u017de ovocie \u017eivota nie je zanedbate\u013en\u00e9. A \u017ee toho ve\u013ea odovzd\u00e1va \u010fal\u0161\u00edm gener\u00e1ci\u00e1m.<\/p>\n<p>V pr\u00edrode prich\u00e1dza s nemennou pravidelnos\u0165ou ka\u017ed\u00fd rok po jeseni op\u00e4\u0165 zima a po nej jar. Po smrti \u010dloveka sa v\u0161ak otv\u00e1ra mo\u017enos\u0165 pln\u00e9ho \u017eivota s Bohom, je to vy\u00fastenie na\u0161ej pozemskej cesty. A tak sa trochu zamyslime a poobzerajme sa okolo seba \u2013 vn\u00edmajme pln\u0161ie t\u00fa farebn\u00fa kr\u00e1su so \u017elt\u00fdmi a \u010derven\u00fdmi listami, zrel\u00fdmi jablkami, sladk\u00fdm hroznom a chutn\u00fdmi orechmi. A vezmime jese\u0148, aj ke\u010f sa n\u00e1m \u00faplne nep\u00e1\u010di \u2013 svojimi hmlami, chladom \u010di p\u013eu\u0161\u0165ami \u2013, predsa len na milos\u0165. A vezmime na milos\u0165 aj na\u0161u osobn\u00fa jese\u0148 \u017eivota a pre\u017eime ju ako obdobie \u017eivotnej \u017eatvy, radosti a v\u010fa\u010dnosti. Je to pre n\u00e1s neopakovate\u013en\u00fd \u010das vyzera\u0165 cie\u013e na\u0161ej cesty a vn\u00edma\u0165 miesto, kde n\u00e1s \u010dak\u00e1 Boh. (Ale\u0161 Opatrn\u00fd, upr.)<\/p>\n","protected":false},"excerpt":{"rendered":"<p>Pre toho, kto miluje teplo, slnko a svetlo, m\u00f4\u017ee by\u0165 jese\u0148 so svojimi hmlami a skor\u00fdm s\u00famrakom zdrojom clivej n\u00e1lady. Naopak, pre starostliv\u00e9ho z\u00e1hradk\u00e1ra je radostn\u00fdm obdob\u00edm zbierania \u00farody a uspokojenia z v\u00fdsledkov nieko\u013eko mesa\u010dnej n\u00e1mahy. Milovn\u00edci ly\u017eovania zase netrpezlivo o\u010dak\u00e1vaj\u00fa prv\u00fd sneh. A existuje e\u0161te in\u00fd uhol poh\u013eadu. Pre t\u00fdch z n\u00e1s, ktor\u00ed maj\u00fa [&hellip;]<\/p>\n","protected":false},"author":2,"featured_media":0,"comment_status":"closed","ping_status":"open","sticky":false,"template":"","format":"standard","meta":[],"categories":[9],"tags":[],"_links":{"self":[{"href":"https:\/\/btm.sk\/WP\/wp-json\/wp\/v2\/posts\/1831"}],"collection":[{"href":"https:\/\/btm.sk\/WP\/wp-json\/wp\/v2\/posts"}],"about":[{"href":"https:\/\/btm.sk\/WP\/wp-json\/wp\/v2\/types\/post"}],"author":[{"embeddable":true,"href":"https:\/\/btm.sk\/WP\/wp-json\/wp\/v2\/users\/2"}],"replies":[{"embeddable":true,"href":"https:\/\/btm.sk\/WP\/wp-json\/wp\/v2\/comments?post=1831"}],"version-history":[{"count":1,"href":"https:\/\/btm.sk\/WP\/wp-json\/wp\/v2\/posts\/1831\/revisions"}],"predecessor-version":[{"id":2136,"href":"https:\/\/btm.sk\/WP\/wp-json\/wp\/v2\/posts\/1831\/revisions\/2136"}],"wp:attachment":[{"href":"https:\/\/btm.sk\/WP\/wp-json\/wp\/v2\/media?parent=1831"}],"wp:term":[{"taxonomy":"category","embeddable":true,"href":"https:\/\/btm.sk\/WP\/wp-json\/wp\/v2\/categories?post=1831"},{"taxonomy":"post_tag","embeddable":true,"href":"https:\/\/btm.sk\/WP\/wp-json\/wp\/v2\/tags?post=1831"}],"curies":[{"name":"wp","href":"https:\/\/api.w.org\/{rel}","templated":true}]}}