{"id":1822,"date":"2013-06-05T07:52:18","date_gmt":"2013-06-05T05:52:18","guid":{"rendered":"http:\/\/btm.sk\/WP\/2013\/06\/05\/cesko-slovenske-evanjelicke-slavnosti-konstantina-a-metoda\/"},"modified":"2018-05-17T22:29:53","modified_gmt":"2018-05-17T20:29:53","slug":"cesko-slovenske-evanjelicke-slavnosti-konstantina-a-metoda","status":"publish","type":"post","link":"https:\/\/btm.sk\/WP\/2013\/06\/05\/cesko-slovenske-evanjelicke-slavnosti-konstantina-a-metoda\/","title":{"rendered":"\u010cESKO-SLOVENSK\u00c9 EVANJELICK\u00c9 SL\u00c1VNOSTI KON\u0160TANT\u00cdNA A METODA"},"content":{"rendered":"<p><span class=\"text\">Predstavitelia ECAV na Slovensku po dohode s \u010ceskobratskou cirkvou evanjelickou v \u010cR, Sliezskou evanjelickou cirkvou a. v. a Evanjelickou cirkvou a. v. v \u010cR schv\u00e1lili usporiadanie spolo\u010dn\u00fdch \u010desko-slovensk\u00fdch osl\u00e1v pri pr\u00edle\u017eitosti 1150. v\u00fdro\u010dia pr\u00edchodu Kon\u0161tant\u00edna a Metoda na na\u0161e \u00fazemie na hrade Bran\u010d.<\/span><br \/>\n<!--more--><br \/>\nNa t\u00fato sl\u00e1vnos\u0165 boli pozvan\u00ed aj veriaci z \u010fal\u0161\u00edch cirkv\u00ed zdru\u017een\u00fdch v Ekumenickej rade cirkv\u00ed SR. Sl\u00e1vnosti na Bran\u010di, kde sa veriaci ECAV u\u017e tradi\u010dne na sviatok Cyrila a Metoda stret\u00e1vaj\u00fa, aby si pripomenuli v\u00fdro\u010die pr\u00edchodu vierozvestcov Cyrila a Metoda na na\u0161e \u00fazemie, ale aj up\u00e1lenie Majstra Jana Husa a utrpenie mart\u00fdrov v\u00e4znen\u00fdch na tomto mieste pre vieru, sa v tomto roku stan\u00fa sl\u00e1vnos\u0165ami \u010desko-slovensk\u00fdmi a ekumenick\u00fdmi. <\/p>\n<p>Program:<br \/>\n4. 7. 2013 (\u0161tvrtok) o 18.00: Stretnutie ml\u00e1de\u017ee na Bran\u010di<br \/>\n5. 7. 2013 (piatok) o 10.00: Bran\u010d &#8211; slu\u017eby Bo\u017eie; kazate\u013e Milo\u0161 Kl\u00e1tik a od 14.30: Podbran\u010d: open air \u2013 program duchovn\u00e9ho slova a hudby<\/p>\n<p>Zr\u00facanina hradu Bran\u010d le\u017e\u00ed na kopci Myjavskej pahorkatiny nad Podz\u00e1mkom \u2013 miestnou \u010das\u0165ou obce Podbran\u010d. Hrad dal postavi\u0165 magister Aba z Hlohovca medzi rokmi 1251 \u2013 1297. V \u010fal\u0161\u00edch rokoch sa na hrade vystriedalo vy\u0161e 40 majite\u013eov. V roku 1309 hrad z\u00edskal Mat\u00fa\u0161 \u010cak Tren\u010diansky, kr\u00e1tko ho vlastnil aj \u010desk\u00fd kr\u00e1\u013e Jan Luxembursk\u00fd, v roku 1394 \u017digmund Luxembursk\u00fd. V obdob\u00ed tureck\u00fdch vojen sl\u00fa\u017eil ako \u00fato\u010disko okolit\u00e9mu obyvate\u013estvu. V rokoch 1674 \u2013 1675 bol prechodnou v\u00e4znicou reformovan\u00fdch a evanjelick\u00fdch k\u0148azov, ktor\u00ed boli ods\u00faden\u00ed bratislavsk\u00fdm s\u00fadom na galeje. T\u00fato udalos\u0165 pripom\u00edna pam\u00e4tn\u00edk, ale aj ka\u017edoro\u010dn\u00e9 slu\u017eby Bo\u017eie na hrade. Z hradu Bran\u010d je mo\u017enos\u0165 uskuto\u010dni\u0165 turistick\u00e9 v\u00fdlety na Bradlo, kde je mohyla gener\u00e1la Milana Rastislava \u0160tef\u00e1nika.<br \/>\nHrad le\u017e\u00ed ne\u010faleko slovensko-moravsk\u00e9ho pomedzia. Od Hodon\u00edna je vzdialen\u00fd 33 kilometrov a odtia\u013e sa cez Hol\u00ed\u010d na Podz\u00e1mok d\u00e1 dosta\u0165 autom alebo autobusom cestou \u010d. 51 za cca 30 min\u00fat. Zo slovenskej strany od Nov\u00e9ho Mesta nad V\u00e1hom je hrad vzdialen\u00fd cca 40 kilometrov a dostanete sa tam cez Star\u00fa Tur\u00fa a Myjavu autom za necel\u00fa \u00be hodinu.<br \/>\nNezabudnite si term\u00edn tohto podujatia pozna\u010di\u0165 do svojho di\u00e1ra a zaradi\u0165 ho do svojho pl\u00e1nu letn\u00fdch aktiv\u00edt. Viac info na www.ecav.sk.<\/p>\n","protected":false},"excerpt":{"rendered":"<p>Predstavitelia ECAV na Slovensku po dohode s \u010ceskobratskou cirkvou evanjelickou v \u010cR, Sliezskou evanjelickou cirkvou a. v. a Evanjelickou cirkvou a. v. v \u010cR schv\u00e1lili usporiadanie spolo\u010dn\u00fdch \u010desko-slovensk\u00fdch osl\u00e1v pri pr\u00edle\u017eitosti 1150. v\u00fdro\u010dia pr\u00edchodu Kon\u0161tant\u00edna a Metoda na na\u0161e \u00fazemie na hrade Bran\u010d.<\/p>\n","protected":false},"author":2,"featured_media":0,"comment_status":"closed","ping_status":"open","sticky":false,"template":"","format":"standard","meta":[],"categories":[6],"tags":[],"_links":{"self":[{"href":"https:\/\/btm.sk\/WP\/wp-json\/wp\/v2\/posts\/1822"}],"collection":[{"href":"https:\/\/btm.sk\/WP\/wp-json\/wp\/v2\/posts"}],"about":[{"href":"https:\/\/btm.sk\/WP\/wp-json\/wp\/v2\/types\/post"}],"author":[{"embeddable":true,"href":"https:\/\/btm.sk\/WP\/wp-json\/wp\/v2\/users\/2"}],"replies":[{"embeddable":true,"href":"https:\/\/btm.sk\/WP\/wp-json\/wp\/v2\/comments?post=1822"}],"version-history":[{"count":1,"href":"https:\/\/btm.sk\/WP\/wp-json\/wp\/v2\/posts\/1822\/revisions"}],"predecessor-version":[{"id":2144,"href":"https:\/\/btm.sk\/WP\/wp-json\/wp\/v2\/posts\/1822\/revisions\/2144"}],"wp:attachment":[{"href":"https:\/\/btm.sk\/WP\/wp-json\/wp\/v2\/media?parent=1822"}],"wp:term":[{"taxonomy":"category","embeddable":true,"href":"https:\/\/btm.sk\/WP\/wp-json\/wp\/v2\/categories?post=1822"},{"taxonomy":"post_tag","embeddable":true,"href":"https:\/\/btm.sk\/WP\/wp-json\/wp\/v2\/tags?post=1822"}],"curies":[{"name":"wp","href":"https:\/\/api.w.org\/{rel}","templated":true}]}}