{"id":1818,"date":"2013-04-16T22:20:03","date_gmt":"2013-04-16T20:20:03","guid":{"rendered":"http:\/\/btm.sk\/WP\/2013\/04\/16\/prezivajme-boziu-blizkost-kazdy-den\/"},"modified":"2018-05-17T22:32:16","modified_gmt":"2018-05-17T20:32:16","slug":"prezivajme-boziu-blizkost-kazdy-den","status":"publish","type":"post","link":"https:\/\/btm.sk\/WP\/2013\/04\/16\/prezivajme-boziu-blizkost-kazdy-den\/","title":{"rendered":"PRE\u017d\u00cdVAJME BO\u017dIU BL\u00cdZKOS\u0164 KA\u017dD\u00dd DE\u0147"},"content":{"rendered":"<p><span class=\"text\">Tohtoro\u010dn\u00e1 zima sa akosi nechcela vzda\u0165 svojej vl\u00e1dy nad pr\u00edrodou. Neust\u00e1le sa n\u00e1m pripom\u00ednala a to nielen drobn\u00fdm poletovan\u00edm snehu. Dni sa s\u00edce pred\u013a\u017eili, ale v\u00edchrice a p\u013eu\u0161\u0165 sk\u00f4r evokovali jese\u0148 ako jar. Mnoh\u00ed z toho boli u\u017e deprimovan\u00ed. Napriek tomu sme v\u0161etci dobre vedeli, \u017ee jar ur\u010dite \u010doskoro pr\u00edde. \u0160tvoro ro\u010dn\u00fdch obdob\u00ed sa toti\u017e pravidelne strieda \u2013 pod\u013ea poriadku, ktor\u00fd dal pr\u00edrode s\u00e1m Boh, Stvorite\u013e. <\/span><br \/>\n<!--more--><br \/>\nAj v na\u0161om \u017eivote sa striedaj\u00fa r\u00f4zne obdobia: \u010das radosti a pla\u010du, \u010das sm\u00fatku, bojov a zase pokoja. Ka\u017edoro\u010dn\u00e9 v\u00ed\u0165azstvo jari nad zimou n\u00e1m pripom\u00edna na\u0161e vlastn\u00e9 \u017eivotn\u00e9 z\u00e1pasy, prehry a v\u00ed\u0165azstv\u00e1. Z va\u0161ich listov vieme, \u017ee mnoh\u00ed z v\u00e1s ste pre\u017e\u00edvali krut\u00fa zimu pln\u00fa sk\u00fa\u0161ok. \u010eal\u0161\u00ed \u017eijete v ne\u013eahkom tieni jesene \u017eivota, ktor\u00fd prin\u00e1\u0161a pokro\u010dil\u00fd vek a v\u0161etky jeho prejavy. Av\u0161ak tak, ako slnko na jar prebud\u00ed pr\u00edrodu a zahlad\u00ed v\u0161etky zvy\u0161ky zimy, aj \u010dlovek m\u00e1 svoje \u201eSlnko\u201c \u2013 P\u00e1na Je\u017ei\u0161a, ktor\u00fd vie povzbudi\u0165, zahoji\u0165 rany a pou\u017ei\u0165 ka\u017ed\u00fa na\u0161u situ\u00e1ciu na nie\u010do dobr\u00e9.<br \/>\nSpom\u00ednam si na jednu z nich. Mala som vtedy osemn\u00e1s\u0165. Na obede v jed\u00e1lni som sa rozpr\u00e1vala s jednou pani, ktor\u00e1 si ku mne prisadla. Zrazu mi povedala: \u201eVy ale m\u00e1te pekn\u00fa ple\u0165, ako zamat!\u201c Na druh\u00fd de\u0148 som mala \u00faraz \u2013 obarila som si tv\u00e1r! E\u0161te po t\u00fd\u017edni som ju mala napuchnut\u00fa a h\u00fdriacu v\u0161etk\u00fdmi farbami. Ani som poriadne nevidela. Pre bolesti som nesp\u00e1vala. No nemohla som na ni\u010d myslie\u0165 ani sa modli\u0165. Ako to dok\u00e1zal P\u00e1n Je\u017ei\u0161 v tak\u00fdch bolestiach? Pozerala som sa na okno, jeho r\u00e1my tvoria kr\u00ed\u017e. Myslela som na to, \u010do v\u0161etko na \u0148om P\u00e1n Je\u017ei\u0161 ok\u00fasil za na\u0161e hriechy, aj za tie moje. A uvedomila som si, \u017ee hoci ja teraz nedok\u00e1\u017eem na\u0148ho myslie\u0165 tak, ako by som chcela, On na m\u0148a mysl\u00ed st\u00e1le. Ko\u013eko povzbudenia mi priniesla t\u00e1to sk\u00fa\u0161ka do in\u00fdch bojov v bud\u00facnosti!<br \/>\nOsobn\u00e1 viera vo v\u00ed\u0165aziaceho Krista zah\u00e1\u0148a strach a bezn\u00e1dej. Viera v Bo\u017eiu l\u00e1sku, to s\u00fa ruky, ktor\u00e9 prij\u00edmaj\u00fa pomoc a nov\u00e9 skuto\u010dnosti aj vo chv\u00ed\u013each, ke\u010f je \u010dlovek bezradn\u00fd. P\u00e1n Je\u017ei\u0161 je st\u00e1le rovnak\u00fd a rovnako bl\u00edzky ka\u017ed\u00e9mu \u2013 na vzdialenos\u0165 \u00faprimnej modlitby. A tak aj v\u00e1m v\u0161etk\u00fdm prajem pre\u017e\u00edva\u0165 d\u00f4kazy Bo\u017eej bl\u00edzkosti ka\u017ed\u00fd de\u0148. (Libu\u0161e Ran\u0161ov\u00e1)<\/p>\n<p>Menej s \u013eu\u010fmi, viac s\u00a0Bohom po\u010d\u00edtaj.<br \/>\nMenej vzdychaj, viac spievaj.<br \/>\nMenej k zemi, viac k\u00a0nebu sa d\u00edvaj.<br \/>\nMenej sa hnevaj, viac sa modli.<br \/>\nMenej hovor o l\u00e1ske, viac miluj.<br \/>\nMenej vy\u010d\u00edtaj, viac povzbudzuj.<br \/>\nMenej s\u013eubuj, viac spl\u0148.<br \/>\nMenej nariekaj, viac Bohu \u010fakuj.<br \/>\nMenej posudzuj, viac pote\u0161uj.<br \/>\nMenej sa roz\u010du\u013euj, viac odp\u00fa\u0161\u0165aj.<br \/>\nMenej ber, viac d\u00e1vaj.<br \/>\nMenej o teraj\u0161ie veci, viac o ve\u010dn\u00e9 bohatstvo sa staraj.<\/p>\n","protected":false},"excerpt":{"rendered":"<p>Tohtoro\u010dn\u00e1 zima sa akosi nechcela vzda\u0165 svojej vl\u00e1dy nad pr\u00edrodou. Neust\u00e1le sa n\u00e1m pripom\u00ednala a to nielen drobn\u00fdm poletovan\u00edm snehu. Dni sa s\u00edce pred\u013a\u017eili, ale v\u00edchrice a p\u013eu\u0161\u0165 sk\u00f4r evokovali jese\u0148 ako jar. Mnoh\u00ed z toho boli u\u017e deprimovan\u00ed. Napriek tomu sme v\u0161etci dobre vedeli, \u017ee jar ur\u010dite \u010doskoro pr\u00edde. \u0160tvoro ro\u010dn\u00fdch obdob\u00ed sa toti\u017e [&hellip;]<\/p>\n","protected":false},"author":2,"featured_media":0,"comment_status":"closed","ping_status":"open","sticky":false,"template":"","format":"standard","meta":[],"categories":[9],"tags":[],"_links":{"self":[{"href":"https:\/\/btm.sk\/WP\/wp-json\/wp\/v2\/posts\/1818"}],"collection":[{"href":"https:\/\/btm.sk\/WP\/wp-json\/wp\/v2\/posts"}],"about":[{"href":"https:\/\/btm.sk\/WP\/wp-json\/wp\/v2\/types\/post"}],"author":[{"embeddable":true,"href":"https:\/\/btm.sk\/WP\/wp-json\/wp\/v2\/users\/2"}],"replies":[{"embeddable":true,"href":"https:\/\/btm.sk\/WP\/wp-json\/wp\/v2\/comments?post=1818"}],"version-history":[{"count":1,"href":"https:\/\/btm.sk\/WP\/wp-json\/wp\/v2\/posts\/1818\/revisions"}],"predecessor-version":[{"id":2149,"href":"https:\/\/btm.sk\/WP\/wp-json\/wp\/v2\/posts\/1818\/revisions\/2149"}],"wp:attachment":[{"href":"https:\/\/btm.sk\/WP\/wp-json\/wp\/v2\/media?parent=1818"}],"wp:term":[{"taxonomy":"category","embeddable":true,"href":"https:\/\/btm.sk\/WP\/wp-json\/wp\/v2\/categories?post=1818"},{"taxonomy":"post_tag","embeddable":true,"href":"https:\/\/btm.sk\/WP\/wp-json\/wp\/v2\/tags?post=1818"}],"curies":[{"name":"wp","href":"https:\/\/api.w.org\/{rel}","templated":true}]}}