{"id":1815,"date":"2013-04-16T22:23:18","date_gmt":"2013-04-16T20:23:18","guid":{"rendered":"http:\/\/btm.sk\/WP\/2013\/04\/16\/den-matiek-2013\/"},"modified":"2018-05-17T22:32:02","modified_gmt":"2018-05-17T20:32:02","slug":"den-matiek-2013","status":"publish","type":"post","link":"https:\/\/btm.sk\/WP\/2013\/04\/16\/den-matiek-2013\/","title":{"rendered":"DE\u0147 MATIEK 2013"},"content":{"rendered":"<p><span class=\"text\">Tento sviatok sa u n\u00e1s oslavuje v\u017edy druh\u00fa m\u00e1jov\u00fa nede\u013eu, tento rok to bude 12. m\u00e1ja. Matk\u00e1m venovan\u00fd de\u0148 m\u00e1 by\u0165 ocenen\u00edm odvahy a obete materstva.<\/span><br \/>\n<!--more--><br \/>\nSviatku matiek je pova\u017eovan\u00e1 Anna Maria Jarvis, ktor\u00e1 pri druhom v\u00fdro\u010d\u00ed smrti svojej matky zorganizovala v baptistickom kostole v nede\u013eu 12. 5. 1907 stretnutie miestnych matiek. O rok ju po\u017eiadali, aby toto stretnutie zopakovala. Pre ve\u013ek\u00fd \u00faspech sa Anna Maria Jarvis rozhodla naplno venova\u0165 \u0161\u00edreniu tejto my\u0161lienky, a\u017e nakoniec v r. 1914 kongres USA vyhl\u00e1sil De\u0148 matiek za n\u00e1rodn\u00fd sviatok. Z USA sa potom tento sviatok roz\u0161\u00edril \u010falej. Celosvetovo v\u0161ak nie je d\u00e1tum sviatku jednotn\u00fd.<br \/>\nV Eur\u00f3pe sa uchytil po prvej svetovej vojne. V \u010ceskoslovensku sa De\u0148 matiek za\u010dal sl\u00e1vi\u0165 v r. 1923. V \u010dase komunistickej totality bol tento sviatok zatla\u010den\u00fd do pozadia oslavami MD\u017d, no v posledn\u00fdch rokoch sa op\u00e4\u0165 oslavuje verejne.<\/p>\n<p>V\u0161etk\u00fdm mami\u010dk\u00e1m \u010fakujeme za ich odvahu, l\u00e1sku, porozumenie a nasadenie, za ich ochotu by\u0165 v\u017edy k dispoz\u00edcii \u2013 vypo\u010du\u0165, pof\u00faka\u0165 a pohladka\u0165, za otvoren\u00fa n\u00e1ru\u010d a srdce, jednoducho za to, \u017ee s\u00fa. Prajeme im v\u0161etko dobr\u00e9, pln\u00fa l\u00faku kvetov, ne\u017en\u00e9 objatia drobn\u00fdch r\u00fa\u010dok i \u00factu a uznanie n\u00e1s dospel\u00fdch.<\/p>\n<p>Mil\u00e9 deti i dospel\u00ed, va\u0161a mami\u010dka i babi\u010dka m\u00e1 sviatok! A vy jej m\u00f4\u017eete urobi\u0165 nie\u010d\u00edm rados\u0165. Prem\u00fd\u0161\u013eajte s nami, \u010do by va\u0161ej mami\u010dke urobilo najv\u00e4\u010d\u0161iu rados\u0165. M\u00f4\u017eete jej k\u00fapi\u0165 kyti\u010dku kvetov, vyrobi\u0165 prianie \u010di nejak\u00fd pekn\u00fd dar\u010dek. Alebo si m\u00f4\u017eete vybra\u0165 z na\u0161ej bohatej ponuky kr\u00e1snych poh\u013eadn\u00edc, dar\u010dekov\u00fdch \u0161katuliek \u010di noviniek. Okrem toho v\u00e1m pon\u00fakame aj kr\u00e1sny mal\u00fd z\u00e1pisn\u00ed\u010dek na pozn\u00e1mky s biblick\u00fdmi ver\u0161\u00edkmi na ka\u017edom liste, ktor\u00fd n\u00e1jdete pod ozna\u010den\u00edm PL30.<\/p>\n","protected":false},"excerpt":{"rendered":"<p>Tento sviatok sa u n\u00e1s oslavuje v\u017edy druh\u00fa m\u00e1jov\u00fa nede\u013eu, tento rok to bude 12. m\u00e1ja. Matk\u00e1m venovan\u00fd de\u0148 m\u00e1 by\u0165 ocenen\u00edm odvahy a obete materstva.<\/p>\n","protected":false},"author":2,"featured_media":0,"comment_status":"closed","ping_status":"open","sticky":false,"template":"","format":"standard","meta":[],"categories":[11],"tags":[],"_links":{"self":[{"href":"https:\/\/btm.sk\/WP\/wp-json\/wp\/v2\/posts\/1815"}],"collection":[{"href":"https:\/\/btm.sk\/WP\/wp-json\/wp\/v2\/posts"}],"about":[{"href":"https:\/\/btm.sk\/WP\/wp-json\/wp\/v2\/types\/post"}],"author":[{"embeddable":true,"href":"https:\/\/btm.sk\/WP\/wp-json\/wp\/v2\/users\/2"}],"replies":[{"embeddable":true,"href":"https:\/\/btm.sk\/WP\/wp-json\/wp\/v2\/comments?post=1815"}],"version-history":[{"count":1,"href":"https:\/\/btm.sk\/WP\/wp-json\/wp\/v2\/posts\/1815\/revisions"}],"predecessor-version":[{"id":2148,"href":"https:\/\/btm.sk\/WP\/wp-json\/wp\/v2\/posts\/1815\/revisions\/2148"}],"wp:attachment":[{"href":"https:\/\/btm.sk\/WP\/wp-json\/wp\/v2\/media?parent=1815"}],"wp:term":[{"taxonomy":"category","embeddable":true,"href":"https:\/\/btm.sk\/WP\/wp-json\/wp\/v2\/categories?post=1815"},{"taxonomy":"post_tag","embeddable":true,"href":"https:\/\/btm.sk\/WP\/wp-json\/wp\/v2\/tags?post=1815"}],"curies":[{"name":"wp","href":"https:\/\/api.w.org\/{rel}","templated":true}]}}