{"id":1811,"date":"2013-03-07T22:41:53","date_gmt":"2013-03-07T21:41:53","guid":{"rendered":"http:\/\/btm.sk\/WP\/2013\/03\/07\/koniec-sveta-a-biblia\/"},"modified":"2018-05-17T22:33:49","modified_gmt":"2018-05-17T20:33:49","slug":"koniec-sveta-a-biblia","status":"publish","type":"post","link":"https:\/\/btm.sk\/WP\/2013\/03\/07\/koniec-sveta-a-biblia\/","title":{"rendered":"KONIEC SVETA A BIBLIA"},"content":{"rendered":"<p><span class=\"text\">Je\u017ei\u0161 povedal svojim u\u010den\u00edkom: V tie dni, po onom s\u00fa\u017een\u00ed, slnko sa zatmie, mesiac nevyd\u00e1 svetlo, hviezdy bud\u00fa pada\u0165 z neba a nebesk\u00e9 moci sa pohybova\u0165. Vtedy uzr\u00fa Syna \u010dloveka prich\u00e1dza\u0165 na oblakoch s mocou a sl\u00e1vou ve\u013ekou. A vtedy po\u0161le anjelov a zhroma\u017ed\u00ed svojich vyvolen\u00fdch zo \u0161tyroch str\u00e1n sveta, od konca zeme a\u017e po koniec neba.  (Marek 13,24-27)<\/span><br \/>\n<!--more--><br \/>\nLebo jedinou obe\u0165ou nav\u017edy zdokonalil t\u00fdch, \u010do sa daj\u00fa posv\u00e4ti\u0165&#8230; kde s\u00fa hriechy odpusten\u00e9, niet u\u017e viac obet\u00ed za hriechy. (\u017didom 10, 14 a 18)<\/p>\n<p>Vari n\u00e1s chce stra\u0161i\u0165 aj Biblia, ke\u010f opisuje hr\u00f4zy, ktor\u00e9 nastan\u00fa? Nie! Za t\u00fdm v\u0161etk\u00fdm sa, naopak, skr\u00fdva a vy\u017earuje ve\u013ek\u00fd optimizmus a smel\u00e1 viera, \u017ee nakoniec nad v\u0161etk\u00fdm zv\u00ed\u0165az\u00ed a bude vl\u00e1dnu\u0165 Boh. Nie mocn\u00ed sveta, ktor\u00ed si privlast\u0148uj\u00fa pr\u00e1vo rozhodova\u0165 a zotro\u010dova\u0165 in\u00fdch, ale Hospodin. Treba splni\u0165 nejak\u00fa podmienku, aby sme sa zachr\u00e1nili? \u017diadnu. Kristus n\u00e1s svojou obe\u0165ou u\u017e zachr\u00e1nil, teraz ide len o to, aby sme sa my nechali zachr\u00e1ni\u0165 a boli Jeho.<\/p>\n<p>\u0160pekul\u00e1cie o konci sveta tu boli v\u017edy. Je to pomerne \u010dast\u00e1 vec, ak\u00e1si m\u00f3da v r\u00f4znych typoch m\u00e9di\u00ed i v spolo\u010dnostiach, no s biblickou realitou m\u00e1 ve\u013emi m\u00e1lo spolo\u010dn\u00e9, hoci sa t\u00edto \u0161pekulanti \u010dasto pr\u00e1ve na Bibliu odvol\u00e1vaj\u00fa. V P\u00edsme je v\u0161ak jasne nap\u00edsan\u00e9, \u017ee o tom dni a o hodine nevie nikto, ani nebesk\u00ed anjeli, ani Syn, ale jedine Otec (Mat\u00fa\u0161 24,36). Bolo by teda dos\u0165 zvl\u00e1\u0161tne, keby o tomto dni vedel niekto viac ako Bo\u017e\u00ed Syn. <\/p>\n<p>S\u00fakromn\u00fdch a \u010dasto aj protichodn\u00fdch zjaven\u00ed existuje taktie\u017e ve\u013emi ve\u013ea. Mnoh\u00e9 zjavenia a v\u00fdzvy, hoci sa tv\u00e1ria ve\u013emi kres\u0165ansky, treba v\u017edy podriadi\u0165 kritick\u00e9mu sk\u00famaniu a porovn\u00e1vaniu s P\u00edsmom. \u010casto s\u00fa toti\u017e produktom \u00fazkostliv\u00fdch a hyper citliv\u00fdch \u013eud\u00ed. Okrem toho, to najv\u00e4\u010d\u0161ie Zjavenie u\u017e predsa bolo a ako Telo tu pred vy\u0161e 2000 rokmi \u017eilo medzi nami \u2013 mysl\u00edm t\u00fdm P\u00e1na Je\u017ei\u0161a Krista. K Jeho slovu netreba u\u017e prid\u00e1va\u0165 \u017eiadne \u010fal\u0161ie zjavenia. <\/p>\n<p>Niekomu sa m\u00f4\u017ee zda\u0165, \u017ee Bo\u017eie slovo vyzer\u00e1 v porovnan\u00ed s tak\u00fdmito thrillermi \u010di dokonca horormi akosi nudne, nedramaticky alebo nedostato\u010dne bulv\u00e1rne a atrakt\u00edvne. Otvorme si v\u0161ak P\u00edsmo. Tu toti\u017e n\u00e1jdeme uistenie o Bo\u017eej l\u00e1ske, ktor\u00e1 sa nemen\u00ed. Je\u017ei\u0161 n\u00e1m hovor\u00ed: Nech sa nechveje va\u0161e srdce! A predt\u00fdm: Pokoj v\u00e1m zanech\u00e1vam, svoj pokoj v\u00e1m d\u00e1vam (J\u00e1n 14,27). To je na\u0161e bezpe\u010die, istota a rados\u0165. \u017diadny strach z bud\u00facich dn\u00ed tu nem\u00e1 miesto! <\/p>\n<p>P\u00e1n Je\u017ei\u0161 v P\u00edsme realisticky hovor\u00ed o konci sveta, ale n\u00e1s t\u00fdm neznepokojuje, naopak, vyz\u00fdva n\u00e1s k bdelosti. \u010co to znamen\u00e1? Mysl\u00edm si, \u017ee to znamen\u00e1 \u017ei\u0165 verne n\u00e1\u0161 ka\u017edodenn\u00fd kres\u0165ansk\u00fd \u017eivot a venova\u0165 sa povinnostiam a svojmu poslaniu. V podobnej situ\u00e1cii napr. napom\u00edna apo\u0161tol Pavol kres\u0165anov, ktor\u00ed si mysleli, \u017ee nast\u00e1va de\u0148 P\u00e1nov. Ke\u010f sa prestali stara\u0165 o svoje ka\u017edodenn\u00e9 z\u00e1le\u017eitosti v domnen\u00ed, \u017ee to u\u017e netreba, preto\u017ee \u010doskoro bude koniec sveta, povedal im: Prikazujeme v\u00e1m, bratia, v mene P\u00e1na Je\u017ei\u0161a Krista: Str\u00e1\u0148te sa ka\u017ed\u00e9ho brata, ktor\u00fd \u017eije neporiadne, a nie pod\u013ea podania, ktor\u00e9 ste prijali od n\u00e1s&#8230; Po\u010d\u00favame toti\u017e, \u017ee niektor\u00ed medzi vami neporiadne na\u017e\u00edvaj\u00fa, ni\u010d nerobia, ale neu\u017eito\u010dn\u00e9 veci stv\u00e1raj\u00fa. Tak\u00fdm prikazujeme a napom\u00edname ich v P\u00e1novi Je\u017ei\u0161ovi Kristovi, aby v pokoji pracovali a jedli svoj chlieb. (2. list Tesalonick\u00fdm 3, 6-12)<\/p>\n<p>My, kres\u0165ania, o\u010dak\u00e1vame Toho, ktor\u00fd si n\u00e1s zamiloval a ktor\u00e9mu na n\u00e1s z\u00e1le\u017e\u00ed. Na de\u0148 pr\u00edchodu P\u00e1na Je\u017ei\u0161a Krista sa m\u00e1me te\u0161i\u0165. Pre\u010do aj nie? Ve\u010f pr\u00edde niekto, kto z l\u00e1sky k \u013eu\u010fom prelial svoju krv. Za ka\u017ed\u00e9ho z n\u00e1s. Bude to teda stretnutie tv\u00e1rou v tv\u00e1r s niek\u00fdm, kto n\u00e1s miluje ove\u013ea viac ako ktoko\u013evek na zemi. Nevieme toho ve\u013ea, ale m\u00e1me zas\u013e\u00fabenie, \u017ee ani oko nev\u00eddalo, ani ucho nesl\u00fdchalo, ani do srdca \u010dloveku nevst\u00fapilo, \u010do pripravil Boh t\u00fdm, ktor\u00ed Ho miluj\u00fa (1. list Korintsk\u00fdm 2,9 ). Ur\u010dite to prekon\u00e1 v\u0161etky na\u0161e predstavy. Boh je toti\u017e nekone\u010dne v\u00e4\u010d\u0161\u00ed ako \u010doko\u013evek, \u010do si dok\u00e1\u017eeme predstavi\u0165. No u\u017e tu na zemi m\u00f4\u017eeme pre\u017e\u00edva\u0165 z\u00e1blesky toho pokoja a radosti z Bo\u017eej pr\u00edtomnosti na r\u00f4znych miestach: v pr\u00edrode, pri osobnej modlitbe alebo v spolo\u010denstve, v rodine. Preto v\u00e1s chcem vyzva\u0165, aby ste boli vo svojom ka\u017edodennom \u017eivote otvoren\u00ed t\u00fdmto chv\u00ed\u013eam a mohli v nich ok\u00fasi\u0165 Bo\u017eiu l\u00e1sku a pokoj. <\/p>\n<p>Nebojte sa, Boh m\u00e1 v\u0161etko pod kontrolou, do jeho r\u00fak sa m\u00f4\u017eeme zveri\u0165 s detinskou d\u00f4verou.<\/p>\n<p>(upr. pod\u013ea www.vira.cz a www.pastorace.cz)<\/p>\n","protected":false},"excerpt":{"rendered":"<p>Je\u017ei\u0161 povedal svojim u\u010den\u00edkom: V tie dni, po onom s\u00fa\u017een\u00ed, slnko sa zatmie, mesiac nevyd\u00e1 svetlo, hviezdy bud\u00fa pada\u0165 z neba a nebesk\u00e9 moci sa pohybova\u0165. Vtedy uzr\u00fa Syna \u010dloveka prich\u00e1dza\u0165 na oblakoch s mocou a sl\u00e1vou ve\u013ekou. A vtedy po\u0161le anjelov a zhroma\u017ed\u00ed svojich vyvolen\u00fdch zo \u0161tyroch str\u00e1n sveta, od konca zeme a\u017e po [&hellip;]<\/p>\n","protected":false},"author":2,"featured_media":0,"comment_status":"closed","ping_status":"open","sticky":false,"template":"","format":"standard","meta":[],"categories":[11],"tags":[],"_links":{"self":[{"href":"https:\/\/btm.sk\/WP\/wp-json\/wp\/v2\/posts\/1811"}],"collection":[{"href":"https:\/\/btm.sk\/WP\/wp-json\/wp\/v2\/posts"}],"about":[{"href":"https:\/\/btm.sk\/WP\/wp-json\/wp\/v2\/types\/post"}],"author":[{"embeddable":true,"href":"https:\/\/btm.sk\/WP\/wp-json\/wp\/v2\/users\/2"}],"replies":[{"embeddable":true,"href":"https:\/\/btm.sk\/WP\/wp-json\/wp\/v2\/comments?post=1811"}],"version-history":[{"count":1,"href":"https:\/\/btm.sk\/WP\/wp-json\/wp\/v2\/posts\/1811\/revisions"}],"predecessor-version":[{"id":2155,"href":"https:\/\/btm.sk\/WP\/wp-json\/wp\/v2\/posts\/1811\/revisions\/2155"}],"wp:attachment":[{"href":"https:\/\/btm.sk\/WP\/wp-json\/wp\/v2\/media?parent=1811"}],"wp:term":[{"taxonomy":"category","embeddable":true,"href":"https:\/\/btm.sk\/WP\/wp-json\/wp\/v2\/categories?post=1811"},{"taxonomy":"post_tag","embeddable":true,"href":"https:\/\/btm.sk\/WP\/wp-json\/wp\/v2\/tags?post=1811"}],"curies":[{"name":"wp","href":"https:\/\/api.w.org\/{rel}","templated":true}]}}