{"id":1808,"date":"2013-01-08T11:30:37","date_gmt":"2013-01-08T10:30:37","guid":{"rendered":"http:\/\/btm.sk\/WP\/2013\/01\/08\/hovori-sa-ze-laska-je-slepa\/"},"modified":"2018-05-17T22:34:51","modified_gmt":"2018-05-17T20:34:51","slug":"hovori-sa-ze-laska-je-slepa","status":"publish","type":"post","link":"https:\/\/btm.sk\/WP\/2013\/01\/08\/hovori-sa-ze-laska-je-slepa\/","title":{"rendered":"HOVOR\u00cd SA, \u017dE L\u00c1SKA JE SLEP\u00c1&#8230;"},"content":{"rendered":"<p><span class=\"text\">Hovor\u00ed sa, \u017ee l\u00e1ska je slep\u00e1. Ale mo\u017eno je to pr\u00e1ve naopak, mo\u017eno a\u017e miluj\u00facim poh\u013eadom vid\u00edme spr\u00e1vne. Apo\u0161tol Pavol ide e\u0161te \u010falej: s rastom pravej l\u00e1sky rastie na\u0161e poznanie i vn\u00edmavos\u0165, dok\u00e1\u017eeme rozpozna\u0165 a voli\u0165 dobro.<\/span><br \/>\n<!--more--><br \/>\n\u010clovek, ako Bo\u017eie stvorenie, je niekto, kto v sebe nesie Bo\u017e\u00ed obraz, a preto je hodn\u00fd \u00facty bez oh\u013eadu na to, \u010di je vzdelan\u00fd, \u0161ikovn\u00fd, mlad\u00fd alebo star\u00fd, zdrav\u00fd alebo postihnut\u00fd&#8230; Je hodn\u00fd \u00facty, preto\u017ee v sebe nesie Bo\u017e\u00ed obraz a to d\u00e1va jeho \u010dlove\u010denstvu t\u00fa najv\u00e4\u010d\u0161iu hodnotu.<br \/>\nBoh stvoril \u010dloveka ako mu\u017ea a \u017eenu, teda ako p\u00e1r, ako polaritu. Je Bohom chcen\u00e1 a preto z\u00e1kladn\u00e1 a m\u00e1 svoj odraz v spr\u00e1van\u00ed sa \u010dloveka. Boh s\u00e1m rozhodol, \u017ee t\u00e1to polarita m\u00e1 by\u0165 naplnen\u00e1 trval\u00fdm zv\u00e4zkom a \u010dlovek je Bohom napl\u00e1novan\u00fd tak, aby bol schopn\u00fd tento trval\u00fd zv\u00e4zok \u017ei\u0165. Len\u017ee v \u013eudskom \u017eivote je pr\u00edtomn\u00fd aj hriech, ktor\u00fd kaz\u00ed v\u0161etko dobr\u00e9 a nar\u00fa\u0161a tento zv\u00e4zok. Nar\u00fa\u0161a ho, no nemus\u00ed ho zni\u010di\u0165. \u010clovek, ktor\u00fd hriech vn\u00edma a vie, \u010do s n\u00edm, dok\u00e1\u017ee prekona\u0165 v\u0161etky rozde\u013euj\u00face momenty. Toto v\u0161etko sa d\u00e1 pova\u017eova\u0165 za prirodzen\u00fd z\u00e1klad, na ktorom v\u0161ak nie sme schopn\u00ed len tak, z \u013eudskej prirodzenosti a sk\u00fasenosti, stava\u0165. A navy\u0161e, na\u0161e bytie je e\u0161te v\u0161elijako zdeformovan\u00e9 t\u00fdm, kde sme vyr\u00e1stli, \u010do sme zdedili, \u010d\u00edm sme pre\u0161li a \u010do sme pre\u017eili&#8230;<br \/>\nNa\u0161a l\u00e1ska je v\u017edy zmie\u0161an\u00e1 so sebectvom. Spr\u00e1vne a do h\u013abky pozn\u00e1va len Boh, preto\u017ee On je L\u00e1ska sama. My v\u0161ak m\u00f4\u017eeme prosi\u0165, aby Boh na\u0161u l\u00e1sku pre\u010dis\u0165oval a rozhoj\u0148oval. Nemali by sme sa uspokoji\u0165 len s t\u00fdm, \u017ee m\u00e1me sem-tam niekoho tro\u0161ku radi a \u017ee ob\u010das urob\u00edme nie\u010do dobr\u00e9. V spojen\u00ed s Je\u017ei\u0161om Kristom toti\u017e m\u00f4\u017eeme h\u013eada\u0165, milova\u0165 a \u017ei\u0165 naplno. Z toho vych\u00e1dza aj n\u00e1\u0161 poh\u013ead na man\u017eelstvo, vn\u00edmame ho ako zv\u00e4zok pred Bohom.<br \/>\n(P. Semela a A. Opatrn\u00fd, upr., www.vira.cz)<\/p>\n<p>A za to sa modl\u00edm, aby va\u0161a l\u00e1ska \u010doraz viac r\u00e1stla v pravom poznan\u00ed a vo v\u0161estrannom ch\u00e1pan\u00ed, aby ste vedeli rozozna\u0165, \u010do je dobr\u00e9 a \u010do nie&#8230; (Filipsk\u00fdm 1,9-10)<\/p>\n","protected":false},"excerpt":{"rendered":"<p>Hovor\u00ed sa, \u017ee l\u00e1ska je slep\u00e1. Ale mo\u017eno je to pr\u00e1ve naopak, mo\u017eno a\u017e miluj\u00facim poh\u013eadom vid\u00edme spr\u00e1vne. Apo\u0161tol Pavol ide e\u0161te \u010falej: s rastom pravej l\u00e1sky rastie na\u0161e poznanie i vn\u00edmavos\u0165, dok\u00e1\u017eeme rozpozna\u0165 a voli\u0165 dobro.<\/p>\n","protected":false},"author":2,"featured_media":0,"comment_status":"closed","ping_status":"open","sticky":false,"template":"","format":"standard","meta":[],"categories":[9],"tags":[],"_links":{"self":[{"href":"https:\/\/btm.sk\/WP\/wp-json\/wp\/v2\/posts\/1808"}],"collection":[{"href":"https:\/\/btm.sk\/WP\/wp-json\/wp\/v2\/posts"}],"about":[{"href":"https:\/\/btm.sk\/WP\/wp-json\/wp\/v2\/types\/post"}],"author":[{"embeddable":true,"href":"https:\/\/btm.sk\/WP\/wp-json\/wp\/v2\/users\/2"}],"replies":[{"embeddable":true,"href":"https:\/\/btm.sk\/WP\/wp-json\/wp\/v2\/comments?post=1808"}],"version-history":[{"count":1,"href":"https:\/\/btm.sk\/WP\/wp-json\/wp\/v2\/posts\/1808\/revisions"}],"predecessor-version":[{"id":2158,"href":"https:\/\/btm.sk\/WP\/wp-json\/wp\/v2\/posts\/1808\/revisions\/2158"}],"wp:attachment":[{"href":"https:\/\/btm.sk\/WP\/wp-json\/wp\/v2\/media?parent=1808"}],"wp:term":[{"taxonomy":"category","embeddable":true,"href":"https:\/\/btm.sk\/WP\/wp-json\/wp\/v2\/categories?post=1808"},{"taxonomy":"post_tag","embeddable":true,"href":"https:\/\/btm.sk\/WP\/wp-json\/wp\/v2\/tags?post=1808"}],"curies":[{"name":"wp","href":"https:\/\/api.w.org\/{rel}","templated":true}]}}