{"id":1806,"date":"2012-11-25T19:57:30","date_gmt":"2012-11-25T18:57:30","guid":{"rendered":"http:\/\/btm.sk\/WP\/2012\/11\/25\/vianoce-dospelych\/"},"modified":"2018-05-17T22:35:29","modified_gmt":"2018-05-17T20:35:29","slug":"vianoce-dospelych","status":"publish","type":"post","link":"https:\/\/btm.sk\/WP\/2012\/11\/25\/vianoce-dospelych\/","title":{"rendered":"VIANOCE DOSPEL\u00ddCH"},"content":{"rendered":"<p><span class=\"text\">P\u00e1r ver\u0161ov na sviato\u010dn\u00e9 chv\u00edle&#8230; V\u0161etk\u00fdm na\u0161im spolupracovn\u00edkov, priaznivcom, priate\u013eom i n\u00e1hodn\u00fdm n\u00e1v\u0161tevn\u00edkom na\u0161ich str\u00e1nok prajeme po\u017eehnan\u00fd Advent a Vianoce pln\u00e9 pokoja a l\u00e1sky. Nech rados\u0165 z narodenia Spasite\u013ea sveta pre\u017eiari va\u0161e domovy a prinesie nov\u00fa n\u00e1dej nielen do t\u00fdchto sviato\u010dn\u00fdch dn\u00ed, ale aj do v\u0161edn\u00fdch dn\u00ed cel\u00e9ho bud\u00faceho roka 2013.<\/span><br \/>\n<!--more--><br \/>\nRados\u0165ou det\u00ed ohrej\u00fa si ruky<br \/>\nbud\u00fa sa usmieva\u0165 a hovori\u0165<br \/>\ns\u00fa tu Vianoce<br \/>\na bielou ni\u0165ou obr\u00fabi mr\u00e1z<br \/>\nto rozstrapkan\u00e9<br \/>\n\u010do sa v nich obnosilo za tie dlh\u00e9 roky<\/p>\n<p>A bud\u00fa tro\u0161ku vesel\u00ed<br \/>\na tro\u0161ku smutn\u00ed<br \/>\na tro\u0161ku pobaven\u00ed sami sebou<br \/>\na ticho roztiahne svojich desa\u0165 prstov pred ich tv\u00e1re<br \/>\na napokon zamrzne v opusten\u00fdch uliciach<\/p>\n<p>A tepl\u00e9 ramen\u00e1 strom\u010dekov<br \/>\nvtla\u010dia sa do okien<br \/>\na\u017e bezdetn\u00ed p\u00f4jdu po ve\u010deri na prech\u00e1dzku<br \/>\na bud\u00fa sa dr\u017ea\u0165 za ruky<br \/>\na bud\u00fa si de\u0165mi<br \/>\na ka\u017ed\u00fd z t\u00fdch dvoch<br \/>\nbude sa sna\u017ei\u0165 by\u0165 ten dospelej\u0161\u00ed<br \/>\nbude sa stara\u0165 o toho druh\u00e9ho<br \/>\npreto\u017ee vonku je klzko<br \/>\na vn\u00fatri s\u00fa Vianoce<\/p>\n<p>(Jan Sk\u00e1cel)<\/p>\n","protected":false},"excerpt":{"rendered":"<p>P\u00e1r ver\u0161ov na sviato\u010dn\u00e9 chv\u00edle&#8230; V\u0161etk\u00fdm na\u0161im spolupracovn\u00edkov, priaznivcom, priate\u013eom i n\u00e1hodn\u00fdm n\u00e1v\u0161tevn\u00edkom na\u0161ich str\u00e1nok prajeme po\u017eehnan\u00fd Advent a Vianoce pln\u00e9 pokoja a l\u00e1sky. Nech rados\u0165 z narodenia Spasite\u013ea sveta pre\u017eiari va\u0161e domovy a prinesie nov\u00fa n\u00e1dej nielen do t\u00fdchto sviato\u010dn\u00fdch dn\u00ed, ale aj do v\u0161edn\u00fdch dn\u00ed cel\u00e9ho bud\u00faceho roka 2013.<\/p>\n","protected":false},"author":2,"featured_media":0,"comment_status":"closed","ping_status":"open","sticky":false,"template":"","format":"standard","meta":[],"categories":[9],"tags":[],"_links":{"self":[{"href":"https:\/\/btm.sk\/WP\/wp-json\/wp\/v2\/posts\/1806"}],"collection":[{"href":"https:\/\/btm.sk\/WP\/wp-json\/wp\/v2\/posts"}],"about":[{"href":"https:\/\/btm.sk\/WP\/wp-json\/wp\/v2\/types\/post"}],"author":[{"embeddable":true,"href":"https:\/\/btm.sk\/WP\/wp-json\/wp\/v2\/users\/2"}],"replies":[{"embeddable":true,"href":"https:\/\/btm.sk\/WP\/wp-json\/wp\/v2\/comments?post=1806"}],"version-history":[{"count":1,"href":"https:\/\/btm.sk\/WP\/wp-json\/wp\/v2\/posts\/1806\/revisions"}],"predecessor-version":[{"id":2160,"href":"https:\/\/btm.sk\/WP\/wp-json\/wp\/v2\/posts\/1806\/revisions\/2160"}],"wp:attachment":[{"href":"https:\/\/btm.sk\/WP\/wp-json\/wp\/v2\/media?parent=1806"}],"wp:term":[{"taxonomy":"category","embeddable":true,"href":"https:\/\/btm.sk\/WP\/wp-json\/wp\/v2\/categories?post=1806"},{"taxonomy":"post_tag","embeddable":true,"href":"https:\/\/btm.sk\/WP\/wp-json\/wp\/v2\/tags?post=1806"}],"curies":[{"name":"wp","href":"https:\/\/api.w.org\/{rel}","templated":true}]}}