{"id":1803,"date":"2012-11-25T19:49:49","date_gmt":"2012-11-25T18:49:49","guid":{"rendered":"http:\/\/btm.sk\/WP\/2012\/11\/25\/zmysluplny-advent\/"},"modified":"2018-05-17T22:36:41","modified_gmt":"2018-05-17T20:36:41","slug":"zmysluplny-advent","status":"publish","type":"post","link":"https:\/\/btm.sk\/WP\/2012\/11\/25\/zmysluplny-advent\/","title":{"rendered":"ZMYSLUPLN\u00dd ADVENT"},"content":{"rendered":"<p><span class=\"text\">Bo\u017ee, o\u010dak\u00e1vam na tvoje spasenie&#8230; (\u017dalm 119,166)<\/span><br \/>\n<!--more--><br \/>\nPr\u00eddi, Pane Je\u017ei\u0161u, pote\u0161 n\u00e1s svojou bl\u00edzkos\u0165ou a daj svetlo na\u0161im o\u010diam. Daj za\u017eiari\u0165 svojmu svetlu v na\u0161ich srdciach a ve\u010f n\u00e1s temnotami \u017eivota do svojej bl\u00edzkosti plnej jasu. (Sv. Bernarda \u00a0z Clairvaux)<\/p>\n<p>Bl\u00ed\u017eia sa Vianoce a s nimi aj kr\u00e1sny \u010das adventu. Vtedy dos\u0165 \u010dasto zaznievaj\u00fa siln\u00e9 v\u00fdzvy na pok\u00e1nie a obr\u00e1tenie. Pok\u00e1nie v\u0161ak pod\u013ea Bo\u017eieho slova neznamen\u00e1 len obr\u00e1ti\u0165 sa k sebe, k svojim slabostiam, chyb\u00e1m a hriechom a postavi\u0165 sa im. Pok\u00e1nie v prvom rade znamen\u00e1 obr\u00e1ti\u0165 sa k Bohu. Zdroj \u017eivota toti\u017e nie je v n\u00e1s sam\u00fdch. Zdroj naplnen\u00e9ho \u017eivota je v Bohu! A tento zdroj sa n\u00e1m v Je\u017ei\u0161ovi Kristovi pribl\u00ed\u017eil na dosah. Teraz si to m\u00f4\u017eeme op\u00e4\u0165 silno uvedomi\u0165 a pre\u017ei\u0165 advent naplno. Tu je nieko\u013eko n\u00e1vrhov na po\u017eehnan\u00fd advent:<br \/>\n\u25cf Ver, \u017ee Boh m\u00f4\u017ee a chce vst\u00fapi\u0165 do ka\u017edej oblasti tvojho \u017eivota. Pozvi Ho do v\u0161etk\u00e9ho, \u010do si a \u010do pre\u017e\u00edva\u0161. Len v spojen\u00ed s n\u00edm dok\u00e1\u017ee\u0161 premeni\u0165 svoje srdce a realitu, v ktorej sa nach\u00e1dza\u0161!<br \/>\n\u25cf N\u00e1jdi si \u010das na komunik\u00e1ciu s Bohom v modlitbe a v st\u00ed\u0161en\u00ed.<br \/>\n\u25cf Na\u010d\u00favaj Bo\u017eiemu slovu prostredn\u00edctvom Biblie.<br \/>\n\u25cf Zmier sa s Bohom, s druh\u00fdmi aj s\u00e1m so sebou.<br \/>\n\u25cf Vn\u00edmaj pozornej\u0161ie chv\u00edle, kedy m\u00f4\u017ee\u0161 svoju vieru prejavova\u0165 l\u00e1skou.<\/p>\n<p>Pane, nau\u010d n\u00e1s pozorne na\u010d\u00fava\u0165 Tvojmu slovu, v\u010fa\u010dne prij\u00edma\u0165 Tvoju \u0161tedros\u0165 a rados\u0165, nau\u010d n\u00e1s pre\u017e\u00edva\u0165 Tvoju bl\u00edzkos\u0165, aby sme ne\u017eili len pr\u00e1zdne dni v\u0161edn\u00e9ho \u017eivota. Amen<\/p>\n","protected":false},"excerpt":{"rendered":"<p>Bo\u017ee, o\u010dak\u00e1vam na tvoje spasenie&#8230; (\u017dalm 119,166)<\/p>\n","protected":false},"author":2,"featured_media":0,"comment_status":"closed","ping_status":"open","sticky":false,"template":"","format":"standard","meta":[],"categories":[9],"tags":[],"_links":{"self":[{"href":"https:\/\/btm.sk\/WP\/wp-json\/wp\/v2\/posts\/1803"}],"collection":[{"href":"https:\/\/btm.sk\/WP\/wp-json\/wp\/v2\/posts"}],"about":[{"href":"https:\/\/btm.sk\/WP\/wp-json\/wp\/v2\/types\/post"}],"author":[{"embeddable":true,"href":"https:\/\/btm.sk\/WP\/wp-json\/wp\/v2\/users\/2"}],"replies":[{"embeddable":true,"href":"https:\/\/btm.sk\/WP\/wp-json\/wp\/v2\/comments?post=1803"}],"version-history":[{"count":1,"href":"https:\/\/btm.sk\/WP\/wp-json\/wp\/v2\/posts\/1803\/revisions"}],"predecessor-version":[{"id":2163,"href":"https:\/\/btm.sk\/WP\/wp-json\/wp\/v2\/posts\/1803\/revisions\/2163"}],"wp:attachment":[{"href":"https:\/\/btm.sk\/WP\/wp-json\/wp\/v2\/media?parent=1803"}],"wp:term":[{"taxonomy":"category","embeddable":true,"href":"https:\/\/btm.sk\/WP\/wp-json\/wp\/v2\/categories?post=1803"},{"taxonomy":"post_tag","embeddable":true,"href":"https:\/\/btm.sk\/WP\/wp-json\/wp\/v2\/tags?post=1803"}],"curies":[{"name":"wp","href":"https:\/\/api.w.org\/{rel}","templated":true}]}}