{"id":1789,"date":"2012-05-26T09:24:33","date_gmt":"2012-05-26T07:24:33","guid":{"rendered":"http:\/\/btm.sk\/WP\/2012\/05\/26\/co-je-to-evanjelizacia\/"},"modified":"2018-05-17T22:40:28","modified_gmt":"2018-05-17T20:40:28","slug":"co-je-to-evanjelizacia","status":"publish","type":"post","link":"https:\/\/btm.sk\/WP\/2012\/05\/26\/co-je-to-evanjelizacia\/","title":{"rendered":"\u010cO JE TO EVANJELIZ\u00c1CIA"},"content":{"rendered":"<p><span class=\"text\">Ke\u010f na prv\u00fdch kres\u0165anov doliehalo prenasledovanie, vytrvalo sa modlili. Vo svojich modlitb\u00e1ch neprosia, aby boli zbaven\u00ed prenasledovania, ale aby sa nenechali zastavi\u0165 nejak\u00fdmi prek\u00e1\u017ekami a nestratili odvahu zvestova\u0165 Bo\u017eie slovo. Ak\u00fd bol v\u00fdsledok?<\/span><br \/>\n<!--more--><br \/>\nPrich\u00e1dza Duch sv\u00e4t\u00fd a dod\u00e1va im silu a odvahu. Aby sme mohli evanjelizova\u0165, mus\u00edme sa modli\u0165, ve\u013ea sa modli\u0165. Evanjeliz\u00e1cia je toti\u017e dielom Ducha sv\u00e4t\u00e9ho, ktor\u00fd sa dot\u00fdka s\u0155dc posluch\u00e1\u010dov a premie\u0148a vla\u017en\u00e9 a kol\u00edsav\u00e9 srdce zvestovate\u013eov radostnej zvesti.<br \/>\nM\u00f4\u017eem poveda\u0165, \u017ee sa naozaj modl\u00edm za \u0161\u00edrenie evanjelia? Modl\u00edm sa, aby som z\u00edskal rovnak\u00fa neohrozenos\u0165, akou vynikali prv\u00ed apo\u0161tolovia a u\u010den\u00edci? Som skuto\u010dne presved\u010den\u00fd, \u017ee bez Ducha sv\u00e4t\u00e9ho bude moje p\u00f4sobenie ne\u00fa\u010dinn\u00e9? Prv\u00ed kres\u0165ania sa modlili predt\u00fdm, ako zvestovali evanjelium, po\u010das jeho hl\u00e1sania a aj po jeho skon\u010den\u00ed, aby prostredn\u00edctvom ich slu\u017eby mohol neobmedzene p\u00f4sobi\u0165 Duch sv\u00e4t\u00fd. Rob\u00edm tak aj ja, alebo patr\u00edm k t\u00fdm, \u010do venuj\u00fa more \u010dasu pr\u00edprave misijn\u00fdch pl\u00e1nov a strat\u00e9gi\u00ed, a len m\u00e1lo \u010dasu \u201estr\u00e1caj\u00fa\u201c modlitbou?<br \/>\nDnes by som sa mal p\u00fdta\u0165, ako sa vlastne modl\u00edm. Smeruje moja modlitba len k prvej, alebo aj k druhej \u010dasti P\u00e1novej modlitby? T\u00fdka sa sk\u00f4r mojich vlastn\u00fdch potrieb a toho, \u010do \u0165a\u017e\u00ed \u013eud\u00ed, ktor\u00fdch pozn\u00e1m, alebo prosieb za \u0161\u00edrenie evanjelia, aby \u201epri\u0161lo Bo\u017eie kr\u00e1\u013eovstvo\u201c a aby sa vo svete roz\u0161\u00edrila radostn\u00e1 zves\u0165? Pod\u013ea toho toti\u017e, ako vyzer\u00e1 moja modlitba, m\u00f4\u017eem spozna\u0165, ako s\u00fa moje t\u00fa\u017eby a prosby presiaknut\u00e9 duchom evanjelia. Je v mojom srdci miesto pre \u0161\u00edrenie Bo\u017eieho slova? Aj vtedy, ke\u010f ho nehl\u00e1sam ja alebo \u010dlenovia m\u00f4jho spolo\u010denstva? (upr. z www.pastorace.cz)<\/p>\n<p>Ve\u010der i r\u00e1no i na poludnie sa budem \u00fapenlivo modli\u0165 a pokorne a n\u00e1stoj\u010divo vola\u0165, a vysly\u0161\u00ed m\u00f4j hlas. (\u017dalm 55,18)<\/p>\n<p>Lebo na\u0161e evanjelium, ktor\u00e9 sme v\u00e1m zvestovali, nez\u00e1le\u017ealo iba v slove, ale aj v moci a v Sv\u00e4tom Duchu a v mnohej istote&#8230; A vy ste sa stali na\u0161imi nasledovn\u00edkmi a P\u00e1nov\u00fdmi prijm\u00fac slovo v mnohom s\u00fa\u017een\u00ed s rados\u0165ou Sv\u00e4t\u00e9ho Ducha. (1. Tesalonick\u00fdm 1,5-6)<\/p>\n","protected":false},"excerpt":{"rendered":"<p>Ke\u010f na prv\u00fdch kres\u0165anov doliehalo prenasledovanie, vytrvalo sa modlili. Vo svojich modlitb\u00e1ch neprosia, aby boli zbaven\u00ed prenasledovania, ale aby sa nenechali zastavi\u0165 nejak\u00fdmi prek\u00e1\u017ekami a nestratili odvahu zvestova\u0165 Bo\u017eie slovo. Ak\u00fd bol v\u00fdsledok?<\/p>\n","protected":false},"author":2,"featured_media":0,"comment_status":"closed","ping_status":"open","sticky":false,"template":"","format":"standard","meta":[],"categories":[9],"tags":[],"_links":{"self":[{"href":"https:\/\/btm.sk\/WP\/wp-json\/wp\/v2\/posts\/1789"}],"collection":[{"href":"https:\/\/btm.sk\/WP\/wp-json\/wp\/v2\/posts"}],"about":[{"href":"https:\/\/btm.sk\/WP\/wp-json\/wp\/v2\/types\/post"}],"author":[{"embeddable":true,"href":"https:\/\/btm.sk\/WP\/wp-json\/wp\/v2\/users\/2"}],"replies":[{"embeddable":true,"href":"https:\/\/btm.sk\/WP\/wp-json\/wp\/v2\/comments?post=1789"}],"version-history":[{"count":1,"href":"https:\/\/btm.sk\/WP\/wp-json\/wp\/v2\/posts\/1789\/revisions"}],"predecessor-version":[{"id":2177,"href":"https:\/\/btm.sk\/WP\/wp-json\/wp\/v2\/posts\/1789\/revisions\/2177"}],"wp:attachment":[{"href":"https:\/\/btm.sk\/WP\/wp-json\/wp\/v2\/media?parent=1789"}],"wp:term":[{"taxonomy":"category","embeddable":true,"href":"https:\/\/btm.sk\/WP\/wp-json\/wp\/v2\/categories?post=1789"},{"taxonomy":"post_tag","embeddable":true,"href":"https:\/\/btm.sk\/WP\/wp-json\/wp\/v2\/tags?post=1789"}],"curies":[{"name":"wp","href":"https:\/\/api.w.org\/{rel}","templated":true}]}}