{"id":1788,"date":"2012-05-26T09:22:03","date_gmt":"2012-05-26T07:22:03","guid":{"rendered":"http:\/\/btm.sk\/WP\/2012\/05\/26\/myslienky-na-temne-chvile\/"},"modified":"2018-05-17T22:40:47","modified_gmt":"2018-05-17T20:40:47","slug":"myslienky-na-temne-chvile","status":"publish","type":"post","link":"https:\/\/btm.sk\/WP\/2012\/05\/26\/myslienky-na-temne-chvile\/","title":{"rendered":"MY\u0160LIENKY NA TEMN\u00c9 CHV\u00cdLE"},"content":{"rendered":"<p><span class=\"text\">Ke\u010f sa \u010dlovek sna\u017e\u00ed zo v\u0161etk\u00fdch s\u00edl aj v \u0165a\u017ek\u00fdch chv\u00ed\u013each a sk\u00fa\u0161kach \u00eds\u0165 \u010falej, oby\u010dajne mu pom\u00f4\u017ee upn\u00fa\u0165 sa k modlitbe \u010di nejakej my\u0161lienke. Sme pr\u00edli\u0161 nepokojn\u00ed a \u0165a\u017eko sa s\u00fastred\u00edme na zlo\u017eit\u00e9 \u00favahy. Potrebujeme nie\u010do jednoduch\u00e9, vecn\u00e9.<\/span><br \/>\n<!--more--><br \/>\nNech v\u00e1m na tento \u00fa\u010del posl\u00fa\u017eia my\u0161lienky, ktor\u00e9 sme s\u00fastredili na na\u0161ich nov\u00fdch z\u00e1lo\u017ek\u00e1ch v s\u00e9rii PA. N\u00e1jdete na nich odkazy na biblick\u00e9 texty s\u00favisiace s r\u00f4znymi \u017eivotn\u00fdmi situ\u00e1ciami. Pomocou nich si ich r\u00fdchlo a \u013eahlo vyh\u013ead\u00e1te.<\/p>\n<p><b>Boh je so mnou <\/b><br \/>\nLen v Bohu ut\u00ed\u0161i sa moja du\u0161a; lebo od Neho poch\u00e1dza moja n\u00e1dej. Len On je moja skala, moja sp\u00e1sa, m\u00f4j hrad; neskl\u00e1tim sa. Na Bohu spo\u010d\u00edva moja sp\u00e1sa, moja \u010des\u0165; i skala mojej sily, moje \u00fato\u010disko je v Bohu. D\u00fafajte v Neho, \u013eudia, v ka\u017edom \u010dase; vylievajte si pred N\u00edm srdce! Boh je na\u0161\u00edm \u00fato\u010diskom. (\u017dalm 62,6-9)<\/p>\n<p><b>Neboj sa!<\/b><br \/>\nNeboj sa, lebo ja som s tebou, nepozeraj ustra\u0161ene v\u00f4kol seba, lebo ja som Boh tvoj! Posiln\u00edm \u0165a a pom\u00f4\u017eem ti, i podopriem \u0165a svojou sp\u00e1sonosnou pravicou. Na hanbu a posmech vyjd\u00fa v\u0161etci, ktor\u00ed zlos\u0165ou kypia proti tebe. Lebo ja som Hospodin, tvoj Boh, ktor\u00fd \u0165a dr\u017e\u00ed za pravicu a vrav\u00ed ti: Neboj sa, ja ti pom\u00f4\u017eem!  (Iz 41,10.11.13)<\/p>\n","protected":false},"excerpt":{"rendered":"<p>Ke\u010f sa \u010dlovek sna\u017e\u00ed zo v\u0161etk\u00fdch s\u00edl aj v \u0165a\u017ek\u00fdch chv\u00ed\u013each a sk\u00fa\u0161kach \u00eds\u0165 \u010falej, oby\u010dajne mu pom\u00f4\u017ee upn\u00fa\u0165 sa k modlitbe \u010di nejakej my\u0161lienke. Sme pr\u00edli\u0161 nepokojn\u00ed a \u0165a\u017eko sa s\u00fastred\u00edme na zlo\u017eit\u00e9 \u00favahy. Potrebujeme nie\u010do jednoduch\u00e9, vecn\u00e9.<\/p>\n","protected":false},"author":2,"featured_media":0,"comment_status":"closed","ping_status":"open","sticky":false,"template":"","format":"standard","meta":[],"categories":[5],"tags":[],"_links":{"self":[{"href":"https:\/\/btm.sk\/WP\/wp-json\/wp\/v2\/posts\/1788"}],"collection":[{"href":"https:\/\/btm.sk\/WP\/wp-json\/wp\/v2\/posts"}],"about":[{"href":"https:\/\/btm.sk\/WP\/wp-json\/wp\/v2\/types\/post"}],"author":[{"embeddable":true,"href":"https:\/\/btm.sk\/WP\/wp-json\/wp\/v2\/users\/2"}],"replies":[{"embeddable":true,"href":"https:\/\/btm.sk\/WP\/wp-json\/wp\/v2\/comments?post=1788"}],"version-history":[{"count":1,"href":"https:\/\/btm.sk\/WP\/wp-json\/wp\/v2\/posts\/1788\/revisions"}],"predecessor-version":[{"id":2178,"href":"https:\/\/btm.sk\/WP\/wp-json\/wp\/v2\/posts\/1788\/revisions\/2178"}],"wp:attachment":[{"href":"https:\/\/btm.sk\/WP\/wp-json\/wp\/v2\/media?parent=1788"}],"wp:term":[{"taxonomy":"category","embeddable":true,"href":"https:\/\/btm.sk\/WP\/wp-json\/wp\/v2\/categories?post=1788"},{"taxonomy":"post_tag","embeddable":true,"href":"https:\/\/btm.sk\/WP\/wp-json\/wp\/v2\/tags?post=1788"}],"curies":[{"name":"wp","href":"https:\/\/api.w.org\/{rel}","templated":true}]}}