{"id":1777,"date":"2012-01-21T21:58:35","date_gmt":"2012-01-21T20:58:35","guid":{"rendered":"http:\/\/btm.sk\/WP\/2012\/01\/21\/podakovanie-4\/"},"modified":"2018-05-17T22:42:53","modified_gmt":"2018-05-17T20:42:53","slug":"podakovanie-4","status":"publish","type":"post","link":"https:\/\/btm.sk\/WP\/2012\/01\/21\/podakovanie-4\/","title":{"rendered":"PO\u010eAKOVANIE"},"content":{"rendered":"<p><span class=\"text\">V\u0161etk\u00fdm, ktor\u00ed ste na\u0161u pr\u00e1cu v minulom roku finan\u010dne podporili, srde\u010dne a\u00a0\u00faprimne \u010fakujeme. M\u00f4\u017eeme vyzna\u0165, \u017ee sme nemali nedostatok, \u017ee v\u0161etky na\u0161e potreby boli pokryt\u00e9. V\u010faka P\u00e1nu Bohu za ochotn\u00fdch darcov a V\u00e1m za otvoren\u00e9 srdcia i dlane.<\/span><br \/>\n<!--more--><br \/>\nVer\u00edme, \u017ee aj v\u00a0\u010fal\u0161om obdob\u00ed na\u0161ej \u010dinnosti n\u00e1m zachov\u00e1te svoju priaze\u0148. <\/p>\n<p>Uvedomujeme si, \u017ee \u010fal\u0161ou d\u00f4le\u017eitou podporou s\u00fa Va\u0161e modlitby. Pros\u00edme V\u00e1s, aby ste sa aj na\u010falej modlili za na\u0161u pr\u00e1cu, za na\u0161ich spolupracovn\u00edkov, za dostatok n\u00e1padov, n\u00e1metov a\u00a0autorov. Za to, aby sme e\u0161te mohli slobodne \u0161\u00edri\u0165 evanjelium v\u00a0na\u0161ej krajine, aby sa postupne dostalo ku ka\u017ed\u00e9mu \u010dloveku. Aby sme na to mali dostatok s\u00edl, m\u00fadrosti i\u00a0odhodlania. Potom m\u00f4\u017ee P\u00e1n Boh t\u00fato pr\u00e1cu po\u017eehna\u0165.<\/p>\n<p>BTM sa aj v tomto roku uch\u00e1dza o va\u0161e 2 % z odveden\u00fdch dan\u00ed. Potrebn\u00e9 \u00fadaje a viac inform\u00e1ci\u00ed n\u00e1jdete v nasleduj\u00facom Informa\u010dnom liste 2\/2012.<\/p>\n","protected":false},"excerpt":{"rendered":"<p>V\u0161etk\u00fdm, ktor\u00ed ste na\u0161u pr\u00e1cu v minulom roku finan\u010dne podporili, srde\u010dne a\u00a0\u00faprimne \u010fakujeme. M\u00f4\u017eeme vyzna\u0165, \u017ee sme nemali nedostatok, \u017ee v\u0161etky na\u0161e potreby boli pokryt\u00e9. V\u010faka P\u00e1nu Bohu za ochotn\u00fdch darcov a V\u00e1m za otvoren\u00e9 srdcia i dlane.<\/p>\n","protected":false},"author":2,"featured_media":0,"comment_status":"closed","ping_status":"open","sticky":false,"template":"","format":"standard","meta":[],"categories":[4],"tags":[],"_links":{"self":[{"href":"https:\/\/btm.sk\/WP\/wp-json\/wp\/v2\/posts\/1777"}],"collection":[{"href":"https:\/\/btm.sk\/WP\/wp-json\/wp\/v2\/posts"}],"about":[{"href":"https:\/\/btm.sk\/WP\/wp-json\/wp\/v2\/types\/post"}],"author":[{"embeddable":true,"href":"https:\/\/btm.sk\/WP\/wp-json\/wp\/v2\/users\/2"}],"replies":[{"embeddable":true,"href":"https:\/\/btm.sk\/WP\/wp-json\/wp\/v2\/comments?post=1777"}],"version-history":[{"count":1,"href":"https:\/\/btm.sk\/WP\/wp-json\/wp\/v2\/posts\/1777\/revisions"}],"predecessor-version":[{"id":2189,"href":"https:\/\/btm.sk\/WP\/wp-json\/wp\/v2\/posts\/1777\/revisions\/2189"}],"wp:attachment":[{"href":"https:\/\/btm.sk\/WP\/wp-json\/wp\/v2\/media?parent=1777"}],"wp:term":[{"taxonomy":"category","embeddable":true,"href":"https:\/\/btm.sk\/WP\/wp-json\/wp\/v2\/categories?post=1777"},{"taxonomy":"post_tag","embeddable":true,"href":"https:\/\/btm.sk\/WP\/wp-json\/wp\/v2\/tags?post=1777"}],"curies":[{"name":"wp","href":"https:\/\/api.w.org\/{rel}","templated":true}]}}