{"id":1776,"date":"2012-01-21T21:55:35","date_gmt":"2012-01-21T20:55:35","guid":{"rendered":"http:\/\/btm.sk\/WP\/2012\/01\/21\/nestracajte-nadej\/"},"modified":"2018-05-17T22:43:07","modified_gmt":"2018-05-17T20:43:07","slug":"nestracajte-nadej","status":"publish","type":"post","link":"https:\/\/btm.sk\/WP\/2012\/01\/21\/nestracajte-nadej\/","title":{"rendered":"NESTR\u00c1CAJTE N\u00c1DEJ"},"content":{"rendered":"<p><span class=\"text\">Vst\u00fapili sme do nov\u00e9ho roku \u2013 a pred nami sa otv\u00e1ra \u010fal\u0161ia kapitola n\u00e1\u0161ho \u017eivota, ktor\u00e1 je zatia\u013e pre n\u00e1s nezn\u00e1ma. Nevieme, \u010do n\u00e1m tento rok prinesie. <\/span><br \/>\n<!--more--><br \/>\nKto z\u00a0n\u00e1s by si nespomenul na zn\u00e1me fr\u00e1zy, ktor\u00e9 sa pr\u00e1ve teraz st\u00e1vaj\u00fa st\u00e1le viac aktu\u00e1lne: \u201eV\u0161etko je inak. Aj nemo\u017en\u00e9 je mo\u017en\u00e9. Hlavne zachova\u0165 hol\u00fd \u017eivot. N\u00e1dej umiera posledn\u00e1.\u201c Hlavne pre rok 2012. Experti zo v\u0161etk\u00fdch mo\u017en\u00fdch oblast\u00ed, nielen ekon\u00f3movia, n\u00e1s pripravuj\u00fa na pokra\u010duj\u00facu svetov\u00fa kr\u00edzu, ktor\u00e1 zasiahne takmer v\u0161etk\u00fdch obyvate\u013eov plan\u00e9ty. Kr\u00edza zasahuje nielen cel\u00fd svet, ale aj jednotliv\u00e9 n\u00e1rody, rodiny a jednotlivcov. Ve\u013ea \u013eud\u00ed bude ma\u0165 ve\u013ek\u00e9 probl\u00e9my. Stabilita rodiny bude ohrozen\u00e1. N\u00e1zory odborn\u00edkov sa zhoduj\u00fa \u2013 nedostatok pe\u0148az\u00ed \u010di strata zamestnania m\u00f4\u017eu vyvola\u0165 medzi man\u017eelmi  konflikty. Ako ozdravi\u0165 rodiny, man\u017eelsk\u00e9 vz\u0165ahy, v\u00fdchovu det\u00ed? Kr\u00edza sa nevyh\u00fdba ani kres\u0165ansk\u00fdm man\u017eelstv\u00e1m. To u\u017e vari negat\u00edvne sily p\u00f4sobiace zvonka s\u00fa tak\u00e9 siln\u00e9, \u017ee ani hlbok\u00e1 viera v Boha, duchovn\u00fd s\u00falad oboch partnerov, nezachr\u00e1ni rodinu a man\u017eelstvo pred kr\u00edzou a rozpadom? Nie, nie s\u00fa! Vzkriesen\u00fd Bo\u017e\u00ed Syn, Je\u017ei\u0161 Kristus, predsa po svojom v\u00ed\u0165azstve nad smr\u0165ou, peklom, diablom a hriechom jasne povedal: \u201eDan\u00e1 je mi v\u0161etka moc na nebi i na zemi\u201c. A to znamen\u00e1: \u201eAj na rie\u0161enie v\u0161etk\u00fdch probl\u00e9mov v tvojej rodine, v tvojich vz\u0165ahoch, v tvojom man\u017eelstve!\u201c To nie je len kres\u0165ansk\u00e1 dogma, to je osobn\u00e1, ve\u013emi re\u00e1lna sk\u00fasenos\u0165. Moja vlastn\u00e1, mojich priate\u013eov. A ak m\u00e1 by\u0165 aj tvoja, tak si mus\u00ed\u0161 zodpoveda\u0165 jedin\u00fa k\u013e\u00fa\u010dov\u00fa ot\u00e1zku: Ak\u00e9 miesto m\u00e1 Je\u017ei\u0161 v\u00a0\u017eivote tvojej rodiny, v tvojom man\u017eelstve? V d\u00f4le\u017eit\u00fdch veciach, situ\u00e1ci\u00e1ch \u010di kr\u00edzach sa rad\u00ed\u0161 iba s\u00e1m so sebou, so svojimi priate\u013emi, alebo s\u00a0Kristom? <\/p>\n<p>A tak v\u0161etk\u00fdm, ktor\u00ed u\u017e str\u00e1cate n\u00e1dej, chcem pripomen\u00fa\u0165 to jedin\u00e9: Je\u017ei\u0161 Kristus, ten najd\u00f4le\u017eitej\u0161\u00ed stme\u013euj\u00faci \u010dl\u00e1nok tvojej rodiny, tvojho man\u017eelstva nezomrel, ale \u017eije! Pr\u00e1ve tak \u017eije aj re\u00e1lna n\u00e1dej na rie\u0161enie v\u0161etk\u00fdch probl\u00e9mov, ktor\u00fa ti pon\u00faka On s\u00e1m! Na ka\u017ed\u00fd de\u0148 nov\u00e9ho roku 2012! <\/p>\n<p>Nech svetlo Bo\u017eej sl\u00e1vy a jeho pr\u00edtomnosti viac a viac prenik\u00e1 do na\u0161ich \u017eivotov a nech prostredn\u00edctvom n\u00e1s aj druh\u00ed vidia \u017eiv\u00e9ho a miluj\u00faceho Krista, ktor\u00fd je svetlom a zv\u00ed\u0165azil nad ka\u017edou temnotou!<\/p>\n","protected":false},"excerpt":{"rendered":"<p>Vst\u00fapili sme do nov\u00e9ho roku \u2013 a pred nami sa otv\u00e1ra \u010fal\u0161ia kapitola n\u00e1\u0161ho \u017eivota, ktor\u00e1 je zatia\u013e pre n\u00e1s nezn\u00e1ma. Nevieme, \u010do n\u00e1m tento rok prinesie.<\/p>\n","protected":false},"author":2,"featured_media":0,"comment_status":"closed","ping_status":"open","sticky":false,"template":"","format":"standard","meta":[],"categories":[11],"tags":[],"_links":{"self":[{"href":"https:\/\/btm.sk\/WP\/wp-json\/wp\/v2\/posts\/1776"}],"collection":[{"href":"https:\/\/btm.sk\/WP\/wp-json\/wp\/v2\/posts"}],"about":[{"href":"https:\/\/btm.sk\/WP\/wp-json\/wp\/v2\/types\/post"}],"author":[{"embeddable":true,"href":"https:\/\/btm.sk\/WP\/wp-json\/wp\/v2\/users\/2"}],"replies":[{"embeddable":true,"href":"https:\/\/btm.sk\/WP\/wp-json\/wp\/v2\/comments?post=1776"}],"version-history":[{"count":1,"href":"https:\/\/btm.sk\/WP\/wp-json\/wp\/v2\/posts\/1776\/revisions"}],"predecessor-version":[{"id":2190,"href":"https:\/\/btm.sk\/WP\/wp-json\/wp\/v2\/posts\/1776\/revisions\/2190"}],"wp:attachment":[{"href":"https:\/\/btm.sk\/WP\/wp-json\/wp\/v2\/media?parent=1776"}],"wp:term":[{"taxonomy":"category","embeddable":true,"href":"https:\/\/btm.sk\/WP\/wp-json\/wp\/v2\/categories?post=1776"},{"taxonomy":"post_tag","embeddable":true,"href":"https:\/\/btm.sk\/WP\/wp-json\/wp\/v2\/tags?post=1776"}],"curies":[{"name":"wp","href":"https:\/\/api.w.org\/{rel}","templated":true}]}}