{"id":1775,"date":"2011-11-08T23:50:50","date_gmt":"2011-11-08T22:50:50","guid":{"rendered":"http:\/\/btm.sk\/WP\/2011\/11\/08\/a-vedia-to-ludia\/"},"modified":"2018-05-17T22:43:20","modified_gmt":"2018-05-17T20:43:20","slug":"a-vedia-to-ludia","status":"publish","type":"post","link":"https:\/\/btm.sk\/WP\/2011\/11\/08\/a-vedia-to-ludia\/","title":{"rendered":"A VEDIA TO \u013dUDIA?"},"content":{"rendered":"<p><span class=\"text\">Kr\u00e1tke viano\u010dn\u00e9 pr\u00edbehy na zamyslenie&#8230;<\/span><br \/>\n<!--more--><br \/>\n<b>A vedia to \u013eudia?<\/b><\/p>\n<p>Kedysi d\u00e1vno zvolali zvieratk\u00e1 snem. L\u00ed\u0161ka sa sp\u00fdtala veveri\u010dky: &#8222;\u010co pre teba znamenaj\u00fa Vianoce?&#8220;<\/p>\n<p>Veveri\u010dka odpovedala: &#8222;Pre m\u0148a znamenaj\u00fa Vianoce kr\u00e1sny strom\u010dek ozdoben\u00fd mno\u017estvom \u017eiariacich svie\u010dok a cukrovinkami, ktor\u00e9 m\u00e1m tak ve\u013emi rada.&#8220; <\/p>\n<p>L\u00ed\u0161ka sa pripojila so svojou predstavou: &#8222;Pre m\u0148a, samozrejme, nesmie ch\u00fdba\u0165 vo\u0148av\u00e1 pe\u010den\u00e1 husi\u010dka. Bez pe\u010dienky by to ani neboli skuto\u010dn\u00e9 Vianoce.&#8220;<\/p>\n<p>Do debaty sa pridal medve\u010f: &#8222;Viano\u010dka! Na Vianoce mus\u00edm ma\u0165 obrovsk\u00fa sladk\u00fa viano\u010dku!&#8220; <\/p>\n<p>Straka si zasnene povzdychla: &#8222;Pod\u013ea m\u0148a s\u00fa na Vianoce najd\u00f4le\u017eitej\u0161ie kr\u00e1sne a ligotav\u00e9 \u0161perky a ozdoby. Na Vianoce sa predsa mus\u00ed v\u0161etko ligota\u0165.&#8220;<\/p>\n<p>Pozadu nechcel osta\u0165 ani v\u00f4l: &#8222;V\u0161etci sa m\u00fdlite. Vianoce rob\u00ed Vianocami a\u017e \u0161umiv\u00e9 \u0161ampansk\u00e9. Ja by som ho vypil hoci aj dve f\u013ea\u0161e!&#8220; <\/p>\n<p>Som\u00e1rik, ktor\u00fd to u\u017e nemohol vydr\u017ea\u0165, sa r\u00fdchlo zmocnil slova: &#8222;Ach, vari ste sa v\u0161etci zbl\u00e1znili? Ve\u010f na Vianociach je najd\u00f4le\u017eitej\u0161\u00ed Je\u017ei\u0161! Azda ste na to u\u017e zabudli?&#8220; V\u00f4l sa zahanbil, sklopil svoju ve\u013ek\u00fa hlavu a zabu\u010dal: &#8222;A vedia to v\u00f4bec \u013eudia?&#8220;<\/p>\n<p>(Bruno Ferrero)<\/p>\n<p><b>\u010co sa anjelovi nep\u00e1\u010dilo<\/b><\/p>\n<p>Zatia\u013e \u010do Jozef s M\u00e1riou putovali do Betlehema, jeden z anjelov zvolal v\u0161etky zvierat\u00e1, aby medzi nimi vybral tie najvhodnej\u0161\u00ed, ktor\u00e1 bud\u00fa v betlehemskom chlieve pom\u00e1ha\u0165 sv\u00e4tej rodine.<\/p>\n<p>Ako prv\u00fd sa, samozrejme, hl\u00e1sil lev: &#8222;Len kr\u00e1\u013e je hodn\u00fd sl\u00fa\u017ei\u0165 Kr\u00e1\u013eovi sveta&#8220;. &#8222;Ja sa postav\u00edm ku vchodu a ka\u017ed\u00e9ho, kto by sa chcel k die\u0165a\u0165u \u010do i len pribl\u00ed\u017ei\u0165, hne\u010f roztrh\u00e1m!&#8220; &#8222;Si pr\u00edli\u0161 hrub\u00fd,&#8220; odmietol ho anjel.<\/p>\n<p>Tu pribehla l\u00ed\u0161ka, obtrela sa anjelovi o nohy a hne\u010f ho s nevinn\u00fdm poh\u013eadom za\u010dala presvied\u010da\u0165: &#8222;Najvhodnej\u0161\u00edm kandid\u00e1tom som predsa ja. Ka\u017ed\u00e9 r\u00e1no ukradnem pre Bo\u017eie die\u0165a ten najlep\u0161\u00ed med a mlieko. A M\u00e1ria s Jozefom sa tie\u017e bud\u00fa ma\u0165 dobre. Ka\u017ed\u00fd de\u0148 im prinesiem mladu\u010dk\u00fa sliepo\u010dku.&#8220; &#8222;Ty si pr\u00edli\u0161 nepoctiv\u00e1,&#8220; odmietol ju anjel.<\/p>\n<p>Potom pred anjelom roztiahol svoj n\u00e1dhern\u00fd chvost p\u00e1v. Zam\u00e1val mu pred o\u010dami per\u00edm d\u00fahov\u00fdch farieb a vyhl\u00e1sil: &#8222;So mnou sa aj oby\u010dajn\u00fd chliev zmen\u00ed na kr\u00e1\u013eovsk\u00fd pal\u00e1c, ktor\u00fd by im mohol z\u00e1vidie\u0165 aj \u0160alam\u00fan!&#8220; &#8222;Ty si zase pr\u00edli\u0161 py\u0161n\u00fd,&#8220; namietol anjel.<\/p>\n<p>Zvierat\u00e1 predstupovali jeden za druh\u00fdm pred anjela a vychva\u013eovali svoje prednosti. M\u00e1rne. Anjelovi sa nepozd\u00e1valo ani jedno z nich. Nakoniec si v\u0161imol osla a vola. Pracovali na poli dedin\u010dana, ktor\u00fd b\u00fdval bl\u00edzko betlehemsk\u00e9ho chlieva.<\/p>\n<p>Anjel na nich zavolal: &#8222;A \u010do vy m\u00f4\u017eete pon\u00faknu\u0165?&#8220; &#8222;Ni\u010d,&#8220; odpovedal osl\u00edk a skromne sklopil dlh\u00e9 u\u0161i. &#8222;My sme sa ni\u010domu nenau\u010dili \u2013 len pokore a trpezlivosti. V\u0161etko ostatn\u00e9 n\u00e1m prinesie iba rany palicou.&#8220; V\u00f4l nesmelo podotkol: &#8222;E\u0161te by sme mohli na\u0161\u00edm dlh\u00fdm chvostom odh\u00e1\u0148a\u0165 muchy&#8220;, a ani pri tom nezdvihol o\u010di zo zeme. Kone\u010dne sa anjel spokojne usmial: &#8222;Pr\u00e1ve v\u00e1s potrebujem!&#8220;<\/p>\n<p>(Bruno Ferrero)<\/p>\n<p><b>Zmysel Vianoc<\/b><\/p>\n<p>Raz po\u010das mraziv\u00e9ho \u0160tedr\u00e9ho ve\u010dera sedel jeden mu\u017e pri krbe, v ktorom pl\u00e1polal ohe\u0148. Rozm\u00fd\u0161\u013eal o v\u00fdzname Vianoc. &#8222;Pre Boha nem\u00e1 cenu, aby sa stal \u010dlovekom,&#8220; uva\u017eoval. &#8222;Pre\u010do by v\u0161emoh\u00faci Boh mal tr\u00e1vi\u0165 svoj drahocenn\u00fd \u010das s niek\u00fdm tak\u00fdm, ako sme my? A aj keby, pre\u010do by sa chcel narodi\u0165 pr\u00e1ve v chlieve? Ani n\u00e1pad! Cel\u00e1 t\u00e1 vec je nezmysel. Keby Boh chcel naozaj zast\u00fapi\u0165 na zem, ur\u010dite by si na to na\u0161iel in\u00fd sp\u00f4sob.&#8220;<\/p>\n<p>N\u00e1hle mu\u017ea z \u00favah vyru\u0161il divn\u00fd zvuk prich\u00e1dzaj\u00faci zvonka. Prisko\u010dil k oknu a oprel sa o r\u00e1m. Vonku zbadal h\u00faf sne\u017en\u00fdch hus\u00ed, ktor\u00e9 divoko m\u00e1vali kr\u00eddlami a z\u00fafalo sa zmietali v hlbokom snehu. Boli ako om\u00e1men\u00e9 a pom\u00e4ten\u00e9. Boli zrejme vy\u010derpan\u00e9, a tak sa oddelili od svojho k\u0155d\u013ea smeruj\u00faceho do teplej\u0161\u00edch kraj\u00edn.<\/p>\n<p>Mu\u017eovi ich bolo \u013e\u00fato, a tak sa zababu\u0161il do tepl\u00e9ho oble\u010denia a vy\u0161iel von. Sk\u00fa\u0161al ich zahna\u0165 do teplej gar\u00e1\u017ee, ale \u010d\u00edm viac sa sna\u017eil, t\u00fdm viac zm\u00e4tkovali. &#8222;Keby tak vedeli, \u017ee ich chcem zachr\u00e1ni\u0165,&#8220; pomyslel si mu\u017e. &#8222;Ako ich m\u00e1m presved\u010di\u0165, \u017ee to mysl\u00edm dobre, \u017ee im chcem pom\u00f4c\u0165?&#8220;<\/p>\n<p>Napadla ho zvl\u00e1\u0161tna my\u0161lienka: &#8222;Keby som sa aspo\u0148 na chv\u00ed\u013eu mohol sta\u0165 sne\u017enou husou a porozpr\u00e1va\u0165 sa s nimi ich re\u010dou. To by ma ur\u010dite pochopili.&#8220;<\/p>\n<p>A zrazu si uvedomil, \u017ee je \u0160tedr\u00fd ve\u010der, a usmial sa. Viano\u010dn\u00fd pr\u00edbeh sa mu u\u017e nezdal nezmyseln\u00fd. V duchu si predstavil jednoducho vyzeraj\u00face die\u0165a le\u017eiace v jasli\u010dk\u00e1ch v chlieve v Betleheme. U\u017e pochopil viano\u010dn\u00fa z\u00e1hadu: Boh sa stal jedn\u00fdm z n\u00e1s, aby n\u00e1m na\u0161ou re\u010dou mohol vyjadri\u0165, \u017ee n\u00e1s miluje, \u017ee n\u00e1s miluje pr\u00e1ve teraz a \u017ee mu ide o na\u0161e dobro.<\/p>\n<p>(Brian Cavanaugh)<\/p>\n","protected":false},"excerpt":{"rendered":"<p>Kr\u00e1tke viano\u010dn\u00e9 pr\u00edbehy na zamyslenie&#8230;<\/p>\n","protected":false},"author":2,"featured_media":0,"comment_status":"closed","ping_status":"open","sticky":false,"template":"","format":"standard","meta":[],"categories":[4],"tags":[],"_links":{"self":[{"href":"https:\/\/btm.sk\/WP\/wp-json\/wp\/v2\/posts\/1775"}],"collection":[{"href":"https:\/\/btm.sk\/WP\/wp-json\/wp\/v2\/posts"}],"about":[{"href":"https:\/\/btm.sk\/WP\/wp-json\/wp\/v2\/types\/post"}],"author":[{"embeddable":true,"href":"https:\/\/btm.sk\/WP\/wp-json\/wp\/v2\/users\/2"}],"replies":[{"embeddable":true,"href":"https:\/\/btm.sk\/WP\/wp-json\/wp\/v2\/comments?post=1775"}],"version-history":[{"count":1,"href":"https:\/\/btm.sk\/WP\/wp-json\/wp\/v2\/posts\/1775\/revisions"}],"predecessor-version":[{"id":2191,"href":"https:\/\/btm.sk\/WP\/wp-json\/wp\/v2\/posts\/1775\/revisions\/2191"}],"wp:attachment":[{"href":"https:\/\/btm.sk\/WP\/wp-json\/wp\/v2\/media?parent=1775"}],"wp:term":[{"taxonomy":"category","embeddable":true,"href":"https:\/\/btm.sk\/WP\/wp-json\/wp\/v2\/categories?post=1775"},{"taxonomy":"post_tag","embeddable":true,"href":"https:\/\/btm.sk\/WP\/wp-json\/wp\/v2\/tags?post=1775"}],"curies":[{"name":"wp","href":"https:\/\/api.w.org\/{rel}","templated":true}]}}