{"id":1774,"date":"2011-11-08T23:47:51","date_gmt":"2011-11-08T22:47:51","guid":{"rendered":"http:\/\/btm.sk\/WP\/2011\/11\/08\/vianocne-paradoxy\/"},"modified":"2018-05-17T22:43:34","modified_gmt":"2018-05-17T20:43:34","slug":"vianocne-paradoxy","status":"publish","type":"post","link":"https:\/\/btm.sk\/WP\/2011\/11\/08\/vianocne-paradoxy\/","title":{"rendered":"VIANO\u010cN\u00c9 PARADOXY"},"content":{"rendered":"<p><span class=\"text\"><br \/>\nAk sa chc\u00fa \u013eudia sta\u0165 bohom,<br \/>\nrobia to v\u017edy len kv\u00f4li sebe.<br \/>\nBoh sa v\u0161ak v t\u00fa dne\u0161n\u00fa noc,<br \/>\nnaopak,<br \/>\nstal \u010dlovekom kv\u00f4li n\u00e1m.<\/span><br \/>\n<!--more--><br \/>\nOn pre seba<br \/>\nnepotreboval na\u0161e \u010dlove\u010denstvo,<br \/>\nto my sme nutne potrebovali<br \/>\nv narodenom betlehemskom die\u0165ati<br \/>\njeho bo\u017estvo \u2013 pre n\u00e1s.<br \/>\nStar\u00e1 m\u00fadros\u0165 hovor\u00ed,<br \/>\n\u017ee Boh sa stal preto \u010dlovekom,<br \/>\naby sa \u010dlovek mohol sta\u0165 Bohom. <\/p>\n<p>\u013dudsk\u00ed samozvan\u00ed \u010di obdivom vyv\u00fd\u0161en\u00ed \u201ebohovia\u201c v podobe spev\u00e1kov, \u0161portovcov, politikov alebo aj podnikate\u013eov t\u00fa\u017eia priv\u00e1dza\u0165 svoje potomstvo na svet len v t\u00fdch najvych\u00fdrenej\u0161\u00edch p\u00f4rodniciach sl\u00e1vnych klin\u00edk a za asistencie renomovan\u00fdch p\u00f4rodn\u00edkov.<br \/>\nBoh, naopak, vst\u00fapil na na\u0161u plan\u00e9tu v starom chlieve a v pr\u00edtomnosti nem\u00fdch tvorov.<br \/>\nSvetov\u00e9 m\u00e9di\u00e1 o tejto udalosti ml\u010dali, sponzori sa nepredbiehali, nikto nevyberal exotick\u00e9 meno pre toto die\u0165a.<br \/>\nPr\u00e1ve naopak. Dom\u00e1cich informovala o tejto udalosti duchovn\u00e1 bytos\u0165, cezpo\u013en\u00fdm to ozn\u00e1mila ml\u010danliv\u00e1 hviezda, meno bolo dan\u00e9 vopred a kadidlo \u010di myrtu nemo\u017eno pova\u017eova\u0165 za sponzoring.<\/p>\n<p>V t\u00fa noc sa narodilo die\u0165a,<br \/>\nktor\u00e9ho \u017eivotn\u00fd koniec<br \/>\nbol v \u013eudsk\u00fdch o\u010diach tot\u00e1lnou prehrou.<br \/>\nA predsa sa,<br \/>\nparadoxne,<br \/>\nstal najv\u00e4\u010d\u0161\u00edm v\u00ed\u0165azstvom v dejin\u00e1ch.<br \/>\nV\u00ed\u0165azstvom \u017eivota nad smr\u0165ou.<\/p>\n<p>(Max Ka\u0161par\u016f)<\/p>\n<p><b>Sl\u00e1va na v\u00fdsostiach Bohu!<\/b><\/p>\n<p>Rok \u010do rok svietia vo v\u00fdkladoch<br \/>\ntrblietav\u00e9 hviezdy<br \/>\na na zemi iskriaci sa sneh,<br \/>\ndedovia s bielymi f\u00fazmi, dlhou bradou<br \/>\na s \u010dervenou \u010diapkou zvestuj\u00fa evanjelium&#8230;<br \/>\nAk\u00fd si v t\u00fdchto d\u0148och popul\u00e1rny!<\/p>\n<p>Obchodn\u00e9 domy s\u00fa otvoren\u00e9 cel\u00fd de\u0148,<br \/>\ntakmer bez prest\u00e1vky.<br \/>\nAj na po\u0161t\u00e1ch pracuj\u00fa cez \u010das.<br \/>\nSme k sebe tak\u00ed l\u00e1skav\u00ed \u2013<br \/>\na\u017e do r\u00e1na 27. decembra\u2026<\/p>\n<p>Ochr\u00e1\u0148 ma, Pane,<br \/>\naby som \u0165a neh\u013eadal inde,<br \/>\nako skuto\u010dne si!<br \/>\nChcem \u0165a h\u013eada\u0165<br \/>\nv \u013eu\u010foch okolo seba,<br \/>\nv biednych a mali\u010dk\u00fdch,<br \/>\nv \u010dloveku poh\u0155danom a osamelom. <\/p>\n<p>Daj,<br \/>\nnech sa dokazujem<br \/>\nv oh\u013eaduplnosti, l\u00e1ske,<br \/>\ndobrotivosti<br \/>\na spravodlivosti ku v\u0161etk\u00fdm.<\/p>\n<p>Daj mi odvahu<br \/>\na rozmno\u017e moju vieru.<br \/>\nTy si sa stal \u010dlovekom,<br \/>\nteraz chcem by\u0165 \u010dlovekom aj ja.<br \/>\nPros\u00edm,<br \/>\npom\u00f4\u017e mi v tom.<\/p>\n<p>(Alfonzo Pereira)<\/p>\n","protected":false},"excerpt":{"rendered":"<p>Ak sa chc\u00fa \u013eudia sta\u0165 bohom, robia to v\u017edy len kv\u00f4li sebe. Boh sa v\u0161ak v t\u00fa dne\u0161n\u00fa noc, naopak, stal \u010dlovekom kv\u00f4li n\u00e1m.<\/p>\n","protected":false},"author":2,"featured_media":0,"comment_status":"closed","ping_status":"open","sticky":false,"template":"","format":"standard","meta":[],"categories":[9],"tags":[],"_links":{"self":[{"href":"https:\/\/btm.sk\/WP\/wp-json\/wp\/v2\/posts\/1774"}],"collection":[{"href":"https:\/\/btm.sk\/WP\/wp-json\/wp\/v2\/posts"}],"about":[{"href":"https:\/\/btm.sk\/WP\/wp-json\/wp\/v2\/types\/post"}],"author":[{"embeddable":true,"href":"https:\/\/btm.sk\/WP\/wp-json\/wp\/v2\/users\/2"}],"replies":[{"embeddable":true,"href":"https:\/\/btm.sk\/WP\/wp-json\/wp\/v2\/comments?post=1774"}],"version-history":[{"count":1,"href":"https:\/\/btm.sk\/WP\/wp-json\/wp\/v2\/posts\/1774\/revisions"}],"predecessor-version":[{"id":2192,"href":"https:\/\/btm.sk\/WP\/wp-json\/wp\/v2\/posts\/1774\/revisions\/2192"}],"wp:attachment":[{"href":"https:\/\/btm.sk\/WP\/wp-json\/wp\/v2\/media?parent=1774"}],"wp:term":[{"taxonomy":"category","embeddable":true,"href":"https:\/\/btm.sk\/WP\/wp-json\/wp\/v2\/categories?post=1774"},{"taxonomy":"post_tag","embeddable":true,"href":"https:\/\/btm.sk\/WP\/wp-json\/wp\/v2\/tags?post=1774"}],"curies":[{"name":"wp","href":"https:\/\/api.w.org\/{rel}","templated":true}]}}