{"id":1765,"date":"2011-08-26T10:52:50","date_gmt":"2011-08-26T08:52:50","guid":{"rendered":"http:\/\/btm.sk\/WP\/2011\/08\/26\/zelal-by-som-si-aby-sa-to-nikdy-nestalo\/"},"modified":"2018-05-17T22:46:13","modified_gmt":"2018-05-17T20:46:13","slug":"zelal-by-som-si-aby-sa-to-nikdy-nestalo","status":"publish","type":"post","link":"https:\/\/btm.sk\/WP\/2011\/08\/26\/zelal-by-som-si-aby-sa-to-nikdy-nestalo\/","title":{"rendered":"\u017dELAL BY SOM SI, ABY SA TO NIKDY NESTALO"},"content":{"rendered":"<p><span class=\"text\"><br \/>\nD\u00e1vajte si teda ve\u013ek\u00fd pozor, ako m\u00e1te \u017ei\u0165: nie ako nem\u00fadri, ale ako m\u00fadri. Vyu\u017e\u00edvajte \u010das, lebo dni s\u00fa zl\u00e9. (Efezsk\u00fdm 5,15-16)<\/span><br \/>\n<!--more--><br \/>\nFrodo: \u017delal by som si, aby sa to nikdy nestalo.<br \/>\nGandalf: To by si \u017eelali v\u0161etci, ktor\u00ed za\u017eili tieto udalosti. Jedin\u00e9, \u010do mus\u00ed\u0161 rozhodn\u00fa\u0165, je,<br \/>\n\u010do urob\u00ed\u0161 s \u010dasom, ktor\u00fd ti bol dan\u00fd. (z filmu P\u00e1n prste\u0148ov) <\/p>\n<p>Asi ka\u017ed\u00fd \u010dlovek by si \u017eelal, aby to \u010di ono neza\u017eil, aby sa niektor\u00e9 udalosti nestali. Niekto by mo\u017eno rad\u0161ej \u017eil inokedy, ke\u010f bol \u017eivot jednoduch\u0161\u00ed a pokojnej\u0161\u00ed, ke\u010f boli \u013eudia k sebe slu\u0161nej\u0161\u00ed&#8230;<br \/>\nO obdob\u00ed, v ktorom \u017eijeme, rozhodn\u00fa\u0165 nem\u00f4\u017eeme. Asi ho ani v\u00fdrazne nezmen\u00edme. M\u00f4\u017eeme v\u0161ak rozhodn\u00fa\u0165 o tom, na \u010do vyu\u017eijeme \u010das svojho \u017eivota. M\u00fadros\u0165 nespo\u010d\u00edva v tom, ako najlep\u0161ie prepl\u00e1va\u0165 \u017eivotom, alebo ako sa \u010do najlep\u0161ie presadi\u0165, ale ako naplni\u0165 \u017eivot. Aj m\u00f4j \u017eivot toti\u017e prispieva k tomu, ak\u00e1 je dnes doba. <\/p>\n","protected":false},"excerpt":{"rendered":"<p>D\u00e1vajte si teda ve\u013ek\u00fd pozor, ako m\u00e1te \u017ei\u0165: nie ako nem\u00fadri, ale ako m\u00fadri. Vyu\u017e\u00edvajte \u010das, lebo dni s\u00fa zl\u00e9. (Efezsk\u00fdm 5,15-16)<\/p>\n","protected":false},"author":2,"featured_media":0,"comment_status":"closed","ping_status":"open","sticky":false,"template":"","format":"standard","meta":[],"categories":[9],"tags":[],"_links":{"self":[{"href":"https:\/\/btm.sk\/WP\/wp-json\/wp\/v2\/posts\/1765"}],"collection":[{"href":"https:\/\/btm.sk\/WP\/wp-json\/wp\/v2\/posts"}],"about":[{"href":"https:\/\/btm.sk\/WP\/wp-json\/wp\/v2\/types\/post"}],"author":[{"embeddable":true,"href":"https:\/\/btm.sk\/WP\/wp-json\/wp\/v2\/users\/2"}],"replies":[{"embeddable":true,"href":"https:\/\/btm.sk\/WP\/wp-json\/wp\/v2\/comments?post=1765"}],"version-history":[{"count":1,"href":"https:\/\/btm.sk\/WP\/wp-json\/wp\/v2\/posts\/1765\/revisions"}],"predecessor-version":[{"id":2201,"href":"https:\/\/btm.sk\/WP\/wp-json\/wp\/v2\/posts\/1765\/revisions\/2201"}],"wp:attachment":[{"href":"https:\/\/btm.sk\/WP\/wp-json\/wp\/v2\/media?parent=1765"}],"wp:term":[{"taxonomy":"category","embeddable":true,"href":"https:\/\/btm.sk\/WP\/wp-json\/wp\/v2\/categories?post=1765"},{"taxonomy":"post_tag","embeddable":true,"href":"https:\/\/btm.sk\/WP\/wp-json\/wp\/v2\/tags?post=1765"}],"curies":[{"name":"wp","href":"https:\/\/api.w.org\/{rel}","templated":true}]}}