{"id":1755,"date":"2011-04-28T18:25:02","date_gmt":"2011-04-28T16:25:02","guid":{"rendered":"http:\/\/btm.sk\/WP\/2011\/04\/28\/katastrofa-v-japonsku\/"},"modified":"2018-05-17T22:48:52","modified_gmt":"2018-05-17T20:48:52","slug":"katastrofa-v-japonsku","status":"publish","type":"post","link":"https:\/\/btm.sk\/WP\/2011\/04\/28\/katastrofa-v-japonsku\/","title":{"rendered":"KATASTROFA V JAPONSKU"},"content":{"rendered":"<p><span class=\"text\">Lebo takto hovor\u00ed Hospodin mocnost\u00ed: Len mal\u00fa chv\u00ed\u013eu e\u0161te, a ja zatrasiem nebom a zemou, i morom a suchou zemou. (Aggeus 2,6)<br \/>\n<\/span><br \/>\n<!--more--><br \/>\n<img src=\"img\/articles\/Japonsko-1.jpg\" alt=\"\"><\/p>\n<p>Ke\u010f som \u010d\u00edtal tieto slov\u00e1 ako mlad\u00fd \u010dlovek, nedok\u00e1zal som si predstavi\u0165, \u010do sa skr\u00fdva za slovami \u201ezatrasiem nebom a zemou, i morom a suchou zemou\u201c. Po vlne cunami, ktor\u00e1 zni\u010dila pobre\u017eie juhov\u00fdchodnej \u00c1zie na Vianoce 2004 a teraj\u0161ej katastrofe v\u00a0Japonsku to u\u017e viem. Ide o pr\u00edrodn\u00e9 javy, vo\u010di ktor\u00fdm je \u010dlovek \u00faplne bezmocn\u00fd. Cunami v\u00a0r. 2004 zabila vy\u0161e 300.000 \u013eud\u00ed a postihla \u010fal\u0161ie mili\u00f3ny. Ned\u00e1vne zemetrasenie a n\u00e1sledn\u00e1 vlna cunami v\u00a0Japonsku pripravili o \u017eivot vy\u0161e 10.000 \u013eud\u00ed, postihnut\u00fdch je v\u0161ak mnohon\u00e1sobne viac. Vzh\u013eadom na udalosti v\u00a0at\u00f3movej elektr\u00e1rni Fuku\u0161ima do\u0161lo k jadrovej kr\u00edze, ktor\u00e1 sa neust\u00e1le stup\u0148uje. \u013dudia \u017eij\u00faci v 30 kilometrovom okruhu od elektr\u00e1rne boli vyzvan\u00ed na evaku\u00e1ciu. No panike podliehaj\u00fa aj \u013eudia v hlavnom meste Tokio. Boja sa o svoje zdravie, o pre\u017eitie.<\/p>\n<p><img src=\"img\/articles\/Japonsko-5.jpg\" alt=\"\"><\/p>\n<p>M\u00e9di\u00e1 po celom svete bez prest\u00e1vky prin\u00e1\u0161aj\u00fa \u010fal\u0161ie a \u010fal\u0161ie spr\u00e1vy. Katastrofa v\u00a0Japonsku sa dot\u00fdka cel\u00e9ho sveta. U\u017e niet svetadielu \u010di krajiny, ktor\u00e1 by mohla poveda\u0165: n\u00e1s sa to net\u00fdka. Pr\u00e1ve naopak. Dne\u0161n\u00fd svet je nato\u013eko poprep\u00e1jan\u00fd vo v\u0161etk\u00fdch oblastiach \u017eivota, \u017ee d\u00f4sledky japonskej katastrofy poci\u0165ujeme v\u0161etci a e\u0161te aj poc\u00edtime. A prirodzene sa p\u00fdtame: ak\u00e1 \u010fal\u0161ia katastrofa pr\u00edde teraz? Ve\u010f mus\u00edme r\u00e1ta\u0165 s\u00a0t\u00fdm, \u017ee nabud\u00face to m\u00f4\u017ee by\u0165 v\u00a0na\u0161ej tesnej bl\u00edzkosti.<\/p>\n<p><img src=\"img\/articles\/Japonsko-4.jpg\" alt=\"\"><\/p>\n<p>Slovo proroka Aggea uveden\u00e9 v\u00a0z\u00e1hlav\u00ed m\u00e1 svoju novoz\u00e1konn\u00fa odozvu v 12. kapitole listu apo\u0161tola Pavla k \u017didom: H\u013ea\u010fte, aby ste neodporovali Tomu, ktor\u00fd hovor\u00ed. Lebo ke\u010f neu\u0161li trestu tamt\u00ed, ktor\u00ed odporovali tomu, \u010do im na zemi zjavil v\u00f4\u013eu Bo\u017eiu, o \u010do menej my, ke\u010f sa odvr\u00e1time od Toho, ktor\u00fd hovor\u00ed z neba. Jeho hlas vtedy otriasol zemou, a teraz d\u00e1va zas\u013e\u00fabenie a hovor\u00ed: E\u0161te raz zatrasiem zemou, ale aj nebom. A to: e\u0161te raz, zrejme poukazuje na zmenu vec\u00ed, ktor\u00fdmi zatrasie ako stvoren\u00fdmi, aby zostalo, \u010do sa nem\u00f4\u017ee otrias\u0165. (\u017didom 12,25-27)<br \/>\nKe\u010f P\u00e1n Je\u017ei\u0161 odpovedal na Olivovej hore svojim u\u010den\u00edkom na ich ot\u00e1zku o \u010dase a znameniach jeho druh\u00e9ho pr\u00edchodu a skonania vekov, povedal im: Lebo povstane n\u00e1rod proti n\u00e1rodu a kr\u00e1\u013eovstvo proti kr\u00e1\u013eovstvu, bude hlad a mor a miestami zemetrasenia. A v\u0161etko toto je po\u010diatok (predp\u00f4rodn\u00fdch) bolest\u00ed. (Mat\u00fa\u0161 24,7-8)<\/p>\n<p><img src=\"img\/articles\/Japonsko-3.jpg\" alt=\"\"><\/p>\n<p>V\u00a0posledn\u00fdch \u010dasoch sa bud\u00fa mno\u017ei\u0165 tieto znamenie. Aj neveriaci \u013eudia povedia: modl\u00edm sa, aby sa nestalo to a to. V\u0161etci si uvedomuj\u00fa svoju bezmocnos\u0165, nemo\u017enos\u0165 sa na v\u0161etko vopred pripravi\u0165, nejako sa zaisti\u0165. V\u0161etko, \u010do \u010dlovek vybudoval, na \u010do bol tak\u00fd py\u0161n\u00fd, \u010do si tak \u201ebla\u017eene\u201c u\u017e\u00edval, v\u0161etko zmizne po\u010das jedin\u00e9ho okamihu. Nezostane ni\u010d. Len trosky. Pla\u010d a bezn\u00e1dej. \u010clovek nie je ani p\u00e1nom pr\u00edrody, ale ani svoj\u00edm vlastn\u00fdm p\u00e1nom. Je tu zvrchovan\u00fd P\u00e1n P\u00e1nov a Kr\u00e1\u013e Kr\u00e1\u013eov. Hovor\u00ed z nebies k cel\u00e9mu \u013eudstvu, teraz viac ako kedyko\u013evek predt\u00fdm. Bude ho \u013eudstvo aj na\u010falej odmieta\u0165?<br \/>\nV\u0161etci si uvedomujeme, ako treba \u010do najr\u00fdchlej\u0161ie a naj\u00fa\u010dinnej\u0161ie pom\u00f4c\u0165. Je dobre, \u017ee sa po celom svete zdvihla obrovsk\u00e1 vlna solidarity. Desiatky \u0161t\u00e1tov a organiz\u00e1ci\u00ed, \u010di cirkv\u00ed, vysielaj\u00fa svoje z\u00e1chrann\u00e9 t\u00edmy, organizuj\u00fa humanit\u00e1rnu pomoc, robia mimoriadne finan\u010dn\u00e9 zbierky. Aj u n\u00e1s. Mnoh\u00ed sa do nej aj zap\u00e1jame. \u00da\u010dinnou pomocou je v\u0161ak aj modlitba. Na mnoh\u00fdch miestach sa po celom svete sch\u00e1dzaj\u00fa \u013eudia k modlitb\u00e1m za v\u0161etk\u00fdch, ktor\u00ed teraz pre\u017e\u00edvaj\u00fa ve\u013ek\u00e9 utrpenie, boles\u0165, strach a bezn\u00e1dej. Nech je neoddelite\u013enou s\u00fa\u010das\u0165ou na\u0161ich modlitieb aj prosba za to, aby \u013eudia nielen v\u00a0Japonsku, ale aj inde na svete neodmietali toho, ktor\u00fd k\u00a0n\u00e1m hovor\u00ed. Ve\u010f mu ide o jedin\u00e9: aby sme h\u013eadali a nach\u00e1dzali to, \u010do je neotrasite\u013en\u00e9. \u010co nepodlieha skaze. Ve\u010dn\u00e9 kr\u00e1\u013eovstvo Bo\u017eej milosti, l\u00e1sky a moci.<br \/>\n(Jan Tit\u011bra)<\/p>\n<p><img src=\"img\/articles\/Japonsko-2.jpg\" alt=\"\"><\/p>\n<p>Do va\u0161ej pozornosti odpor\u00fa\u010dame let\u00e1k, ktor\u00fd sme pripravili na aktu\u00e1lnu t\u00e9mu \u2013 autor sa v \u0148om taktie\u017e zam\u00fd\u0161\u013ea nad katastrofou v Japonsku. A nielen tou. Podobn\u00e9 udalosti ch\u00e1pe ako Bo\u017eie znamenia, ktor\u00e9 by mali \u013eudstvo zastavi\u0165. Malo by sa zamyslie\u0165, v pokore si uvedomi\u0165, \u017ee \u010dlovek nie p\u00e1nom sveta, ale \u017ee ho dostal iba do u\u017e\u00edvania, do spr\u00e1vy, a teda ho m\u00e1 zve\u013ea\u010fova\u0165 a chr\u00e1ni\u0165 a nie ni\u010di\u0165 a devastova\u0165. Let\u00e1\u010dik n\u00e1jdete v ponuke pod ozna\u010den\u00edm <b>PL22 Krehkos\u0165 sveta, bezn\u00e1dej a&#8230; istota<\/b>.<\/p>\n","protected":false},"excerpt":{"rendered":"<p>Lebo takto hovor\u00ed Hospodin mocnost\u00ed: Len mal\u00fa chv\u00ed\u013eu e\u0161te, a ja zatrasiem nebom a zemou, i morom a suchou zemou. (Aggeus 2,6)<\/p>\n","protected":false},"author":2,"featured_media":0,"comment_status":"closed","ping_status":"open","sticky":false,"template":"","format":"standard","meta":[],"categories":[11],"tags":[],"_links":{"self":[{"href":"https:\/\/btm.sk\/WP\/wp-json\/wp\/v2\/posts\/1755"}],"collection":[{"href":"https:\/\/btm.sk\/WP\/wp-json\/wp\/v2\/posts"}],"about":[{"href":"https:\/\/btm.sk\/WP\/wp-json\/wp\/v2\/types\/post"}],"author":[{"embeddable":true,"href":"https:\/\/btm.sk\/WP\/wp-json\/wp\/v2\/users\/2"}],"replies":[{"embeddable":true,"href":"https:\/\/btm.sk\/WP\/wp-json\/wp\/v2\/comments?post=1755"}],"version-history":[{"count":1,"href":"https:\/\/btm.sk\/WP\/wp-json\/wp\/v2\/posts\/1755\/revisions"}],"predecessor-version":[{"id":2211,"href":"https:\/\/btm.sk\/WP\/wp-json\/wp\/v2\/posts\/1755\/revisions\/2211"}],"wp:attachment":[{"href":"https:\/\/btm.sk\/WP\/wp-json\/wp\/v2\/media?parent=1755"}],"wp:term":[{"taxonomy":"category","embeddable":true,"href":"https:\/\/btm.sk\/WP\/wp-json\/wp\/v2\/categories?post=1755"},{"taxonomy":"post_tag","embeddable":true,"href":"https:\/\/btm.sk\/WP\/wp-json\/wp\/v2\/tags?post=1755"}],"curies":[{"name":"wp","href":"https:\/\/api.w.org\/{rel}","templated":true}]}}