{"id":1753,"date":"2011-03-14T19:10:49","date_gmt":"2011-03-14T18:10:49","guid":{"rendered":"http:\/\/btm.sk\/WP\/2011\/03\/14\/mily-pontsky-pilat\/"},"modified":"2018-05-17T22:49:15","modified_gmt":"2018-05-17T20:49:15","slug":"mily-pontsky-pilat","status":"publish","type":"post","link":"https:\/\/btm.sk\/WP\/2011\/03\/14\/mily-pontsky-pilat\/","title":{"rendered":"MIL\u00dd PONTSK\u00dd PIL\u00c1T,"},"content":{"rendered":"<p><span class=\"text\">mnoh\u00fdm nie si sympatick\u00fd, kv\u00f4li svojmu historick\u00e9mu um\u00fdvaniu r\u00fak. V mene R\u00edma, ve\u013ek\u00e9ho R\u00edma, si vl\u00e1dol od r. 26 do 36 po Kr. v Judsku, Sam\u00e1rii a Idumeji. Spom\u00edna\u0161 si, \u017ee? Tie \u010dasy s\u00fa v\u0161ak u\u017e d\u00e1vno pre\u010d! No v hist\u00f3rii ost\u00e1va\u0161 st\u00e1le aktu\u00e1lny. \u010co si v\u0161ak vykonal, ak\u00e9 hrdinsk\u00e9 \u010diny, aby si \u0165a pam\u00e4tali gener\u00e1cie?<\/span><br \/>\n<!--more--><br \/>\nTvoje meno sa spom\u00edna v spojitosti s ist\u00fdm Je\u017ei\u0161om z Nazaretu, ktor\u00e9mu v\u0161etci hovorili &#8222;Majster&#8220; a ktor\u00fd bol synom tes\u00e1ra Jozefa. \u00c1no, pr\u00e1ve s t\u00fdm \u010dlovekom, ktor\u00e9ho si svoj\u00edm gestom \u2013 umyt\u00edm r\u00fak \u2013 poslal na smr\u0165. Mohol si ho zachr\u00e1ni\u0165, keby si bol chcel. Ty si to v\u0161ak nespravil, hoci si bol presved\u010den\u00fd o jeho nevine. Neobhajuj sa! \u00c1no, viem, Je\u017ei\u0161 bol najprv ods\u00faden\u00fd \u017eidovskou ve\u013eradou. Ale ty si nemusel tento rozsudok potvrdi\u0165. A hoci si aj trikr\u00e1t verejne vyhl\u00e1sil, \u017ee Je\u017ei\u0161 je nevinn\u00fd, predsa si ho dal ukri\u017eova\u0165 ako zlo\u010dinca. A s\u00e1m si sa zbavil viny \u00faradn\u00fdm, \u010di sk\u00f4r ak\u00fdmsi &#8222;sl\u00e1vnostn\u00fdm&#8220; r\u00e1zom tohto svojho zavrhnutiahodn\u00e9ho, nedbanliv\u00e9ho a nezodpovedn\u00e9ho konania umyt\u00edm r\u00fak: &#8222;Nem\u00e1m viny na krvi tohto \u010dloveka. To je va\u0161a vec.&#8220; Takto sa spr\u00e1va r\u00edmsky guvern\u00e9r? Mysl\u00ed\u0161 si, \u017ee si t\u00fdm obh\u00e1jil svoju nevinu?<br \/>\nMil\u00fd Pil\u00e1t, viem si predstavi\u0165, \u010do \u0165a asi vtedy tr\u00e1pilo, \u010do si si myslel, ke\u010f si mal rozhodn\u00fa\u0165 o \u017eivote alebo smrti Je\u017ei\u0161a: Tento \u010dlovek je nevinn\u00fd, nenach\u00e1dzam na \u0148om \u017eiadnu vinu, pre\u010do by som ho mal necha\u0165 zomrie\u0165? Ale pre\u010do si dav vyvolil Barab\u00e1\u0161a, vzb\u00farenca a nepriate\u013ea R\u00edma? Ak im nevyhoviem, m\u00f4\u017eu vyvola\u0165 vzburu. \u010co by povedali v R\u00edme? A \u010do by bolo potom so mnou? Ako by som dopadol? Moje postavenie, moc a moje bohatstvo? Lep\u0161ie bude ust\u00fapi\u0165 a uspokoji\u0165 \u013eud&#8230;&#8220; Len\u017ee tak\u00e9to pohn\u00fatky \u0165a neospravedl\u0148uj\u00fa. Svedomie si nemo\u017eno po\u0161pini\u0165, a potom ho vz\u00e1p\u00e4t\u00ed opl\u00e1chnu\u0165 vodou. Pok\u00fa\u0161am sa \u0165a v\u0161ak aspo\u0148 pochopi\u0165.<br \/>\nAk bolo treba odvahu, aby si poslal nevinn\u00e9ho na Golgotu, vedz, \u017ee ja zase potrebujem odvahu, aby som \u0165a v\u00f4bec obvinil. Ke\u010f sa pozer\u00e1m okolo seba, nec\u00edtim sa opr\u00e1vnen\u00fd uk\u00e1za\u0165 na teba prstom \u017ealobcu. Tento tvoj \u010din, tvoja vn\u00fatorn\u00e1 slabos\u0165, sa dnes stali \u017eivotn\u00fdm \u0161t\u00fdlom mnoh\u00fdch \u013eud\u00ed. Zvali\u0165 vinu na druh\u00fdch sa n\u00e1m u\u017e akosi dostalo do krvi, preto\u017ee sa pritom tv\u00e1rime, akoby sa ni\u010d nestalo. Dne\u0161ok sa vyzna\u010duje odmietan\u00edm dodr\u017eiavania spravodlivosti, na ktorej by mali spo\u010d\u00edva\u0165 spolo\u010dnos\u0165 aj \u0161t\u00e1t, na ktorej sa buduj\u00fa mravn\u00e9 hodnoty. Denne si um\u00fdvame ruky aj my oby\u010dajn\u00ed \u013eudia a viem aj to, mil\u00fd Pil\u00e1t, \u017ee dnes si myj\u00fa ruky aj kres\u0165ania&#8230;<br \/>\nKo\u013ek\u00e9 zva\u013eovanie viny, ko\u013ek\u00e9 mytie r\u00fak, ke\u010f m\u00e1me by\u0165 cirkvou, spolo\u010denstvom l\u00e1sky, ke\u010f m\u00e1me sl\u00fa\u017ei\u0165 Je\u017ei\u0161ovi! Dne\u0161n\u00fd \u010dlovek toti\u017e nechce pre\u017ei\u0165 svoj \u017eivot naplno, lebo chce \u017ei\u0165 bez rizika, v\u00fdkyvov, sklaman\u00ed, vo falo\u0161nom pokoji. A. R. Follereau nap\u00edsal: Pochopte to u\u017e! Tu nejde o to, aby sme nejak\u00fdm neur\u010dit\u00fdm gestom osu\u0161ili jednu slzu, \u010di mali okam\u017eit\u00fd s\u00facit, ale o to, aby sme si kone\u010dne v\u0161etko naplno uvedomili a u\u017e to viac nestrpeli. To znamen\u00e1 neuspokoji\u0165 sa s dan\u00fdm stavom. Nechcime u\u017e viac by\u0165 \u0161\u0165astn\u00ed len my sami. Neutekajme ani sa nevzd\u00e1vajme pred biedou, nespravodlivos\u0165ou, zbabelos\u0165ou, nepristupujme na kompromisy, neustupujme. Bojujme, bime sa. Svet je hladn\u00fd po l\u00e1ske. Tak pracujme!<br \/>\nB\u00e1snik E. Lee Mastersom n\u00e1s vyz\u00fdva:<br \/>\nL\u00e1ska sa mi pon\u00fakala, no ja som sa od\u0165ahoval od jej zvodov&#8230;<br \/>\nBoles\u0165 klopala mi na dvere, a ja som sa jej b\u00e1l&#8230;<br \/>\nCti\u017eiados\u0165 na m\u0148a hlasno volala, no ja som mal strach z nepredv\u00eddan\u00e9ho&#8230;<br \/>\nNapriek tomu v\u0161etk\u00e9mu som trpel hladom po zmysle \u017eivota.<br \/>\nA teraz viem, \u017ee mal som vytiahnu\u0165 plachty a vystavi\u0165 sa vetrom,<br \/>\nnech by kamko\u013evek zaviali moju lo\u010fku.<br \/>\nDa\u0165 zmysel \u017eivotu m\u00f4\u017ee vies\u0165 k bl\u00e1znovstvu,<br \/>\nale \u017eivot bez zmyslu je len mu\u010div\u00fd nepokoj a m\u00e1rna t\u00fa\u017eba.<br \/>\nMil\u00fd Pontsk\u00fd Pil\u00e1t, kres\u0165ania \u2013 priatelia Je\u017ei\u0161a, ktor\u00e9ho si ty vydal na smr\u0165 \u2013 u\u017e na\u0161li odpove\u010f na t\u00fa\u017ebu po zmysle a absol\u00fatne v Bohu, v Bohu Je\u017ei\u0161a Krista. Ale ko\u013eko \u013eud\u00ed si aj tak e\u0161te umyje ruky ako ty!<br \/>\nFrancesco<br \/>\n(Skr\u00e1ten\u00e9 a upraven\u00e9 pod\u013ea knihy Otev\u0159en\u00e9 dopisy od F. Armentiho, ktor\u00fa vydalo Karmelit\u00e1nske nakladate\u013estvo, zdroj: www.pastorace.cz .)<\/p>\n","protected":false},"excerpt":{"rendered":"<p>mnoh\u00fdm nie si sympatick\u00fd, kv\u00f4li svojmu historick\u00e9mu um\u00fdvaniu r\u00fak. V mene R\u00edma, ve\u013ek\u00e9ho R\u00edma, si vl\u00e1dol od r. 26 do 36 po Kr. v Judsku, Sam\u00e1rii a Idumeji. Spom\u00edna\u0161 si, \u017ee? Tie \u010dasy s\u00fa v\u0161ak u\u017e d\u00e1vno pre\u010d! No v hist\u00f3rii ost\u00e1va\u0161 st\u00e1le aktu\u00e1lny. \u010co si v\u0161ak vykonal, ak\u00e9 hrdinsk\u00e9 \u010diny, aby si \u0165a pam\u00e4tali [&hellip;]<\/p>\n","protected":false},"author":2,"featured_media":0,"comment_status":"closed","ping_status":"open","sticky":false,"template":"","format":"standard","meta":[],"categories":[9],"tags":[],"_links":{"self":[{"href":"https:\/\/btm.sk\/WP\/wp-json\/wp\/v2\/posts\/1753"}],"collection":[{"href":"https:\/\/btm.sk\/WP\/wp-json\/wp\/v2\/posts"}],"about":[{"href":"https:\/\/btm.sk\/WP\/wp-json\/wp\/v2\/types\/post"}],"author":[{"embeddable":true,"href":"https:\/\/btm.sk\/WP\/wp-json\/wp\/v2\/users\/2"}],"replies":[{"embeddable":true,"href":"https:\/\/btm.sk\/WP\/wp-json\/wp\/v2\/comments?post=1753"}],"version-history":[{"count":1,"href":"https:\/\/btm.sk\/WP\/wp-json\/wp\/v2\/posts\/1753\/revisions"}],"predecessor-version":[{"id":2213,"href":"https:\/\/btm.sk\/WP\/wp-json\/wp\/v2\/posts\/1753\/revisions\/2213"}],"wp:attachment":[{"href":"https:\/\/btm.sk\/WP\/wp-json\/wp\/v2\/media?parent=1753"}],"wp:term":[{"taxonomy":"category","embeddable":true,"href":"https:\/\/btm.sk\/WP\/wp-json\/wp\/v2\/categories?post=1753"},{"taxonomy":"post_tag","embeddable":true,"href":"https:\/\/btm.sk\/WP\/wp-json\/wp\/v2\/tags?post=1753"}],"curies":[{"name":"wp","href":"https:\/\/api.w.org\/{rel}","templated":true}]}}