{"id":1751,"date":"2011-03-14T19:01:11","date_gmt":"2011-03-14T18:01:11","guid":{"rendered":"http:\/\/btm.sk\/WP\/2011\/03\/14\/velka-noc-jadro-krestanstva\/"},"modified":"2018-05-17T22:50:24","modified_gmt":"2018-05-17T20:50:24","slug":"velka-noc-jadro-krestanstva","status":"publish","type":"post","link":"https:\/\/btm.sk\/WP\/2011\/03\/14\/velka-noc-jadro-krestanstva\/","title":{"rendered":"VE\u013dK\u00c1 NOC &#8211; JADRO KRES\u0164ANSTVA"},"content":{"rendered":"<p><span class=\"text\">Iste v\u0161etci netrpezlivo o\u010dak\u00e1vame jar \u2013 slne\u010dnej\u0161ie dni, teplej\u0161ie po\u010dasie, svie\u017eu pr\u00edrodu.<\/span><br \/>\n<!--more--><br \/>\nS jarou sa bl\u00ed\u017eia aj ve\u013ekono\u010dn\u00e9 sviatky. Ka\u017ed\u00fd sa na ne sna\u017e\u00ed pripravi\u0165 in\u00fdm sp\u00f4sobom: niekto upratuje \u2013 vonku i doma, ma\u013euje, opravuje&#8230; gazdinky nakupuj\u00fa mno\u017estvo jedla a pripravuj\u00fa r\u00f4zne dobroty, aby sme v\u0161etci mali cez sviatky pohodu a pokoj. A v tom z\u00e1pale pr\u00edprav akosi zab\u00fadame na prav\u00fd zmysel Ve\u013ekej noci.<br \/>\nVe\u013ek\u00e1 noc je toti\u017e jadrom kres\u0165anstva: P\u00e1n Je\u017ei\u0161 Kristus bol obetovan\u00fd ako ve\u013ekono\u010dn\u00fd Bar\u00e1nok za hriechy sveta. Za hriechy ka\u017ed\u00e9ho \u010dloveka, aj za tie moje. Na golgotskom kr\u00ed\u017ei trpel za moje viny. V\u0161etko pr\u00edkorie a \u013eudsk\u00fa zlobu zn\u00e1\u0161al z l\u00e1sky k \u013eu\u010fom, lebo ich t\u00fa\u017eil zachr\u00e1ni\u0165 a privies\u0165 do Bo\u017eieho kr\u00e1\u013eovstva. Jeho poslanie sa v\u0161ak na kr\u00ed\u017ei neskon\u010dilo. Smr\u0165 nemala posledn\u00e9 slovo. Nebesk\u00fd Otec ho vzkriesil z m\u0155tvych a uviedol do svojej sl\u00e1vy. Svedectvo o t\u00fdchto udalostiach n\u00e1m pod\u00e1vaj\u00fa jeho u\u010den\u00edci, oni sa ako jedni z prv\u00fdch stretli so vzkriesen\u00fdm P\u00e1nom.<br \/>\nNa n\u00e1s je, aby sme vierou prijali jeho obe\u0165 a vzkriesenie. K dielu spasenia u\u017e my sami nemus\u00edme ni\u010d prid\u00e1va\u0165. Sta\u010d\u00ed, ke\u010f povieme P\u00e1novi Je\u017ei\u0161ovi svoje \u00c1NO a \u010eAKUJEM.  Nezn\u00e1my b\u00e1snik zhrnul \u017eivot a slu\u017ebu P\u00e1na Je\u017ei\u0161a Krista t\u00fdmito slovami:<br \/>\nTen, ktor\u00fd je chlebom \u017eivota, za\u010dal svoju slu\u017ebu hladom.<br \/>\nTen, ktor\u00fd je vodou \u017eivota, skon\u010dil svoju slu\u017ebu sm\u00e4dom.<br \/>\nTen, ktor\u00fd bol znaven\u00fd, je na\u0161\u00edm prav\u00fdm odpo\u010dinkom.<br \/>\nTen, ktor\u00fd zaplatil nesmiernu da\u0148, je Kr\u00e1\u013e kr\u00e1\u013eov.<br \/>\nS\u00e1m sa modlil, a predsa m\u00f4\u017ee vypo\u010du\u0165 na\u0161e modlitby.<br \/>\nPlakal, a predsa dok\u00e1\u017ee osu\u0161i\u0165 na\u0161e slzy.<br \/>\nPredali ho za tridsa\u0165 strieborn\u00fdch, ale s\u00e1m dok\u00e1\u017ee vyk\u00fapil n\u00e1s.<br \/>\nStal sa obetn\u00fdm Bar\u00e1nka, a predsa je najlep\u0161\u00edm Pastierom.<br \/>\nZomrel, ale svojou smr\u0165ou a vzkriesen\u00edm dal \u017eivot n\u00e1m ostatn\u00fdm.<br \/>\nEvanjelium \u2013 to je dobr\u00e1 spr\u00e1va o smrti a vzkriesen\u00ed P\u00e1na Je\u017ei\u0161a Krista, to je to najlep\u0161ie posolstvo, ktor\u00e9 m\u00f4\u017eeme prinies\u0165 \u013eu\u010fom. Vyu\u017eime na to ka\u017ed\u00fa pr\u00edle\u017eitos\u0165. Aj teraz, s bl\u00ed\u017eiacimi sa najd\u00f4le\u017eitej\u0161\u00edmi kres\u0165ansk\u00fdmi sviatkami. Prajeme v\u00e1m po\u017eehnan\u00fd ve\u013ekono\u010dn\u00fd \u010das.<br \/>\n(Michal Petratur, \u010dlen t\u00edmu BTM)<\/p>\n","protected":false},"excerpt":{"rendered":"<p>Iste v\u0161etci netrpezlivo o\u010dak\u00e1vame jar \u2013 slne\u010dnej\u0161ie dni, teplej\u0161ie po\u010dasie, svie\u017eu pr\u00edrodu.<\/p>\n","protected":false},"author":2,"featured_media":0,"comment_status":"closed","ping_status":"open","sticky":false,"template":"","format":"standard","meta":[],"categories":[9],"tags":[],"_links":{"self":[{"href":"https:\/\/btm.sk\/WP\/wp-json\/wp\/v2\/posts\/1751"}],"collection":[{"href":"https:\/\/btm.sk\/WP\/wp-json\/wp\/v2\/posts"}],"about":[{"href":"https:\/\/btm.sk\/WP\/wp-json\/wp\/v2\/types\/post"}],"author":[{"embeddable":true,"href":"https:\/\/btm.sk\/WP\/wp-json\/wp\/v2\/users\/2"}],"replies":[{"embeddable":true,"href":"https:\/\/btm.sk\/WP\/wp-json\/wp\/v2\/comments?post=1751"}],"version-history":[{"count":1,"href":"https:\/\/btm.sk\/WP\/wp-json\/wp\/v2\/posts\/1751\/revisions"}],"predecessor-version":[{"id":2215,"href":"https:\/\/btm.sk\/WP\/wp-json\/wp\/v2\/posts\/1751\/revisions\/2215"}],"wp:attachment":[{"href":"https:\/\/btm.sk\/WP\/wp-json\/wp\/v2\/media?parent=1751"}],"wp:term":[{"taxonomy":"category","embeddable":true,"href":"https:\/\/btm.sk\/WP\/wp-json\/wp\/v2\/categories?post=1751"},{"taxonomy":"post_tag","embeddable":true,"href":"https:\/\/btm.sk\/WP\/wp-json\/wp\/v2\/tags?post=1751"}],"curies":[{"name":"wp","href":"https:\/\/api.w.org\/{rel}","templated":true}]}}