{"id":1749,"date":"2011-01-10T21:15:42","date_gmt":"2011-01-10T20:15:42","guid":{"rendered":"http:\/\/btm.sk\/WP\/2011\/01\/10\/vstupili-sme-do-noveho-roku\/"},"modified":"2018-05-17T22:50:40","modified_gmt":"2018-05-17T20:50:40","slug":"vstupili-sme-do-noveho-roku","status":"publish","type":"post","link":"https:\/\/btm.sk\/WP\/2011\/01\/10\/vstupili-sme-do-noveho-roku\/","title":{"rendered":"VST\u00daPILI SME DO NOV\u00c9HO ROKU&#8230;"},"content":{"rendered":"<p><span class=\"text\">a pred nami sa otv\u00e1ra \u010fal\u0161ia kapitola n\u00e1\u0161ho \u017eivota, ktor\u00e1 je zatia\u013e pre n\u00e1s nezn\u00e1ma. Nevieme, \u010do n\u00e1m tento rok prinesie. \u010ci budeme musie\u0165 viac \u010deli\u0165 neo\u010dak\u00e1van\u00fdm sk\u00fa\u0161kam, r\u00f4znym probl\u00e9mom a prek\u00e1\u017ekam, alebo sa, naopak, budeme viac radova\u0165 z drobn\u00fdch \u010di v\u00e4\u010d\u0161\u00edch osobn\u00fdch alebo pracovn\u00fdch \u00faspechov. Jedno v\u0161ak vieme iste \u2013 na\u0161a bud\u00facnos\u0165 je pevne v\u00a0Bo\u017e\u00edch ruk\u00e1ch, a tak sa nemus\u00edme bud\u00facich dn\u00ed b\u00e1\u0165.<\/span><br \/>\n<!--more--><br \/>\nVe\u013ea vec\u00ed je pred nami skryt\u00fdch aj z poh\u013eadu \u010falekej bud\u00facnosti. Av\u0161ak v\u00a0Biblii m\u00f4\u017eeme n\u00e1js\u0165 \u201eak\u00e9si prorock\u00e9 obrysy\u201c toho, ako sa bude svet, v ktorom \u017eijeme, \u010falej vyv\u00edja\u0165 a kam bude smerova\u0165. A z\u00a0toho m\u00f4\u017eeme nie\u010do \u201evy\u010d\u00edta\u0165\u201c aj pre tento rok, ktor\u00fd je pred nami.<br \/>\nProrok Izai\u00e1\u0161 v\u00a060. kapitole v\u00a01. a 2. ver\u0161i hovor\u00ed: Povsta\u0148 a zaskvej sa, preto\u017ee prich\u00e1dza tvoje svetlo a sl\u00e1va Hospodinova vych\u00e1dza nad tebou. Lebo, h\u013ea, tma kryje zem a temnota n\u00e1rody, ale nad tebou vych\u00e1dza Hospodin a Jeho sl\u00e1va sa zjavuje nad tebou. Tieto Izai\u00e1\u0161ove prorock\u00e9 slov\u00e1 n\u00e1m otv\u00e1raj\u00fa poh\u013ead do bud\u00facnosti. Na jednej strane vn\u00edmame to, \u017ee temnota prikr\u00fdva zem a s\u00famrak n\u00e1rody. A t\u00e1to temnota, zd\u00e1 sa, \u017ee ka\u017ed\u00fdm rokom narast\u00e1. Pozorujeme to okolo seba v\u00a0podobe rozkladu mor\u00e1lnych a etick\u00fdch hodn\u00f4t. S\u00e1m P\u00e1n Je\u017ei\u0161 Kristus, ke\u010f hovoril o znameniach posledn\u00fdch \u010dias, hovor\u00ed aj o tom, \u017ee \u201evychladne l\u00e1ska mnoh\u00fdch\u201c. \u013dudia bud\u00fa vo\u010di sebe nepriate\u013esk\u00ed, bezoh\u013eadn\u00ed, sebeck\u00ed&#8230;<\/p>\n<p>Av\u0161ak prorok Izai\u00e1\u0161 t\u00fdmto smutn\u00fdm kon\u0161tatovan\u00edm v\u0161ak nekon\u010d\u00ed, ale pokra\u010duje: &#8230;nad tebou vych\u00e1dza Hospodin a Jeho sl\u00e1va sa zjavuje nad tebou. Do rast\u00facej temnoty sveta, ktor\u00e9ho sme s\u00fa\u010das\u0165ou, st\u00e1le svieti svetlo Bo\u017eej l\u00e1sky a jeho sl\u00e1vy. A to plat\u00ed aj pre tento nov\u00fd rok. <\/p>\n<p>Nech svetlo Bo\u017eej sl\u00e1vy a jeho pr\u00edtomnosti viac a viac prenik\u00e1 do na\u0161ich \u017eivotov v\u00a0tomto novom roku a nech prostredn\u00edctvom n\u00e1s aj druh\u00ed vidia \u017eiv\u00e9ho a miluj\u00faceho Krista, ktor\u00fd je svetlom a zv\u00ed\u0165azil nad ka\u017edou temnotou!<\/p>\n","protected":false},"excerpt":{"rendered":"<p>a pred nami sa otv\u00e1ra \u010fal\u0161ia kapitola n\u00e1\u0161ho \u017eivota, ktor\u00e1 je zatia\u013e pre n\u00e1s nezn\u00e1ma. Nevieme, \u010do n\u00e1m tento rok prinesie. \u010ci budeme musie\u0165 viac \u010deli\u0165 neo\u010dak\u00e1van\u00fdm sk\u00fa\u0161kam, r\u00f4znym probl\u00e9mom a prek\u00e1\u017ekam, alebo sa, naopak, budeme viac radova\u0165 z drobn\u00fdch \u010di v\u00e4\u010d\u0161\u00edch osobn\u00fdch alebo pracovn\u00fdch \u00faspechov. Jedno v\u0161ak vieme iste \u2013 na\u0161a bud\u00facnos\u0165 je pevne [&hellip;]<\/p>\n","protected":false},"author":2,"featured_media":0,"comment_status":"closed","ping_status":"open","sticky":false,"template":"","format":"standard","meta":[],"categories":[9],"tags":[],"_links":{"self":[{"href":"https:\/\/btm.sk\/WP\/wp-json\/wp\/v2\/posts\/1749"}],"collection":[{"href":"https:\/\/btm.sk\/WP\/wp-json\/wp\/v2\/posts"}],"about":[{"href":"https:\/\/btm.sk\/WP\/wp-json\/wp\/v2\/types\/post"}],"author":[{"embeddable":true,"href":"https:\/\/btm.sk\/WP\/wp-json\/wp\/v2\/users\/2"}],"replies":[{"embeddable":true,"href":"https:\/\/btm.sk\/WP\/wp-json\/wp\/v2\/comments?post=1749"}],"version-history":[{"count":1,"href":"https:\/\/btm.sk\/WP\/wp-json\/wp\/v2\/posts\/1749\/revisions"}],"predecessor-version":[{"id":2217,"href":"https:\/\/btm.sk\/WP\/wp-json\/wp\/v2\/posts\/1749\/revisions\/2217"}],"wp:attachment":[{"href":"https:\/\/btm.sk\/WP\/wp-json\/wp\/v2\/media?parent=1749"}],"wp:term":[{"taxonomy":"category","embeddable":true,"href":"https:\/\/btm.sk\/WP\/wp-json\/wp\/v2\/categories?post=1749"},{"taxonomy":"post_tag","embeddable":true,"href":"https:\/\/btm.sk\/WP\/wp-json\/wp\/v2\/tags?post=1749"}],"curies":[{"name":"wp","href":"https:\/\/api.w.org\/{rel}","templated":true}]}}