{"id":1742,"date":"2010-10-15T16:38:38","date_gmt":"2010-10-15T14:38:38","guid":{"rendered":"http:\/\/btm.sk\/WP\/2010\/10\/15\/jesen-zivota\/"},"modified":"2018-05-17T22:51:48","modified_gmt":"2018-05-17T20:51:48","slug":"jesen-zivota","status":"publish","type":"post","link":"https:\/\/btm.sk\/WP\/2010\/10\/15\/jesen-zivota\/","title":{"rendered":"JESE\u0147 \u017dIVOTA"},"content":{"rendered":"<p><span class=\"text\">Aj vy si mysl\u00edte, \u017ee by staroba mala by\u0165 ako jese\u0148? Kr\u00e1sna, pln\u00e1 n\u00e1dhern\u00fdch farieb, e\u0161te pln\u00e1 tepl\u00e9ho slnka, bohat\u00e1 na \u00farodu? \u017de by sme si mali kone\u010dne u\u017e\u00edva\u0165?<\/span><br \/>\n<!--more--><br \/>\nPo\u010das akt\u00edvneho \u017eivota nesta\u010d\u00edme vn\u00edma\u0165 v\u0161etku kr\u00e1su okolo n\u00e1s. A\u017e na jese\u0148 \u017eivota, ke\u010f u\u017e nemus\u00edme pod\u00e1va\u0165 \u0161pi\u010dkov\u00e9 v\u00fdkony, smieme si viac u\u017e\u00edva\u0165 pokojn\u00e9 chv\u00edle a taktie\u017e m\u00f4\u017eeme by\u0165 zdrojom radosti a po\u017eehnania pre druh\u00fdch.<\/p>\n<p>Ale nielen jese\u0148 m\u00e1 svoje \u010daro, aj nasleduj\u00faca zima m\u00e1 svoju kr\u00e1su, je iskrivo biela, pln\u00e1 ticha a pokoja. A ke\u010f sneh pokryje cel\u00fd kraj, a potom ho zaleje slnko, v\u0161etko sa trblieta \u2013 je to o\u010daruj\u00face.<\/p>\n<p>Av\u0161ak aj jese\u0148 aj zima vie uk\u00e1za\u0165 aj svoju druh\u00fa tv\u00e1r. V\u0161etci dobre pozn\u00e1me jesenn\u00e9 hmly, p\u013eu\u0161te, vetrisko a nev\u013e\u00fadny \u010das \u010di mraziv\u00fd chlad zimy a poriadnu fujavicu. V\u00a0tak\u00fdch chv\u00ed\u013each h\u013ead\u00e1me bezpe\u010dn\u00fd a tepl\u00fd \u00fakryt. A tak je to aj v celom na\u0161om \u017eivote, aj v starobe. Slne\u010dn\u00e9 dni striedaj\u00fa tie zachm\u00faren\u00e9, ktor\u00e9 n\u00e1m sp\u00f4sobuj\u00fa probl\u00e9my a boles\u0165. <\/p>\n<p>Prijmime preto jese\u0148 i zimu \u017eivota nielen s\u00a0ich kr\u00e1sou, ale aj s\u00a0ich drsnos\u0165ou. A pri v\u0161etkom, \u010do n\u00e1s \u0165a\u017e\u00ed, objavujme znova Bo\u017eiu l\u00e1sku. Lebo len ona dok\u00e1\u017ee pre\u017eiari\u0165 a premeni\u0165 ka\u017ed\u00fa etapu n\u00e1\u0161ho \u017eivota, a uk\u00e1za\u0165 n\u00e1m to najistej\u0161ie \u00fato\u010disko, ktor\u00fdm je Boh s\u00e1m.<br \/>\n(pod\u013ea A. Gr\u00fcna)<\/p>\n<p>Prid\u0155\u017eajme sa neochvejne vyznania n\u00e1deje, lebo vern\u00fd je Ten, ktor\u00fd dal to zas\u013e\u00fabenie.  (\u017didom 10,23)<\/p>\n","protected":false},"excerpt":{"rendered":"<p>Aj vy si mysl\u00edte, \u017ee by staroba mala by\u0165 ako jese\u0148? Kr\u00e1sna, pln\u00e1 n\u00e1dhern\u00fdch farieb, e\u0161te pln\u00e1 tepl\u00e9ho slnka, bohat\u00e1 na \u00farodu? \u017de by sme si mali kone\u010dne u\u017e\u00edva\u0165?<\/p>\n","protected":false},"author":2,"featured_media":0,"comment_status":"closed","ping_status":"open","sticky":false,"template":"","format":"standard","meta":[],"categories":[11],"tags":[],"_links":{"self":[{"href":"https:\/\/btm.sk\/WP\/wp-json\/wp\/v2\/posts\/1742"}],"collection":[{"href":"https:\/\/btm.sk\/WP\/wp-json\/wp\/v2\/posts"}],"about":[{"href":"https:\/\/btm.sk\/WP\/wp-json\/wp\/v2\/types\/post"}],"author":[{"embeddable":true,"href":"https:\/\/btm.sk\/WP\/wp-json\/wp\/v2\/users\/2"}],"replies":[{"embeddable":true,"href":"https:\/\/btm.sk\/WP\/wp-json\/wp\/v2\/comments?post=1742"}],"version-history":[{"count":1,"href":"https:\/\/btm.sk\/WP\/wp-json\/wp\/v2\/posts\/1742\/revisions"}],"predecessor-version":[{"id":2223,"href":"https:\/\/btm.sk\/WP\/wp-json\/wp\/v2\/posts\/1742\/revisions\/2223"}],"wp:attachment":[{"href":"https:\/\/btm.sk\/WP\/wp-json\/wp\/v2\/media?parent=1742"}],"wp:term":[{"taxonomy":"category","embeddable":true,"href":"https:\/\/btm.sk\/WP\/wp-json\/wp\/v2\/categories?post=1742"},{"taxonomy":"post_tag","embeddable":true,"href":"https:\/\/btm.sk\/WP\/wp-json\/wp\/v2\/tags?post=1742"}],"curies":[{"name":"wp","href":"https:\/\/api.w.org\/{rel}","templated":true}]}}