{"id":1740,"date":"2010-10-15T16:32:24","date_gmt":"2010-10-15T14:32:24","guid":{"rendered":"http:\/\/btm.sk\/WP\/2010\/10\/15\/david-wagner-laicky-kazatel-pre-nepocujucich\/"},"modified":"2018-05-17T22:52:11","modified_gmt":"2018-05-17T20:52:11","slug":"david-wagner-laicky-kazatel-pre-nepocujucich","status":"publish","type":"post","link":"https:\/\/btm.sk\/WP\/2010\/10\/15\/david-wagner-laicky-kazatel-pre-nepocujucich\/","title":{"rendered":"DAVID WAGNER \u2013 LAICK\u00dd KAZATE\u013d PRE NEPO\u010cUJ\u00daCICH"},"content":{"rendered":"<p><span class=\"text\">Predstavujeme v\u00e1m zauj\u00edmav\u00e9ho \u010dloveka, laick\u00e9ho kazate\u013ea, ktor\u00fd sa venuje slu\u017ebe nepo\u010duj\u00facim ob\u010danom, Davida Wagnera. Okrem toho, \u017ee je kazate\u013eom v BJB Brno, je aj konate\u013eom ob\u010dianskeho zdru\u017eenia \u201eNad\u011bje Nesly\u0161\u00edc\u00edch\u201c v Kostelci n\/Orlic\u00ed.<\/span><br \/>\n<!--more--><br \/>\n<b>Mohli by ste sa s\u00e1m trochu predstavi\u0165?<\/b><br \/>\nNarodil som sa ako nepo\u010duj\u00face die\u0165a v r. 1971 po\u010duj\u00facim rodi\u010dom v Brne. V r. 2004 som vst\u00fapil do man\u017eelsk\u00e9ho zv\u00e4zku s\u00a0\u0165a\u017eko nedosl\u00fdchavou Janou. Sme veriaci. Narodili sa n\u00e1m dve nepo\u010duj\u00face diev\u010datk\u00e1, Nela m\u00e1 tri roky a Laura p\u00e4\u0165 mesiacov. Teraz pracujem ako pedagogick\u00fd asistent a vychov\u00e1vate\u013e na M\u0160 a Z\u0160 pre sluchovo postihnut\u00fdch v\u00a0Brne. Komunikujem hlavne v\u00a0\u010deskom znakovom jazyku. <\/p>\n<p><b>Ak\u00e9 \u0161koly a kr\u00fa\u017eky ste nav\u0161tevovali?<\/b><br \/>\nChodil som do Z\u0160 pre nepo\u010duj\u00facich. Od 13-tich rokov som nav\u0161tevoval divadeln\u00fd kr\u00fa\u017eok nepo\u010duj\u00facich DIKRON. Reprezentoval som aj Pantom\u00edmu zv\u00e4zu invalidov. Vyu\u010dil som sa za z\u00e1mo\u010dn\u00edka. Zauj\u00edmav\u00e9 je, \u017ee som najsk\u00f4r absolvoval bakal\u00e1rske \u0161t\u00fadium dramatickej v\u00fdchovy pre nepo\u010duj\u00facich na JAMU a a\u017e potom dia\u013ekovo stredn\u00fa pedagogick\u00fa \u0161kolu pre sluchovo postihnut\u00fdch v\u00a0Hradci Kr\u00e1lov\u00e9. Maturoval som v\u00a0r. 2002. Teraz by sa to v\u00a0takom obr\u00e1tenom porad\u00ed u\u017e nedalo.<\/p>\n<p><b>Ako ste sa dostali k Bohu?<\/b><br \/>\nU\u017e v puberte som veril, \u017ee existuje nejak\u00fd duch. Ale v r. 1993 nav\u0161t\u00edvili Brno americk\u00ed mision\u00e1ri, ktor\u00ed vedeli znakova\u0165. Pozvali n\u00e1s, nepo\u010duj\u00facich, do cirkvi. Duchovne ma v\u0161ak neoslovili. Nesk\u00f4r, okolo r. 2000, pri\u0161la k n\u00e1m \u010fal\u0161ia skupina americk\u00fdch mision\u00e1rov, v ktorej boli aj nepo\u010duj\u00faci. Pozvali ma na biblick\u00e9 hodiny. Trvalo v\u0161ak nieko\u013eko mesiacov, k\u00fdm som tam \u0161iel. Tu som sa duchovne prebudil: Duch Sv\u00e4t\u00fd ako \u0161\u00edp naplno zasiahol moje srdce. V r. 2002 som sa nechal pokrsti\u0165. Odvtedy sa akt\u00edvne z\u00fa\u010dast\u0148ujem kres\u0165ansk\u00e9ho \u017eivota, od r. 2007 p\u00f4sob\u00edm dobrovo\u013ene ako laick\u00fd kazate\u013e.<br \/>\nV na\u0161ej organiz\u00e1cii sme v\u00e4\u010d\u0161inou nepo\u010duj\u00faci, av\u0161ak po\u010duj\u00faci n\u00e1m ve\u013emi pom\u00e1haj\u00fa, napr\u00edklad, s tlmo\u010den\u00edm. Raz za rok rob\u00edme letn\u00e9 t\u00e1bory pre v\u0161etk\u00fdch z\u00e1ujemcov, nepo\u010duj\u00facich aj po\u010duj\u00facich, mlad\u00fdch aj star\u00fdch, kde spolu s \u010fal\u0161\u00edmi u\u010d\u00edm, hr\u00e1m divadlo a pod. (viac o t\u00fdchto t\u00e1boroch n\u00e1jdete na www.nadejeneslysicich.wz.cz). Okrem toho m\u00e1vame v\u00edkendov\u00e9 stretnutia, kde si odpo\u010dinieme od ka\u017edodenn\u00fdch starost\u00ed a na\u010derp\u00e1me nov\u00fa silu.<\/p>\n<p><b>Ako nepo\u010duj\u00faci veriaci komunikuj\u00fa s Bohom?<\/b><br \/>\nSamozrejme, \u017ee v\u00a0\u010deskom znakovom jazyku! Je to pre n\u00e1s \u00faplne prirodzen\u00fd jazyk (tak, ako pre v\u00e1s \u010de\u0161tina; pre v\u00e4\u010d\u0161inu nepo\u010duj\u00facich nie je \u010de\u0161tina materinsk\u00fdm jazykom). V\u00a0\u010deskom znakovom jazyku sa m\u00f4\u017eeme vo\u013ene a bez bari\u00e9r modli\u0165. M\u00f4\u017eeme vyjadri\u0165 v\u0161etko, \u010do chceme. Boh vie v\u0161etky jazyky na svete, aj tie znakov\u00e9.<\/p>\n","protected":false},"excerpt":{"rendered":"<p>Predstavujeme v\u00e1m zauj\u00edmav\u00e9ho \u010dloveka, laick\u00e9ho kazate\u013ea, ktor\u00fd sa venuje slu\u017ebe nepo\u010duj\u00facim ob\u010danom, Davida Wagnera. Okrem toho, \u017ee je kazate\u013eom v BJB Brno, je aj konate\u013eom ob\u010dianskeho zdru\u017eenia \u201eNad\u011bje Nesly\u0161\u00edc\u00edch\u201c v Kostelci n\/Orlic\u00ed.<\/p>\n","protected":false},"author":2,"featured_media":0,"comment_status":"closed","ping_status":"open","sticky":false,"template":"","format":"standard","meta":[],"categories":[8],"tags":[],"_links":{"self":[{"href":"https:\/\/btm.sk\/WP\/wp-json\/wp\/v2\/posts\/1740"}],"collection":[{"href":"https:\/\/btm.sk\/WP\/wp-json\/wp\/v2\/posts"}],"about":[{"href":"https:\/\/btm.sk\/WP\/wp-json\/wp\/v2\/types\/post"}],"author":[{"embeddable":true,"href":"https:\/\/btm.sk\/WP\/wp-json\/wp\/v2\/users\/2"}],"replies":[{"embeddable":true,"href":"https:\/\/btm.sk\/WP\/wp-json\/wp\/v2\/comments?post=1740"}],"version-history":[{"count":1,"href":"https:\/\/btm.sk\/WP\/wp-json\/wp\/v2\/posts\/1740\/revisions"}],"predecessor-version":[{"id":2225,"href":"https:\/\/btm.sk\/WP\/wp-json\/wp\/v2\/posts\/1740\/revisions\/2225"}],"wp:attachment":[{"href":"https:\/\/btm.sk\/WP\/wp-json\/wp\/v2\/media?parent=1740"}],"wp:term":[{"taxonomy":"category","embeddable":true,"href":"https:\/\/btm.sk\/WP\/wp-json\/wp\/v2\/categories?post=1740"},{"taxonomy":"post_tag","embeddable":true,"href":"https:\/\/btm.sk\/WP\/wp-json\/wp\/v2\/tags?post=1740"}],"curies":[{"name":"wp","href":"https:\/\/api.w.org\/{rel}","templated":true}]}}