{"id":1733,"date":"2010-05-21T14:52:54","date_gmt":"2010-05-21T12:52:54","guid":{"rendered":"http:\/\/btm.sk\/WP\/2010\/05\/21\/viete-ze-tretia-junova-nedela-tento-rok-20-6-je-den-otcov\/"},"modified":"2018-05-17T22:53:37","modified_gmt":"2018-05-17T20:53:37","slug":"viete-ze-tretia-junova-nedela-tento-rok-20-6-je-den-otcov","status":"publish","type":"post","link":"https:\/\/btm.sk\/WP\/2010\/05\/21\/viete-ze-tretia-junova-nedela-tento-rok-20-6-je-den-otcov\/","title":{"rendered":"VIETE, \u017dE TRETIA J\u00daNOV\u00c1 NEDE\u013dA, TENTO ROK 20. 6. JE DE\u0147 OTCOV?"},"content":{"rendered":"<p><span class=\"text\">\u0160\u0165astn\u00e9 detstvo je jeden z najv\u00e4\u010d\u0161\u00edch darov, ktor\u00e9 m\u00f4\u017eu rodi\u010dia da\u0165 svojim de\u0165om. (R. Cholmondeley)<\/span><br \/>\n<!--more--><br \/>\nAko to vlastne vzniklo? Existuje viacej verzi\u00ed o tom, kto a kedy prv\u00fdkr\u00e1t sl\u00e1vil tento sviatok.<br \/>\nJedna z nich hovor\u00ed, \u017ee prv\u00fdkr\u00e1t sl\u00e1vili v USA tento sviatok bohoslu\u017ebami v Z\u00e1padnej Virg\u00ednii v roku 1908. Najv\u00e4\u010d\u0161\u00ed impulz k vzniku tohto sviatku dala Ameri\u010danka, pani Bruce John Doddov\u00e1 zo Spokane v \u0161t\u00e1te Washington. Jej otec bol veter\u00e1nom ob\u010dianskej vojny. Stratil man\u017eelku a s\u00e1m dok\u00e1zal vychova\u0165 svojich \u0161es\u0165 det\u00ed. Pod\u013ea niektor\u00fdch prame\u0148ov u\u017e v roku 1909 oslovila pani Doddov\u00e1 \u010dlena americkej vl\u00e1dy, aby pomohol presadi\u0165 bohoslu\u017eby na po\u010des\u0165 otcov. Stalo sa a v \u0161t\u00e1te Washington odvtedy ka\u017ed\u00fa tretiu j\u00fanov\u00fa nede\u013eu oslavuj\u00fa De\u0148 otcov.<br \/>\nPod\u013ea in\u00fdch zdrojov sa n\u00e1vrh oslavova\u0165 De\u0148 otcov zrodil v zn\u00e1mej celosvetovej organiz\u00e1cii, v Lionskom klube, pri\u010dinen\u00edm jeho chicagsk\u00e9ho predsedu Hartryho Meeka &#8211; term\u00ednom prvej oslavy bola tretia j\u00fanov\u00e1 nede\u013ea v roku 1915.<br \/>\nDe\u0148 otcov je zakotven\u00fd v americkom sviato\u010dnom kalend\u00e1ri od roku 1924, ke\u010f prezident Calvin Coolidge ustanovil t\u00fato oslavu celo\u0161t\u00e1tnou. Zmyslom D\u0148a otcov je osl\u00e1vi\u0165 podiel mu\u017eov na v\u00fdchove det\u00ed, pod\u013ea mo\u017enosti v ide\u00e1lnej kompletnej rodine. Preto k trojici jarn\u00fdch rodinn\u00fdch sviatkov, m\u00e1jov\u00e9mu D\u0148u matiek a j\u00fanov\u00e9mu D\u0148u det\u00ed a D\u0148u otcov, patr\u00ed v j\u00fani v niektor\u00fdch krajin\u00e1ch aj De\u0148 rodiny. Vo svete sl\u00e1via v niektor\u00fdch krajin\u00e1ch aj De\u0148 babi\u010diek.<br \/>\nV s\u00fa\u010dasnosti sl\u00e1via vedno s Ameri\u010danmi a Kana\u010fanmi tento sviatok aj napr\u00edklad v Braz\u00edlii, Ve\u013ekej Brit\u00e1nii, Franc\u00fazsku i Rak\u00fasku. Po roku 1989 sa za\u010dal \u0161\u00edri\u0165 aj v strednej Eur\u00f3pe.<br \/>\nNa Slovensku sa p\u00f4vodne oslavoval De\u0148 otcov na Jozefa, teda 19. marca. Medzi\u010dasom sa v\u0161ak udom\u00e1cnil americk\u00fd variant. Teraz sa sl\u00e1vi De\u0148 otcov v\u017edy 3. j\u00fanov\u00fa nede\u013eu.<\/p>\n<p>Naj\u010dastej\u0161ou oslavou je sl\u00e1vnostn\u00fd spolo\u010dn\u00fd obed, deti nezabudn\u00fa posla\u0165 svojim tatkom mil\u00e9 blaho\u017eelania. Ve\u010f sa im treba po\u010fakova\u0165 za v\u0161etky opravy v dom\u00e1cnosti, za vys\u00e1vanie a vozenie autom, za prech\u00e1dzky a \u0161port, hranie sa s de\u0165mi, za pomoc s \u00falohami, za mil\u00e9 \u00fasmevy, za ka\u017ed\u00e9 pohladenie a pusu na dobr\u00fa noc. Ve\u010f \u010do by sme si bez ich pomoci a l\u00e1sky po\u010dali? Nech \u017eij\u00fa oteckovia, tatovia, tatinovia a tatkovia, ocinovia&#8230;!<br \/>\n\u00a0<br \/>\n<b>Vyznanie syna otcovi<\/b><\/p>\n<p>Otec, Ty si t\u00fdm \u010dlovekom, \u010do mi prezr\u00e1dzal tajomstv\u00e1 pr\u00edrody na jesenn\u00fdch prech\u00e1dzkach lesom, ke\u010f si ma s \u013eahkos\u0165ou niesol na pleciach. Otec, y si \u010dlovekom, ktor\u00fd mi uk\u00e1zal kr\u00e1su \u0161portu, Ty si bol mojim jedin\u00fdm fan\u00fa\u0161ikom, ke\u010f in\u00ed o mne pochybovali. Nespo\u010detne ve\u013eakr\u00e1t si bol mojim z\u00e1chrancom, \u010di ochrancom. Ruku by si bol dal do oh\u0148a, ke\u010f si ma br\u00e1nil pred in\u00fdmi. A ja ani neviem, \u010di som Ti niekedy po\u010fakoval. \u010ci som Ti povedal \u010fakujem a \u010di to bolo zo srdca. Teraz m\u00e1m t\u00fa mo\u017enos\u0165, a tak vrav\u00edm \u010fakujem. \u010eakujem otec za v\u0161etko, \u010do si pre m\u0148a urobil, \u010di obetoval. Aj za tie my\u0161lienky, \u010do \u0164a sprev\u00e1dzali v\u017edy, ke\u010f si na m\u0148a myslel. <\/p>\n<p>Dnes tu pred Vami stoj\u00edm pln\u00fd o\u010dak\u00e1van\u00ed, \u010do mi prinesie bud\u00facnos\u0165, som form\u00e1lne dospel\u00fd, no d\u00fafam, \u017ee ju budete aj na\u010falej zdie\u013ea\u0165 spolu so mnou a \u017ee moju v\u010faku poc\u00edtite e\u0161te mnohokr\u00e1t na k\u013eukat\u00fdch cest\u00e1ch osudu.<br \/>\n\u00a0\u00a0<br \/>\n<b>St\u00e1le spolu, ocko<\/b><\/p>\n<p>Na l\u00fake fialiek tam \u0161\u0165astn\u00e1 bola som,<br \/>\nv n\u00e1ru\u010d\u00ed otcovom, ne\u017enom a l\u00e1skavom,<br \/>\nvo v\u00f4ni fialiek na per\u00e1ch s \u00fasmevom,<br \/>\ndie\u0165atko mali\u010dk\u00e9 so svojim ocinkom.<br \/>\nL\u00e1ska n\u00e1s sp\u00e1jala, rados\u0165 a smiech,<br \/>\n\u017eivot sme \u013e\u00fabili, neznali hriech,<br \/>\nv Boha sme d\u00fafali, hviezdy n\u00e1m padali,<br \/>\nvo v\u0161etkom kolo n\u00e1s dobro sme h\u013eadali.<br \/>\nTie chv\u00edle \u010faleko vetrom s\u00fa odviate,<br \/>\nja dnes len pozer\u00e1m na die\u0165a vysmiate,<br \/>\nna fotke l\u00e1sky u\u017e nevej\u00fa vl\u00e1sky,<br \/>\nfialky odkvitli, pribudli vr\u00e1sky.<br \/>\nTy otec u Boha v nebesiach domov m\u00e1\u0161,<br \/>\nanjelov na l\u00fakach rajsk\u00fdch tam nah\u00e1\u0148a\u0161,<br \/>\nna svoje die\u0165atko z fotky si spom\u00edna\u0161,<br \/>\nv srdci ho l\u00e1skavom na veky schov\u00e1va\u0161.<\/p>\n<p><b>Bol si mi v\u0161etk\u00fdm otec \u2013<\/b><br \/>\nu\u010dite\u013e, priate\u013e z detstva, vzor,<br \/>\nviem \u010dasto zvykol som \u0165a tr\u00e1pi\u0165,<br \/>\ntvrdohlavo sna\u017eiac sa svoje presadi\u0165.<br \/>\nNie nebol som, ak\u00fdm si ma chcel ma\u0165,<br \/>\ntak vzdialen\u00fd som bol od tvojich predst\u00e1v&#8230;<br \/>\nJedno v\u0161ak celkom iste viem.<br \/>\nZ\u00e1klad dobr\u00fd si mi dal!<br \/>\nLe\u017e v tomto svete otec,<br \/>\nnie v\u0161etko sa podar\u00ed dobr\u00e9 urobi\u0165.<br \/>\nPod mojimi \u010dinmi ukryt\u00e1 je l\u00e1ska,<br \/>\nhlbok\u00e1 v\u010fa\u010dnos\u0165, re\u0161pekt a obdiv.<br \/>\nNespom\u00ednam si u\u017e, na \u010do som myslel,<br \/>\nv\u010fa\u010dn\u00fd som Bohu zato, \u017ee \u0165a m\u00e1m,<br \/>\n\u013eutujem, \u013eutujem ak ubl\u00ed\u017eil som ti kedy,<br \/>\ntvoj obraz v mojom srdci nav\u017edy uchov\u00e1m.<\/p>\n","protected":false},"excerpt":{"rendered":"<p>\u0160\u0165astn\u00e9 detstvo je jeden z najv\u00e4\u010d\u0161\u00edch darov, ktor\u00e9 m\u00f4\u017eu rodi\u010dia da\u0165 svojim de\u0165om. (R. Cholmondeley)<\/p>\n","protected":false},"author":2,"featured_media":0,"comment_status":"closed","ping_status":"open","sticky":false,"template":"","format":"standard","meta":[],"categories":[11],"tags":[],"_links":{"self":[{"href":"https:\/\/btm.sk\/WP\/wp-json\/wp\/v2\/posts\/1733"}],"collection":[{"href":"https:\/\/btm.sk\/WP\/wp-json\/wp\/v2\/posts"}],"about":[{"href":"https:\/\/btm.sk\/WP\/wp-json\/wp\/v2\/types\/post"}],"author":[{"embeddable":true,"href":"https:\/\/btm.sk\/WP\/wp-json\/wp\/v2\/users\/2"}],"replies":[{"embeddable":true,"href":"https:\/\/btm.sk\/WP\/wp-json\/wp\/v2\/comments?post=1733"}],"version-history":[{"count":1,"href":"https:\/\/btm.sk\/WP\/wp-json\/wp\/v2\/posts\/1733\/revisions"}],"predecessor-version":[{"id":2232,"href":"https:\/\/btm.sk\/WP\/wp-json\/wp\/v2\/posts\/1733\/revisions\/2232"}],"wp:attachment":[{"href":"https:\/\/btm.sk\/WP\/wp-json\/wp\/v2\/media?parent=1733"}],"wp:term":[{"taxonomy":"category","embeddable":true,"href":"https:\/\/btm.sk\/WP\/wp-json\/wp\/v2\/categories?post=1733"},{"taxonomy":"post_tag","embeddable":true,"href":"https:\/\/btm.sk\/WP\/wp-json\/wp\/v2\/tags?post=1733"}],"curies":[{"name":"wp","href":"https:\/\/api.w.org\/{rel}","templated":true}]}}