{"id":1731,"date":"2010-04-13T14:47:41","date_gmt":"2010-04-13T12:47:41","guid":{"rendered":"http:\/\/btm.sk\/WP\/2010\/04\/13\/piatok-28-maj-den-susedov-nasa-specialna-ponuka\/"},"modified":"2018-05-17T22:54:02","modified_gmt":"2018-05-17T20:54:02","slug":"piatok-28-maj-den-susedov-nasa-specialna-ponuka","status":"publish","type":"post","link":"https:\/\/btm.sk\/WP\/2010\/04\/13\/piatok-28-maj-den-susedov-nasa-specialna-ponuka\/","title":{"rendered":"PIATOK 28. M\u00c1J &#8211; DE\u0147 SUSEDOV &#8211; NA\u0160A \u0160PECI\u00c1LNA PONUKA"},"content":{"rendered":"<p><span class=\"text\">\u017dijeme v paradoxnom obdob\u00ed. Niekedy je jednoduch\u0161ie komunikova\u0165 s druh\u00fdm koncom sveta, ako sa pozdravi\u0165 a poveda\u0165 si dobr\u00fd de\u0148 so susedmi. Vzh\u013eadom na izol\u00e1ciu a individualizmus, ktor\u00e9 \u010dasto vl\u00e1dnu v na\u0161ich mest\u00e1ch, je Eur\u00f3psky sviatok susedov stretnut\u00edm, ktor\u00e9 podporuje kontakty a rozv\u00edja spolo\u010densk\u00e9 vz\u0165ahy.<\/span><br \/>\n<!--more--><br \/>\nAk sa o tomto sviatku chcete dozvedie\u0165 viac, alebo m\u00e1te nejak\u00e9 ot\u00e1zky, pozrite si:<br \/>\nwww.country.european-neighbours-day.com\/sk<\/p>\n<p>My sme pre v\u00e1s pripravili podobne ako aj po in\u00e9 roky \u0161peci\u00e1lne let\u00e1\u010diky, ktor\u00e9 m\u00f4\u017eete vyu\u017ei\u0165 ako tak\u00fa pom\u00f4cku pri nadv\u00e4zovan\u00ed prv\u00fdch vz\u0165ahov s nov\u00fdmi \u013eu\u010fmi. S\u00fa to let\u00e1\u010diky s pr\u00edlohou: znova v\u00e1m pon\u00fakame VK26 Vitam\u00edny pre \u017eivot (s vitam\u00ednmi), VK35 Priate\u013estvo (s vrec\u00fa\u0161kom kvalitnej k\u00e1vy), VK38 Pri \u0161\u00e1lke \u010daju (s vrec\u00fa\u0161kom ovocn\u00e9ho \u010daju), VK45 \u017derucha a nie\u010do navy\u0161e&#8230; (so semienkami \u017eeruchy), PL13 Wellness (so vzorkou kozmetiky z m\u0155tveho mora).<\/p>\n","protected":false},"excerpt":{"rendered":"<p>\u017dijeme v paradoxnom obdob\u00ed. Niekedy je jednoduch\u0161ie komunikova\u0165 s druh\u00fdm koncom sveta, ako sa pozdravi\u0165 a poveda\u0165 si dobr\u00fd de\u0148 so susedmi. Vzh\u013eadom na izol\u00e1ciu a individualizmus, ktor\u00e9 \u010dasto vl\u00e1dnu v na\u0161ich mest\u00e1ch, je Eur\u00f3psky sviatok susedov stretnut\u00edm, ktor\u00e9 podporuje kontakty a rozv\u00edja spolo\u010densk\u00e9 vz\u0165ahy.<\/p>\n","protected":false},"author":2,"featured_media":0,"comment_status":"closed","ping_status":"open","sticky":false,"template":"","format":"standard","meta":[],"categories":[5],"tags":[],"_links":{"self":[{"href":"https:\/\/btm.sk\/WP\/wp-json\/wp\/v2\/posts\/1731"}],"collection":[{"href":"https:\/\/btm.sk\/WP\/wp-json\/wp\/v2\/posts"}],"about":[{"href":"https:\/\/btm.sk\/WP\/wp-json\/wp\/v2\/types\/post"}],"author":[{"embeddable":true,"href":"https:\/\/btm.sk\/WP\/wp-json\/wp\/v2\/users\/2"}],"replies":[{"embeddable":true,"href":"https:\/\/btm.sk\/WP\/wp-json\/wp\/v2\/comments?post=1731"}],"version-history":[{"count":1,"href":"https:\/\/btm.sk\/WP\/wp-json\/wp\/v2\/posts\/1731\/revisions"}],"predecessor-version":[{"id":2234,"href":"https:\/\/btm.sk\/WP\/wp-json\/wp\/v2\/posts\/1731\/revisions\/2234"}],"wp:attachment":[{"href":"https:\/\/btm.sk\/WP\/wp-json\/wp\/v2\/media?parent=1731"}],"wp:term":[{"taxonomy":"category","embeddable":true,"href":"https:\/\/btm.sk\/WP\/wp-json\/wp\/v2\/categories?post=1731"},{"taxonomy":"post_tag","embeddable":true,"href":"https:\/\/btm.sk\/WP\/wp-json\/wp\/v2\/tags?post=1731"}],"curies":[{"name":"wp","href":"https:\/\/api.w.org\/{rel}","templated":true}]}}