{"id":1729,"date":"2010-04-13T14:39:54","date_gmt":"2010-04-13T12:39:54","guid":{"rendered":"http:\/\/btm.sk\/WP\/2010\/04\/13\/den-matiek-tento-rok-9-maja-2010\/"},"modified":"2018-05-17T22:54:26","modified_gmt":"2018-05-17T20:54:26","slug":"den-matiek-tento-rok-9-maja-2010","status":"publish","type":"post","link":"https:\/\/btm.sk\/WP\/2010\/04\/13\/den-matiek-tento-rok-9-maja-2010\/","title":{"rendered":"DE\u0147 MATIEK &#8211; TENTO ROK 9. M\u00c1JA 2010"},"content":{"rendered":"<p><span class=\"text\">Mama, najkraj\u0161ie a najdrah\u0161ie slovo, ktor\u00e9 m\u00f4\u017ee \u010dlovek vyslovi\u0165.<\/span><br \/>\n<!--more--><br \/>\nNa De\u0148 matiek jej m\u00f4\u017eeme spolu s kyticou kvetov vyslovi\u0165 v\u010faku za \u017eivot a l\u00e1sku, ktorou n\u00e1s neust\u00e1le sprev\u00e1dza. Nenechajte t\u00fa va\u0161u m\u00e1rne \u010daka\u0165 na tak\u00e9 slov\u00e1 len preto, \u017ee \u017eijete v zhone, m\u00e1te plno povinnost\u00ed a ka\u017edodenn\u00fdch starost\u00ed&#8230; Nezasl\u00fa\u017ei si to!<br \/>\nVe\u013ea \u013eud\u00ed pre\u017e\u00edva obavy \u010di starosti zo svojho vz\u0165ahu s jedn\u00fdm z najd\u00f4le\u017eitej\u0161\u00edch \u013eud\u00ed svojho \u017eivota \u2013 s matkou. Mami\u010dka alebo aj in\u00e1 osoba v tejto \u00falohe stoj\u00ed priamo uprostred procesu, v ktorom sa \u010dlovek st\u00e1va t\u00fdm, k\u00fdm je. V\u00fdznamn\u00ed politici, ve\u013ek\u00ed myslitelia, umelci a n\u00e1bo\u017eensk\u00ed predstavitelia \u010dasto vyd\u00e1vaj\u00fa svedectvo o tom, ak\u00fd vplyv mala matka na ich \u017eivot. To, \u010do \u010dlovek dostal od svojej matky, \u010di u\u017e v kladnom alebo z\u00e1pornom zmysle, si nesie cel\u00fdm \u017eivotom\u2026 Materstvo je najv\u00fdznamnej\u0161ie, najn\u00e1ro\u010dnej\u0161ie a najhor\u0161ie platen\u00e9 povolanie na svete\u2026 <\/p>\n<p><b>De\u0148 matiek vo svete<\/b><\/p>\n<p>Nie v\u0161ade vo svete sa De\u0148 matiek oslavuje v rovnak\u00fd de\u0148. V Anglicku a \u00cdrsku je zn\u00e1my ako Mothering Sunday, oslavuje sa v\u017edy v \u0161tvrt\u00fa nede\u013eu p\u00f4stu pred Ve\u013ekou nocou (\u010di\u017ee v marci, pr\u00edpadne v apr\u00edli). Tento rok to bolo 14. 3. Ve\u013ea rod\u00edn pripravuje na De\u0148 matiek \u0161peci\u00e1lny obed alebo zober\u00fa mamu do jej najob\u013e\u00fabenej\u0161ej re\u0161taur\u00e1cie. V\u00e4\u010d\u0161inou sa v tento de\u0148 prejavuje \u00facta matke kyticou kvetov, aj obchody s\u00fa pln\u00e9 dar\u010dekov pre mami\u010dky. V tretej dek\u00e1de 20. storo\u010dia v\u0161ak tento sviatok za\u010dal upada\u0165. O\u017eivili ho a\u017e americk\u00ed a kanadsk\u00ed vojaci sl\u00fa\u017eiaci po\u010das 2. svetovej vojny v zahrani\u010d\u00ed, ktor\u00ed ho v\u0161ak posunuli na druh\u00fa m\u00e1jov\u00fa nede\u013eu. Tento term\u00edn pozn\u00e1me aj my. De\u0148 matiek bol vo F\u00ednsku ustanoven\u00fd na konci 20. rokov minul\u00e9ho storo\u010dia a ako ofici\u00e1lny vlajkov\u00fd de\u0148 v r. 1947. Po f\u00ednsky sa ozna\u010duje ako \u201e\u00e4itienp\u00e4iv\u00e4\u201c. Aj tu s\u00fa tradi\u010dn\u00fdm dar\u010dekom pre mami\u010dky kvety. Po\u010das d\u0148a nav\u0161tevuj\u00fa deti svojich star\u00fdch rodi\u010dov, pr\u00edpadne si pripomen\u00fa bl\u00edzkych n\u00e1v\u0161tevou cintor\u00edna. V Latinskej Amerike sa oslavuje De\u0148 matiek o nieko\u013eko dn\u00ed nesk\u00f4r, v Argent\u00edne a\u017e v septembri. V \u0160panielsku a v Portugalsku oslavuj\u00fa De\u0148 matiek a\u017e v decembri. Aj pri tomto sviatku sa d\u00e1vaj\u00fa poh\u013eadnice s r\u00f4znymi \u017eelaniami. Neposielaj\u00fa sa, ale d\u00e1vaj\u00fa priamo do r\u00fak, aby tak zn\u00e1sobili osobitos\u0165 a d\u00f4le\u017eitos\u0165 obdar\u00favanej osoby.<\/p>\n<p>Tebe mami\u010dka<\/p>\n<p>Za Tvoju nehu mami\u010dka,<br \/>\nza Tvoju ve\u013ek\u00fa l\u00e1sku,<br \/>\nza staros\u0165, bozky na l\u00ed\u010dka,<br \/>\nza ka\u017ed\u00fa pribudnut\u00fa vr\u00e1sku<br \/>\nna Tvojej tv\u00e1ri, na dlaniach,<br \/>\n\u010do zroben\u00e9 s\u00fa cel\u00e9,<br \/>\nnech t\u00e1to mal\u00e1 b\u00e1sni\u010dka,<br \/>\ntlmo\u010d\u00ed v\u010faky tis\u00edcer\u00e9.<\/p>\n<p>Kvety pre mamu<\/p>\n<p>V\u0161etky kvety do r\u00fak mamy<br \/>\nsklad\u00e1m ako drahokamy.<br \/>\nZa jej l\u00e1sku, pln\u00fa nehy,<br \/>\nza zelen\u00e9 detsk\u00e9 brehy.<br \/>\nZa jej \u0161tedros\u0165, staros\u0165 v hlave,<br \/>\nza dni \u0161\u0165astn\u00e9, za dni hrav\u00e9,<br \/>\nza rozpr\u00e1vky nad kol\u00edskou,<br \/>\nza to, \u017ee v\u017edy stoj\u00ed bl\u00edzko,<br \/>\naby si ma pohladila \u2013<br \/>\nmoja mama ne\u017en\u00e1, mil\u00e1.<\/p>\n<p>Kvet \u010derven\u00fd<\/p>\n<p>\u0160etr\u00edm si korunky, u\u017e ich m\u00e1m p\u00e4\u0165,<br \/>\nk\u00fapim dnes mami\u010dke najkraj\u0161\u00ed kvet.<br \/>\nPekn\u00fd kvet \u010derven\u00fd, ako lienka,<br \/>\n\u013e\u00fabim \u0165a, \u013e\u00fabim, moja mamulienka.<br \/>\nDo ruky ti kvietok vklad\u00e1m<br \/>\nmoja mil\u00e1 mami\u010dka,<br \/>\nsklo\u0148 sa ku mne, d\u00e1m ti e\u0161te<br \/>\nhor\u00faci bozk na l\u00ed\u010dka.<\/p>\n<p>Na pamiatku<\/p>\n<p>M\u00e1m r\u00e1d kvety, \u013e\u00fabim vt\u00e1\u010dky,<br \/>\nka\u017ed\u00fa hra\u010dku mali\u010dk\u00fa,<br \/>\nle\u017e najv\u00e4\u010d\u0161mi zo v\u0161etk\u00e9ho<br \/>\n\u013e\u00fabim svoju mami\u010dku.<br \/>\n\u010co\u017ee ti da\u0165 na pamiatku<br \/>\nmamka na\u0161a k tvojmu sviatku?<br \/>\nNazbieral som lesn\u00e9 kvety,<br \/>\nzostavil som pekn\u00e9 vety.<br \/>\nTo, \u010do vety nepovedia,<br \/>\nlesn\u00e9 kvety dopovedia.<\/p>\n<p>Mami\u010dka<\/p>\n<p>Tak ako tmav\u00fa noc<br \/>\nrozjasn\u00ed hviezdi\u010dka,<br \/>\nrozjasn\u00ed u n\u00e1s de\u0148<br \/>\n\u00fasmevom mami\u010dka.<br \/>\nTak ako od rosy<br \/>\nnad r\u00e1nom skr\u00e1snie kvet,<br \/>\nv maminom objat\u00ed<br \/>\nzjasnie mi cel\u00fd svet.<\/p>\n<p>\u010co d\u00e1m mami\u010dke?<\/p>\n<p>Rob\u00edm potajomky<br \/>\nn\u00e1hrdeln\u00edk z per\u00e1l,<br \/>\ntak\u00fd, aby mame<br \/>\nmoju l\u00e1sku zmeral.<br \/>\n\u017de s\u00fa tie perli\u010dky<br \/>\nz \u010dervenej kaliny?<br \/>\nVe\u010f mama dobre vie,<br \/>\n\u017ee nem\u00e1m na in\u00fd.<br \/>\nJe k\u00faskom srdie\u010dka<br \/>\nka\u017ed\u00e1 t\u00e1 kalina.<br \/>\nPrijmi to, mami\u010dka,<br \/>\nna sviatok od syna.<\/p>\n<p>Pozn\u00e1te ju?<\/p>\n<p>Je mil\u00e1 a ne\u017en\u00e1 ako jarn\u00fd kvet,<br \/>\n\u010do sne\u017eienkou ho vol\u00e1me.<br \/>\nJe dobr\u00e1 a kr\u00e1sna ako rozpr\u00e1vka,<br \/>\n\u010do osvie\u017ei n\u00e1s po r\u00e1ne.<br \/>\nJe to na\u0161a mama!<br \/>\nOna len n\u00e1m \u017eije!<br \/>\nDobre n\u00e1m je, dobre,<br \/>\nk\u00fdm jej srdce bije.<br \/>\nJe n\u00e1m ako rosa,<br \/>\n\u010do o\u017eiv\u00ed kvet.<br \/>\nBez mamy je pust\u00fd,<br \/>\npr\u00e1zdny cel\u00fd svet.<br \/>\nMama, drah\u00e1 mama,<br \/>\nmy \u0165a rady m\u00e1me.<br \/>\nZa l\u00e1sku ti srdce<br \/>\npln\u00e9 l\u00e1sky d\u00e1me.<\/p>\n","protected":false},"excerpt":{"rendered":"<p>Mama, najkraj\u0161ie a najdrah\u0161ie slovo, ktor\u00e9 m\u00f4\u017ee \u010dlovek vyslovi\u0165.<\/p>\n","protected":false},"author":2,"featured_media":0,"comment_status":"closed","ping_status":"open","sticky":false,"template":"","format":"standard","meta":[],"categories":[11],"tags":[],"_links":{"self":[{"href":"https:\/\/btm.sk\/WP\/wp-json\/wp\/v2\/posts\/1729"}],"collection":[{"href":"https:\/\/btm.sk\/WP\/wp-json\/wp\/v2\/posts"}],"about":[{"href":"https:\/\/btm.sk\/WP\/wp-json\/wp\/v2\/types\/post"}],"author":[{"embeddable":true,"href":"https:\/\/btm.sk\/WP\/wp-json\/wp\/v2\/users\/2"}],"replies":[{"embeddable":true,"href":"https:\/\/btm.sk\/WP\/wp-json\/wp\/v2\/comments?post=1729"}],"version-history":[{"count":1,"href":"https:\/\/btm.sk\/WP\/wp-json\/wp\/v2\/posts\/1729\/revisions"}],"predecessor-version":[{"id":2236,"href":"https:\/\/btm.sk\/WP\/wp-json\/wp\/v2\/posts\/1729\/revisions\/2236"}],"wp:attachment":[{"href":"https:\/\/btm.sk\/WP\/wp-json\/wp\/v2\/media?parent=1729"}],"wp:term":[{"taxonomy":"category","embeddable":true,"href":"https:\/\/btm.sk\/WP\/wp-json\/wp\/v2\/categories?post=1729"},{"taxonomy":"post_tag","embeddable":true,"href":"https:\/\/btm.sk\/WP\/wp-json\/wp\/v2\/tags?post=1729"}],"curies":[{"name":"wp","href":"https:\/\/api.w.org\/{rel}","templated":true}]}}