{"id":1726,"date":"2010-02-23T15:08:07","date_gmt":"2010-02-23T14:08:07","guid":{"rendered":"http:\/\/btm.sk\/WP\/2010\/02\/23\/vyhodnotenie-vianocneho-kvizu-2009-koledy\/"},"modified":"2018-05-17T22:55:00","modified_gmt":"2018-05-17T20:55:00","slug":"vyhodnotenie-vianocneho-kvizu-2009-koledy","status":"publish","type":"post","link":"https:\/\/btm.sk\/WP\/2010\/02\/23\/vyhodnotenie-vianocneho-kvizu-2009-koledy\/","title":{"rendered":"VYHODNOTENIE VIANO\u010cN\u00c9HO KV\u00cdZU 2009 \u2013 KOLEDY"},"content":{"rendered":"<p><span class=\"text\">Deti mali vyrie\u0161i\u0165 5 kv\u00edzov\u00fdch \u00faloh, ich tajni\u010dky ukr\u00fdvali n\u00e1zvy zn\u00e1mych viano\u010dn\u00fdch kolied.<\/span><br \/>\n<!--more--><br \/>\n<b>1) TICH\u00c1 NOC<\/p>\n<p>2) VST\u00c1VAJTE   PASTIERI<\/p>\n<p>3) NARODIL SA KRISTUS P\u00c1N<\/p>\n<p>4) P\u00c1SLI OVCE VALASI<\/p>\n<p>5) B\u00daVAJ DIE\u0164A KR\u00c1SNE<\/b><\/p>\n<p>Z kv\u00edzu sme sa dozvedeli, \u017ee deti viano\u010dn\u00e9 piesne poznaj\u00fa, mnoh\u00e9 n\u00e1m nap\u00edsali, ktor\u00e9 s\u00fa ich ob\u013e\u00faben\u00e9, dokonca aj s pln\u00fdm textom. V\u0161etk\u00fdm de\u0165om za ich listy a hlavne n\u00e1dhern\u00e9 obr\u00e1zky \u010fakujeme. Z listov vyber\u00e1me:<br \/>\n\u25cf Len jasli\u010dky chudobn\u00e9. Ja som si t\u00fato pesni\u010dku vybrala preto, lebo sa mi ve\u013emi p\u00e1\u010di. Je to tak\u00e1 kr\u00e1sna a skromn\u00e1 pesni\u010dka. V prvej strofe sa p\u00ed\u0161e o tom, \u017ee P\u00e1n Je\u017ei\u0161 ako kr\u00e1\u013e a p\u00e1n sa nenarodil v pal\u00e1ci ako ostatn\u00ed kr\u00e1li, ale iba v chudobn\u00fdch jasliach. On bol Bo\u017e\u00edm darom. V druhej strofe sa p\u00ed\u0161e, \u017ee P\u00e1n Je\u017ei\u0161 nemal dajak\u00fa vilu alebo kr\u00e1\u013eovstvo, ale iba ma\u0161ta\u013e. P\u00e1n Je\u017ei\u0161 pri\u0161iel na zem, aby pom\u00e1hal biednym a utr\u00e1pen\u00fdm. V tretej strofe sa p\u00ed\u0161e o modlitbe die\u0165a\u0165a k P\u00e1nu Je\u017ei\u0161ovi, aby ho chr\u00e1nil a br\u00e1nil. Aby bol jeho najlep\u0161\u00edm priate\u013eom a aby ho zobral do svojho kr\u00e1\u013eovstva. (K. J., 12 r.)<br \/>\n\u25cf N\u00e1\u0161 Kr\u00e1\u013e. S\u00fa tak\u00e9 miesta na zemi, v ktor\u00fdch sa rodia kr\u00e1li. Ten, \u010do sa narodil v Betleheme nechce, aby sme sa b\u00e1li. Teraz tr\u00f3ni v neba sl\u00e1ve, v\u00ed\u0165azstvo tam sl\u00e1vi. Na\u0161e srdcia vy\u013eakan\u00e9 zm\u00e4tkov, strachu zbav\u00ed. Je aj s nami, v\u017edy a v\u0161ade, od zl\u00e9ho n\u00e1s chr\u00e1ni. Na\u0161e men\u00e1 nap\u00edsan\u00e9 na svojej m\u00e1 dlani. (M. L., 11 r.)<br \/>\n\u25cf Tich\u00e1 noc. Raz v noci svietila hviezda. Pastieri i\u0161li za \u0148ou do Betlehema. Tam sa narodil Je\u017ei\u0161ko. Povedali to v\u0161etk\u00fdm \u013eu\u010fom. A boli to Vianoce. Te\u0161\u00edme sa a modl\u00edme sa. (R. \u0160., 7 r.)<br \/>\n\u25cf V\u0161etky tieto piesne sa sp\u00e1jaj\u00fa s Vianocami, s naroden\u00edm Je\u017ei\u0161a Krista. V ka\u017edej vystupuj\u00fa aj in\u00e9 postavy, ale dej je st\u00e1le ten ist\u00fd&#8230; (M. H., 12 r.)<br \/>\n\u25cf Na Vianoce oslavujeme narodeniny P\u00e1na Je\u017ei\u0161a Krista. Narodil sa M\u00e1rii a Jozefovi v Betleheme. Je kr\u00e1\u013eovsk\u00e9 die\u0165a. Ale narodil sa aj pre n\u00e1s, aby nesk\u00f4r zomrel za na\u0161e hriechy. Na tret\u00ed de\u0148 vstal, odi\u0161iel do neba pripravi\u0165 miesta pre n\u00e1s. (G. \u0160., 8 r.)<\/p>\n<p><img src=\"img\/articles\/Bielik Pavol.jpg\" alt=\"\"><br \/>\nBielik Pavol, 5 r., \u010cerven\u00edk<\/p>\n<p><b>V\u00fdhercovia:<\/b><\/p>\n<p><b>Sabolov\u00e1 Nat\u00e1lia<\/b>, 11 r., Bardejov<br \/>\n<b>Stan\u010dek D\u00e1vid<\/b>, 9 r., Hybe<br \/>\n<b>Ha\u013ekov\u00e1 Veronika<\/b>, 8 r., \u010ca\u0148a<\/p>\n<p><img src=\"img\/articles\/Sabolova Natalia.jpg\" alt=\"\"><br \/>\nSabolov\u00e1 Nat\u00e1lia, 11 r., Bardejov<\/p>\n<p><img src=\"img\/articles\/Halkova Veronika.jpg\" alt=\"\"><br \/>\nHa\u013ekov\u00e1 Veronika, 8 r., \u010ca\u0148a<\/p>\n<p><img src=\"img\/articles\/Anderko Denis.jpg\" alt=\"\"><br \/>\nAnderko Denis, 12 r., Jel\u0161ava<\/p>\n<p><img src=\"img\/articles\/Anderko Jozko.jpg\" alt=\"\"><br \/>\nAnderko Jo\u017eko, Jel\u0161ava<\/p>\n<p><img src=\"img\/articles\/Anderkova Monika.jpg\" alt=\"\"><br \/>\nAnderkov\u00e1 Monika, 8 r., Jel\u0161ava<\/p>\n<p><img src=\"img\/articles\/Balogova Bohumila.jpg\" alt=\"\"><br \/>\nBalogov\u00e1 Bohumila, 9 r., Jel\u0161ava<\/p>\n<p><img src=\"img\/articles\/Bielikova Dominika.jpg\" alt=\"\"><br \/>\nBielikov\u00e1 Dominika, 3 r., \u010cerven\u00edk<\/p>\n<p><img src=\"img\/articles\/Ciortan Sara.jpg\" alt=\"\"><br \/>\nCiortan Sara, 7 r., B. Bystrica<\/p>\n<p><img src=\"img\/articles\/Demeterova Nikola.jpg\" alt=\"\"><br \/>\nDemeterov\u00e1 Nikola, 10 r., Jel\u0161ava<\/p>\n<p><img src=\"img\/articles\/Dunka David.jpg\" alt=\"\"><br \/>\nDunka D\u00e1vid, 12 r., Jel\u0161ava<\/p>\n<p><img src=\"img\/articles\/Vajda Jonatan.jpg\" alt=\"\"><br \/>\nVajda Jonat\u00e1n, 5 r., Bardejov<\/p>\n<p><img src=\"img\/articles\/Tomasova Tamara.jpg\" alt=\"\"><br \/>\nTom\u00e1\u0161ov\u00e1 Tamara, Bystr\u00e9<\/p>\n<p><img src=\"img\/articles\/Dunka Lukas.jpg\" alt=\"\"><br \/>\nDunka Luk\u00e1\u0161, Jel\u0161ava<\/p>\n<p><img src=\"img\/articles\/Griglak Ondrik.jpg\" alt=\"\"><br \/>\nGrigl\u00e1k Ondr\u00edk, 8 r.,H\u00f4rka<\/p>\n<p><img src=\"img\/articles\/Homulkova Monika.jpg\" alt=\"\"><br \/>\nHomulkov\u00e1 Monika, 10 r., Michalovce<\/p>\n<p><img src=\"img\/articles\/Janikova Terezka.jpg\" alt=\"\"><br \/>\nJan\u00edkov\u00e1 Terezka, 7 r., Zvolen<\/p>\n<p><img src=\"img\/articles\/Juhacsikova Kristina.jpg\" alt=\"\"><br \/>\nJuha\u010d\u0161ikov\u00e1 Krist\u00edna, 12 r., Bystr\u00e9<\/p>\n<p><img src=\"img\/articles\/Kac Miro.jpg\" alt=\"\"><br \/>\nK\u00e1\u010d Miro, 11 r., Jel\u0161ava<\/p>\n<p><img src=\"img\/articles\/Kukolova Gabika.jpg\" alt=\"\"><br \/>\nKuko\u013eov\u00e1 Gabika, 10 r., Nov\u00fd Smokovec<\/p>\n<p><img src=\"img\/articles\/Lacova Milinka.jpg\" alt=\"\"><br \/>\nLacov\u00e1 Milinka, 6 r., Kalinovo<\/p>\n<p><img src=\"img\/articles\/Lacova Svatava.jpg\" alt=\"\"><br \/>\nLacov\u00e1 Svatava, 7 r., Kalinovo<\/p>\n<p><img src=\"img\/articles\/Risova Janka.jpg\" alt=\"\"><br \/>\nRi\u0161ov\u00e1 Janka, 10 r., Pov. Bystrica<\/p>\n<p><img src=\"img\/articles\/Risova Lydka.jpg\" alt=\"\"><br \/>\nRi\u0161ov\u00e1 Lydka, 12 r., Pov. Bystrica<\/p>\n<p><img src=\"img\/articles\/Samko Erik.jpg\" alt=\"\"><br \/>\nSamko Erik, 11 r., Jel\u0161ava<\/p>\n<p><img src=\"img\/articles\/Skaldovci Silvia a Samko.jpg\" alt=\"\"><br \/>\n\u0160kaldovci Silvia a Samko, 7 a 5 r.,Kremnica<\/p>\n<p><img src=\"img\/articles\/Konya Pato.jpg\" alt=\"\"><br \/>\nK\u00f3nya Pa\u0165o, 10 r., Jel\u0161ava<\/p>\n<p><img src=\"img\/articles\/Sokolova Stevka.jpg\" alt=\"\"><br \/>\nSokolov\u00e1 \u0160tevka, 6 r., Humenn\u00e9<\/p>\n<p><img src=\"img\/articles\/Svedova Romana.jpg\" alt=\"\"><br \/>\n\u0160vedov\u00e1 Romana, 7 r., Levo\u010da<\/p>\n","protected":false},"excerpt":{"rendered":"<p>Deti mali vyrie\u0161i\u0165 5 kv\u00edzov\u00fdch \u00faloh, ich tajni\u010dky ukr\u00fdvali n\u00e1zvy zn\u00e1mych viano\u010dn\u00fdch kolied.<\/p>\n","protected":false},"author":2,"featured_media":0,"comment_status":"closed","ping_status":"open","sticky":false,"template":"","format":"standard","meta":[],"categories":[6],"tags":[],"_links":{"self":[{"href":"https:\/\/btm.sk\/WP\/wp-json\/wp\/v2\/posts\/1726"}],"collection":[{"href":"https:\/\/btm.sk\/WP\/wp-json\/wp\/v2\/posts"}],"about":[{"href":"https:\/\/btm.sk\/WP\/wp-json\/wp\/v2\/types\/post"}],"author":[{"embeddable":true,"href":"https:\/\/btm.sk\/WP\/wp-json\/wp\/v2\/users\/2"}],"replies":[{"embeddable":true,"href":"https:\/\/btm.sk\/WP\/wp-json\/wp\/v2\/comments?post=1726"}],"version-history":[{"count":1,"href":"https:\/\/btm.sk\/WP\/wp-json\/wp\/v2\/posts\/1726\/revisions"}],"predecessor-version":[{"id":2239,"href":"https:\/\/btm.sk\/WP\/wp-json\/wp\/v2\/posts\/1726\/revisions\/2239"}],"wp:attachment":[{"href":"https:\/\/btm.sk\/WP\/wp-json\/wp\/v2\/media?parent=1726"}],"wp:term":[{"taxonomy":"category","embeddable":true,"href":"https:\/\/btm.sk\/WP\/wp-json\/wp\/v2\/categories?post=1726"},{"taxonomy":"post_tag","embeddable":true,"href":"https:\/\/btm.sk\/WP\/wp-json\/wp\/v2\/tags?post=1726"}],"curies":[{"name":"wp","href":"https:\/\/api.w.org\/{rel}","templated":true}]}}