{"id":1711,"date":"2009-08-28T17:26:27","date_gmt":"2009-08-28T15:26:27","guid":{"rendered":"http:\/\/btm.sk\/WP\/2009\/08\/28\/ani-mohutne-piliere-nebudu-mat-zmysel\/"},"modified":"2018-05-17T22:57:47","modified_gmt":"2018-05-17T20:57:47","slug":"ani-mohutne-piliere-nebudu-mat-zmysel","status":"publish","type":"post","link":"https:\/\/btm.sk\/WP\/2009\/08\/28\/ani-mohutne-piliere-nebudu-mat-zmysel\/","title":{"rendered":"ANI MOHUTN\u00c9 PILIERE NEBUD\u00da MA\u0164 ZMYSEL,"},"content":{"rendered":"<p><span class=\"text\"><b>KE\u010e MOST SPO\u010c\u00cdVAJ\u00daCI NA NICH NEPOVEDIE K \u017dIADNEMU BREHU, K \u017dIADNEMU CIE\u013dU\u2026<\/b><\/span><br \/>\n<!--more--><br \/>\nNa za\u010diatok \u0161kolsk\u00e9ho roka&#8230;<\/p>\n<p>Skon\u010dil sa \u010das dovoleniek, oddychu a ni\u010dnerobenia. Vraciame sa do pr\u00e1ce, do \u0161koly, do ka\u017edodenn\u00e9ho stereotypu. A tak, aby tieto dni neboli pre n\u00e1s stresuj\u00face a f\u00e1dne, trochu sa zamyslime, ne\u017e do nich vykro\u010d\u00edme. Pripome\u0148me si nieko\u013eko pravidiel.<br \/>\n\u25cf \u010c\u00edm viac toho rob\u00edme, t\u00fdm je v\u00e4\u010d\u0161ie nebezpe\u010denstvo, \u017ee to budeme robi\u0165 neuv\u00e1\u017eene, r\u00fdchlo, bez pr\u00edpravy a len sami pod\u013ea seba, len pod\u013ea svojej v\u00f4le, svojvo\u013ene. Pre kres\u0165ana, ke\u010f chce by\u0165 v spojen\u00ed so svoj\u00edm P\u00e1nom, by v\u0161ak nemali by\u0165 prvorad\u00e9 a najd\u00f4le\u017eitej\u0161ie sila, vytrvalos\u0165 \u010di aktivita. Najd\u00f4le\u017eitej\u0161ie je v\u0161ak nie\u010do in\u00e9 (zdanlivo pas\u00edvny prvok) \u2013 ucho (Izai\u00e1\u0161 50,4-5). Je to ucho k na\u010d\u00favaniu, k na\u010d\u00favaniu Bohu, druh\u00fdm, sebe a okolnostiam.<br \/>\n\u25cf Na\u0161ou pr\u00e1cou sa m\u00f4\u017eeme podie\u013ea\u0165 na Bo\u017eej tvorivej \u010dinnosti, ktorou Boh stvoril a tvor\u00ed svet i ka\u017ed\u00e9ho z n\u00e1s. Nie sme teda postaven\u00ed \u201epred hotov\u00e9\u201c. Nie preto, \u017ee by nebolo v Bo\u017eej moci v\u0161etko definit\u00edvne \u201edokon\u010di\u0165\u201c, ale preto, aby sme sami mohli ma\u0165 akt\u00edvny podiel na tvoren\u00ed sveta i \u017eivota&#8230;<br \/>\n\u25cf Jedna \u013eudov\u00e1 m\u00fadros\u0165 hovor\u00ed: \u201eNe\u017e za\u010dne\u0161 st\u00fapa\u0165 na rebr\u00edk, skontroluj, \u010di ho m\u00e1\u0161 opret\u00fd o spr\u00e1vnu stenu!\u201c Ve\u013ea \u013eud\u00ed m\u00e1 tendenciu robi\u0165 to presne naopak, a tak sa vo svojej \u010dinnosti vyd\u00e1vaj\u00fa najr\u00f4znej\u0161\u00edmi smermi, ktor\u00e9 nie s\u00fa od Boha. A kde nie je spr\u00e1vny smer, tam nie je ani cie\u013e. \u010clovek, ktor\u00fd sa takto odd\u00e1va \u201esvojvo\u013enej\u201c aktivite (hoci aj zdanlivo ve\u013emi dobrej a potrebnej), upad\u00e1 do chaosu, rozpt\u00fdlenosti, str\u00e1ca cie\u013e a nesk\u00f4r podlieha aj frustr\u00e1cii. Prest\u00e1va by\u0165 schopn\u00fd rozli\u0161ova\u0165 priority.<br \/>\n\u25cf Ak sme stvoren\u00ed na Bo\u017e\u00ed obraz a k spolupr\u00e1ci s n\u00edm, nem\u00f4\u017eeme n\u00e1js\u0165 rovnov\u00e1hu, pokoj a rados\u0165 z pr\u00e1ce, ak s n\u00edm nebudeme neust\u00e1le v kontakte, nebudeme sa p\u00fdta\u0165 na jeho z\u00e1mery a na jeho v\u00f4\u013eu, nebudeme s n\u00edm spolupracova\u0165 a d\u00f4verova\u0165 mu a nenech\u00e1me sa vies\u0165 jeho Duchom&#8230;  (Izai\u00e1\u0161 30,15)<br \/>\n\u25cf Existuje nebezpe\u010dn\u00e9 zlo, pred ktor\u00fdm sa mus\u00edme ma\u0165 zvl\u00e1\u0161\u0165 na pozore, preto\u017ee m\u00e1 moc rozmno\u017ei\u0165 u\u017e tak zvrchovan\u00fa mieru sm\u00fatku, nudy a ni\u010doty, ktor\u00e9 vl\u00e1dnu svetu. T\u00fdmto zlom je \u010dlovek, ktor\u00fd zah\u00e1\u013ea, ktor\u00fd sa o ni\u010d neusiluje, nesna\u017e\u00ed. Ak \u010dlovek prestane v sebe c\u00edti\u0165 potrebu budova\u0165, tvori\u0165, za nie\u010do bojova\u0165, tak z neho unik\u00e1 \u017eivotn\u00e1 sila. Ako by pru\u017eina, ktor\u00e1 udr\u017eiavala jeho existenciu v nap\u00e4t\u00ed, praskla.<br \/>\n\u25cf Opa\u010dn\u00fdm s\u00fa\u017een\u00edm modern\u00e9ho sveta je hor\u00fa\u010dkovit\u00e1 \u010dinnos\u0165. \u010clovek m\u00e1 pr\u00edli\u0161 ve\u013ea pr\u00e1ce a v\u0161etko chce robi\u0165 s\u00e1m. Len\u017ee na to nem\u00e1 dos\u0165 \u010dasu, a tak sa pon\u00e1h\u013ea, be\u017e\u00ed, nah\u00e1\u0148a a pacht\u00ed, a potom je podr\u00e1\u017eden\u00fd, nerv\u00f3zny, podlieha malomyse\u013enosti, str\u00e1ca odvahu, vy\u010derp\u00e1va sa, znehodnocuje si \u017eivot a nakoniec sa st\u00e1va neznesite\u013en\u00fd. Neurob\u00ed to, \u010do by chcel a mal. A to, \u010do urob\u00ed, nestoj\u00ed za ve\u013ea&#8230;<br \/>\n\u25cf Mus\u00edme to zmeni\u0165. Dodajme si odvahu a vzdorujme tak\u00fdmto poku\u0161eniam modern\u00e9ho sveta. A\u017e tieto poku\u0161enia pr\u00eddu, nezastavujme sa, ale sa obr\u00e1\u0165me k Bohu. On n\u00e1m pom\u00f4\u017ee. Nech sa stane \u010doko\u013evek, nezastavujme sa, ale za ka\u017ed\u00fdch okolnost\u00ed:<br \/>\n* na\u010d\u00favajme Bo\u017eiemu hlasu (Izai\u00e1\u0161 50,4-5)<br \/>\n* p\u00fdtajme sa na Bo\u017eiu v\u00f4\u013eu (\u017dalm 14,2)<br \/>\n* \u017eiadajme od Boha, aby riadil v\u0161etky na\u0161e cesty (\u017dalm 25,4)<br \/>\n* a pri ka\u017edej \u010dinnosti majme Boha st\u00e1le pred o\u010dami (B. Pascal) (\u017dalm 123,1-2)<br \/>\n* lebo v spojen\u00ed s Bohom m\u00e1 \u010dinnos\u0165 \u010dloveka definit\u00edvnu a nad\u010dasov\u00fa hodnotu. Preto zverme Bohu ak\u00fako\u013evek svoju \u010dinnos\u0165&#8230; (Pr\u00edslovia 16,3)<br \/>\n(spracovan\u00e9 pod\u013ea www.pastorace.cz)<\/p>\n","protected":false},"excerpt":{"rendered":"<p>KE\u010e MOST SPO\u010c\u00cdVAJ\u00daCI NA NICH NEPOVEDIE K \u017dIADNEMU BREHU, K \u017dIADNEMU CIE\u013dU\u2026<\/p>\n","protected":false},"author":2,"featured_media":0,"comment_status":"closed","ping_status":"open","sticky":false,"template":"","format":"standard","meta":[],"categories":[9],"tags":[],"_links":{"self":[{"href":"https:\/\/btm.sk\/WP\/wp-json\/wp\/v2\/posts\/1711"}],"collection":[{"href":"https:\/\/btm.sk\/WP\/wp-json\/wp\/v2\/posts"}],"about":[{"href":"https:\/\/btm.sk\/WP\/wp-json\/wp\/v2\/types\/post"}],"author":[{"embeddable":true,"href":"https:\/\/btm.sk\/WP\/wp-json\/wp\/v2\/users\/2"}],"replies":[{"embeddable":true,"href":"https:\/\/btm.sk\/WP\/wp-json\/wp\/v2\/comments?post=1711"}],"version-history":[{"count":1,"href":"https:\/\/btm.sk\/WP\/wp-json\/wp\/v2\/posts\/1711\/revisions"}],"predecessor-version":[{"id":2254,"href":"https:\/\/btm.sk\/WP\/wp-json\/wp\/v2\/posts\/1711\/revisions\/2254"}],"wp:attachment":[{"href":"https:\/\/btm.sk\/WP\/wp-json\/wp\/v2\/media?parent=1711"}],"wp:term":[{"taxonomy":"category","embeddable":true,"href":"https:\/\/btm.sk\/WP\/wp-json\/wp\/v2\/categories?post=1711"},{"taxonomy":"post_tag","embeddable":true,"href":"https:\/\/btm.sk\/WP\/wp-json\/wp\/v2\/tags?post=1711"}],"curies":[{"name":"wp","href":"https:\/\/api.w.org\/{rel}","templated":true}]}}