{"id":1701,"date":"2009-04-15T22:16:48","date_gmt":"2009-04-15T20:16:48","guid":{"rendered":"http:\/\/btm.sk\/WP\/2009\/04\/15\/vyhodnotenie-vianocneho-kvizu-2008\/"},"modified":"2018-05-17T23:00:01","modified_gmt":"2018-05-17T21:00:01","slug":"vyhodnotenie-vianocneho-kvizu-2008","status":"publish","type":"post","link":"https:\/\/btm.sk\/WP\/2009\/04\/15\/vyhodnotenie-vianocneho-kvizu-2008\/","title":{"rendered":"VYHODNOTENIE VIANO\u010cN\u00c9HO KV\u00cdZU 2008"},"content":{"rendered":"<p><span class=\"text\">V\u0161etk\u00fdm de\u0165om, ktor\u00e9 spr\u00e1vne vyl\u00fa\u0161tili tajni\u010dku, gratulujeme. Mnoh\u00e9 n\u00e1m e\u0161te nakreslili obr\u00e1zok alebo nap\u00edsali svoj z\u00e1\u017eitok. Zauj\u00edmav\u00e9 listy a obr\u00e1zky uverej\u0148ujeme.<\/span><br \/>\n<!--more--><br \/>\nJednotliv\u00e9 \u00falohy, spr\u00e1vne rie\u0161enie:<br \/>\n1.IMMANUEL<br \/>\n2.TO ZNAMEN\u00c1 (slov\u00e1 do dopl\u0148ova\u010dky: krtko, stopy, jazyk, slnko, klasy, kom\u00edn, kvety, ban\u00e1n, br\u00e1na)<br \/>\n3.BOH (ozdoby, dom, snehuliak)<br \/>\n4.S (anjelov je 20)<br \/>\n5.NAMI<br \/>\n<b>Tajni\u010dka znie: IMMANUEL TO ZNAMEN\u00c1 BOH S NAMI.<\/b><\/p>\n<p>Mil\u00e1 BTM, \u010fakujeme P\u00e1nu Bohu za va\u0161u slu\u017ebu, ktor\u00fa preukazujete aj vo\u010di de\u0165om. \u010eakujeme za kv\u00edzy, ktor\u00e9 sme mohli vyu\u017ei\u0165 pri pr\u00e1ci s r\u00f3mskymi de\u0165mi. Stret\u00e1vame sa s nimi ka\u017ed\u00fa sobotu a sna\u017e\u00edme sa im pribl\u00ed\u017ei\u0165 P\u00e1na Je\u017ei\u0161a, aby ho tie\u017e osobne spoznali. Mnoh\u00e9 z nich nav\u0161tevuj\u00fa \u0161peci\u00e1lnu osobitn\u00fa \u0161kolu, a preto by potrebovali aj osobitn\u00fd pr\u00edstup. Ale oce\u0148ujem ich snahu a posielam V\u00e1m ich kresby. Jarmila V., Rev\u00facka Lehota<\/p>\n<p><b>Detsk\u00e9 pr\u00edbehy<\/b><br \/>\n\u25cf Tento rok sa obchodn\u00edci boja, \u017ee sa nesplnia ich pl\u00e1ny na dobr\u00e9 viano\u010dn\u00e9 tr\u017eby. \u013dudia vraj menej nakupuj\u00fa. Nebud\u00fa dobr\u00e9 Vianoce! Ako m\u00f4\u017ee by\u0165 oslava narodenia Spasite\u013ea sveta zl\u00e1? \u010casto pre dar\u010deky zab\u00fadame na darcu, ka\u017ed\u00fd rok. Aj my sa te\u0161\u00edme na dar\u010deky, ktor\u00e9 dost\u00e1vame. Tak to bolo aj minul\u00fd rok. Dostali sme kr\u00e1sne dary: spolo\u010densk\u00e9 hry, hojdacieho ko\u0148a, autodr\u00e1hu, b\u00e1biky a knihy. Chceli sme sa s nimi st\u00e1le te\u0161i\u0165. Ale rodi\u010dia rozhodli, \u017ee ideme do Bet\u00e1nie, kde budeme po\u010d\u00fava\u0165 pr\u00edbeh o naroden\u00ed P\u00e1na Je\u017ei\u0161a a my deti budeme spieva\u0165 viano\u010dn\u00e9 piesne a recitova\u0165 b\u00e1sne. Ke\u010f sme tak urobili a videli sme ako sa star\u00ed a chor\u00ed \u013eudia, ktor\u00ed tam b\u00fdvaj\u00fa, te\u0161ili, na na\u0161e dar\u010deky sme ani nepomysleli. Ve\u010f n\u00e1s predsa doma po\u010dkaj\u00fa a pr\u00e1zdniny s\u00fa e\u0161te pred nami. Mar\u00edna L., 10 rokov.<\/p>\n<p>\u25cf Minul\u00e9 Vianoce boli kr\u00e1sne. Ka\u017ed\u00fd dostal svoj dar\u010dek. A najv\u00e4\u010d\u0161\u00ed dar sme dostali v\u0161etci na prv\u00e9 Vianoce a to P\u00e1na Je\u017ei\u0161a Krista. Mali by sme \u010fakova\u0165 za najv\u00e4\u010d\u0161\u00ed dar, ktor\u00fd n\u00e1m dal n\u00e1\u0161 P\u00e1n Boh. Zuzana K., 10 rokov.<br \/>\n\u25cf Moje Vianoce boli super! Na 1. viano\u010dn\u00fd sviatok ve\u010der sme si ka\u017ed\u00fd pripravili program, ktor\u00fd sme potom predviedli. Bol to n\u00e1\u0161 dar\u010dek pre P\u00e1na Je\u017ei\u0161a. Tie\u017e sme si porozpr\u00e1vali (ka\u017ed\u00fd si vybral postavu) viano\u010dn\u00e9 p\u00e1smo. Tohtoro\u010dn\u00e9 Vianoce rodi\u010dia nenakupovali dar\u010deky po meste. Ale aj tak ocko s mamkou nejak\u00e9 dar\u010deky na\u0161li a objednali. Uvedomili sme si, \u017ee ten najv\u00e4\u010d\u0161\u00ed dar na svete je P\u00e1n Je\u017ei\u0161, ktor\u00e9ho Boh poslal k n\u00e1m na zem, aby za n\u00e1s zomrel, a tak n\u00e1s vyk\u00fapil z ve\u010dnej smrti. Moje dve sestry n\u00e1m, ako rodine, k\u00fapili hru Biblick\u00e9 putovanie. Je to super hra s viacer\u00fdmi mo\u017enos\u0165ami a s pozn\u00e1van\u00edm Biblie. Ve\u013emi n\u00e1s bav\u00ed a u\u017e sme sa ju ve\u013eakr\u00e1t hrali. Aj hru od V\u00e1s, V jeho stop\u00e1ch, sme sa tie\u017e nieko\u013ekokr\u00e1t hrali. Lydu\u0161ka R., 11 rokov.<\/p>\n<p><img src=\"img\/articles\/KvizVianoce2008-MA-7.gif\"><\/p>\n<p>Monika Anderkov\u00e1. 7 r., Jel\u0161ava<\/p>\n<p>\u25cf V\u0161etci sme sa na Vianoce te\u0161ili. Aj na dar\u010deky, ale hlavne na \u0160tedr\u00fd de\u0148. V srdci som si pomyslela: mo\u017eno presne v tento de\u0148 pr\u00edde P\u00e1n Je\u017ei\u0161 na zem po druh\u00fdkr\u00e1t. Nevedela som, \u010di sa to stane alebo nie. Nakoniec som to nechala tak \u2013 ke\u010f sa to stane, tak sa to stane. Ale uvedomila som si, \u017ee sa na tieto Vianoce mus\u00edm pripravi\u0165 \u2013 v srdci. Nakoniec u\u017e predsa pri\u0161iel \u0160tedr\u00fd de\u0148. Te\u0161ila som sa. Robila som kol\u00e1\u010diky s mojou sestrou. Pom\u00e1hala som aj pri obede. Po obede sme ozdobovali viano\u010dn\u00fd strom\u010dek. Ocko s bratom varili ve\u010deru. My sme si zatia\u013e upratovali izbu. Nastal ve\u010der. Bola som zvedav\u00e1, \u010do bude potom. Pri ve\u010deri sme zapa\u013eovali svie\u010dky. Aj ja som chcela zap\u00e1li\u0165 svoju svie\u010dku, ale dos\u0165 som sa b\u00e1la. Povedala som ockovi, aby na m\u0148a d\u00e1val pozor a sk\u00fasila som to. Prv\u00fa z\u00e1palku som zap\u00e1lila, ale cel\u00e1 mi zhorela. Druh\u00fa som zap\u00e1lila a u\u017e mi to i\u0161lo lep\u0161ie, u\u017e bol plamienok aj na kn\u00f4tiku. Povzbudzovala som potom aj mojich s\u00farodencov. Po ve\u010deri sme pozerali film, a potom sme sa u\u017e mali \u00eds\u0165 umy\u0165 a \u00eds\u0165 spa\u0165. Nevedela so, pre\u010do u\u017e mus\u00edme \u00eds\u0165 spa\u0165. Zistila som, \u017ee P\u00e1n Je\u017ei\u0161 sa narodil na 1. sviatok viano\u010dn\u00fd. N\u00e1\u0161 program sme mali tie\u017e na 1. sviatok viano\u010dn\u00fd. Dar\u010deky sme mali a\u017e na 2. sviatok viano\u010dn\u00fd. Spolo\u010denstvo s Bohom a s rodinou sa mi p\u00e1\u010dilo! Tieto Vianoce boli ve\u013emi pekn\u00e9! A nau\u010dila som sa tie\u017e ve\u013ea nov\u00fdch vec\u00ed. Janka R., 9 rokov.<br \/>\n\u25cf Spom\u00ednam si na jednu pr\u00edhodu, ke\u010f sme boli e\u0161te ve\u013emi mal\u00ed. M\u00e1vali sme doma na Vianoce \u017eiv\u00e9ho kapra. Pl\u00e1val n\u00e1m vo vani v k\u00fape\u013eni. Najmlad\u0161ej sestre sa ve\u013emi p\u00e1\u010dil, st\u00e1le ho chodievala obzera\u0165. Na druh\u00fd de\u0148 ve\u010der som sa i\u0161la k\u00fapa\u0165. O chv\u00ed\u013eu pri\u0161la za mnou najmlad\u0161ia sestra. Vo vode plnej peny \u010dosi h\u013ead\u00e1&#8230; Dovt\u00edpila som sa, \u017ee zrejme toho kapra. Nahlas som sa rozosmiala. Vysvetlila som jej, \u017ee sme kapra odniesli do vane v pr\u00e1\u010dovni. V\u017edy sa dobre zasmejem, ke\u010f si na to spomeniem. Marta K., 18 rokov<\/p>\n<p><img src=\"img\/articles\/KvizVianoce2008-MK-18.gif\"><\/p>\n<p>Marta Kostol\u0148\u00e1kov\u00e1, 18 r., Oravsk\u00e1 Lesn\u00e1<\/p>\n<p>\u25cf Na \u0160tedr\u00fd ve\u010der moja cel\u00e1 rodina aj moje kamar\u00e1tka chod\u00edme do kostola. Ka\u017ed\u00fd rok, ke\u010f sa zakon\u010d\u00ed kostol, id\u00fa moji rodi\u010dia k starej mame a moja najlep\u0161ia kamar\u00e1tka Zdenka a ja ideme domov. Ale vlani to bolo v\u0161etko inak. Ke\u010f som pri\u0161la domov, pod strom\u010dekom boli dar\u010deky. Na jednom z nich bol odkaz: Najlep\u0161ej kamar\u00e1tke na celom svete. Ke\u010f som si to pre\u010d\u00edtala, vo\u0161la so izby moja kamar\u00e1tka. Po\u010fakovala som sa jej za dar\u010dek, a potom som aj ja ju pote\u0161ila svoj\u00edm. To boli najkraj\u0161ie a najzauj\u00edmavej\u0161ie Vianoce. Anna H., 14 rokov.<\/p>\n<p><img src=\"img\/articles\/KvizVianoce2008-JA-10.gif\"><\/p>\n<p>Jo\u017eko Anderko, 12 r., Jel\u0161ava<\/p>\n<p>\u25cf  Viano\u010dn\u00fd z\u00e1zrak. V jeden pekn\u00fd nede\u013en\u00fd ve\u010der, ke\u010f boli Vianoce, sme i\u0161li do kostola. Ja som tam vystupovala v nede\u013enej besiedke. Mali sme pripraven\u00fa mal\u00fa sc\u00e9nku, ktor\u00e1 mala s\u00favislos\u0165 s anjelom. Autobus n\u00e1s doviezol do kostola a ja som r\u00fdchlo i\u0161la na besiedku, mali sme si e\u0161te presk\u00fa\u0161a\u0165 sc\u00e9nku. Hrala som anjela. Bola som pomocn\u00edk P\u00e1na. Mala som tr\u00e9mu a strach. Ale ke\u010f som sa postavila pred t\u00fdch \u013eud\u00ed, tak zrazu zo m\u0148a tr\u00e9ma opadla. A vtedy som pochopila, ak\u00fd je P\u00e1n Je\u017ei\u0161 pre m\u0148a d\u00f4le\u017eit\u00fd. R. Luk\u00e1\u010dov\u00e1, 12 rokov.<br \/>\n\u25cf Ke\u010f som bol men\u0161\u00ed, tak moj\u00edm najkraj\u0161\u00edm z\u00e1\u017eitkom z Vianoc bol ten, ako som sa v\u017edy po \u0161tedrove\u010dernej ve\u010deri te\u0161il z dar\u010dekov. So starkou som sa bol aj s\u00e1nkova\u0165, a potom sme \u0161li na polno\u010dn\u00fa om\u0161u. Luk\u00e1\u0161 \u0160., 11 rokov.<br \/>\n\u25cf Tieto Vianoce s\u00fa najkraj\u0161ie preto, \u017ee sme v\u0161etci spolu. Ale tieto Vianoce k n\u00e1m pribudne moja mal\u00e1 sestri\u010dka Miriam. Dajana H., 9 rokov.<\/p>\n<p><img src=\"img\/articles\/KvizVianoce2008-NK-13.gif\"><\/p>\n<p>No\u00e9mi Krupov\u00e1, 13 r., Giraltovce<\/p>\n<p>\u25cf Ke\u010f som sa rozpr\u00e1vala s mamkou, tak mi povedala, \u017ee tieto Vianoce nebudeme ma\u0165 dar\u010deky. Smutn\u00e1 som sa zatvorila do izby a modlila som sa k Bohu. A povedala so mu v\u0161etko, aj to, \u017ee viem, \u017ee dar\u010deky nie s\u00fa to najpodstatnej\u0161ie na Vianoce. A tak som ho poprosila o to, ako m\u00f4\u017ee, nech sa postar\u00e1, aby sme tie dar\u010deky dostali. Bolo to de\u0148 pred \u0160tedr\u00fdm d\u0148om. Aj ocko u\u017e bol doma. Ke\u010f som i\u0161la spa\u0165, za\u010dula som, ako sa rodi\u010dia rozpr\u00e1vaj\u00fa. Na \u0160tedr\u00fd de\u0148 som vstala a pom\u00e1hala mamke v kuchyni. Tesne pred ve\u010derou sme i\u0161li na bohoslu\u017eby. Ke\u010f sme sa vr\u00e1tili a ja som vo\u0161la do spolo\u010dnej izby, zbadala som dar\u010deky. Bola som rada a \u010fakovala som Bohu. No\u00e9mi K., 13 rokov.<\/p>\n<p><b>V\u00fdhercovia:<\/b><\/p>\n<p>Z\u00e1humensk\u00fd Jeremi\u00e1\u0161, 034 81 Liskov\u00e1 98, 5 r.<br \/>\nCiortan Sara, Na Graniari 34, 974 01 Bansk\u00e1 Bystrica, 6 r.<br \/>\nVajda Benjam\u00edn a Jonat\u00e1n, Richvald 191, 085 01 Bardejov, 7 a 5 r.<br \/>\n\u0161peci\u00e1lna odmena pre r\u00f3mske deti z Jel\u0161avy (Jarmila a Miroslav Vdoviakovci zo zboru<br \/>\nBJB Rev\u00facka Lehota, bytom asi v Mokrej L\u00fake)<\/p>\n<p><img src=\"img\/articles\/KvizVianoce2008-FG-11.gif\"><\/p>\n<p>Filip Gages, 11 r., Arad\u00e1\u010d, Srbsko<\/p>\n<p><img src=\"img\/articles\/KvizVianoce2008-IS-9.gif\"><\/p>\n<p>Ivetka Solvajsov\u00e1, 9 r., \u017da\u0161kov<\/p>\n<p><img src=\"img\/articles\/KvizVianoce2008-JV-5.gif\"><\/p>\n<p>Jonat\u00e1n Vajda, 5 r., Richvald<\/p>\n<p><img src=\"img\/articles\/KvizVianoce2008-JZ-5.gif\"><\/p>\n<p>Jeremi\u00e1\u0161 Z\u00e1humensk\u00fd, 5 r., Liskov\u00e1<\/p>\n<p><img src=\"img\/articles\/KvizVianoce2008-KJ-11.gif\"><\/p>\n<p>Krist\u00edna Juha\u0161\u010dikov\u00e1, 11 r., Hermanovce n T.<\/p>\n<p><img src=\"img\/articles\/KvizVianoce2008-KZ-10.gif\"><\/p>\n<p>Katka Zem\u00e1nkov\u00e1, 10 r., Tren\u010dianska T\u00farna<\/p>\n<p><img src=\"img\/articles\/KvizVianoce2008-MK-10.gif\"><\/p>\n<p>Mirko K\u00e1\u010d, 10 r., Jel\u0161ava<\/p>\n<p><img src=\"img\/articles\/KvizVianoce2008-OG-8.gif\"><\/p>\n<p>Ondr\u00edk Grigl\u00e1k, 8 r., H\u00f4rka<\/p>\n","protected":false},"excerpt":{"rendered":"<p>V\u0161etk\u00fdm de\u0165om, ktor\u00e9 spr\u00e1vne vyl\u00fa\u0161tili tajni\u010dku, gratulujeme. Mnoh\u00e9 n\u00e1m e\u0161te nakreslili obr\u00e1zok alebo nap\u00edsali svoj z\u00e1\u017eitok. Zauj\u00edmav\u00e9 listy a obr\u00e1zky uverej\u0148ujeme.<\/p>\n","protected":false},"author":2,"featured_media":0,"comment_status":"closed","ping_status":"open","sticky":false,"template":"","format":"standard","meta":[],"categories":[6],"tags":[],"_links":{"self":[{"href":"https:\/\/btm.sk\/WP\/wp-json\/wp\/v2\/posts\/1701"}],"collection":[{"href":"https:\/\/btm.sk\/WP\/wp-json\/wp\/v2\/posts"}],"about":[{"href":"https:\/\/btm.sk\/WP\/wp-json\/wp\/v2\/types\/post"}],"author":[{"embeddable":true,"href":"https:\/\/btm.sk\/WP\/wp-json\/wp\/v2\/users\/2"}],"replies":[{"embeddable":true,"href":"https:\/\/btm.sk\/WP\/wp-json\/wp\/v2\/comments?post=1701"}],"version-history":[{"count":1,"href":"https:\/\/btm.sk\/WP\/wp-json\/wp\/v2\/posts\/1701\/revisions"}],"predecessor-version":[{"id":2264,"href":"https:\/\/btm.sk\/WP\/wp-json\/wp\/v2\/posts\/1701\/revisions\/2264"}],"wp:attachment":[{"href":"https:\/\/btm.sk\/WP\/wp-json\/wp\/v2\/media?parent=1701"}],"wp:term":[{"taxonomy":"category","embeddable":true,"href":"https:\/\/btm.sk\/WP\/wp-json\/wp\/v2\/categories?post=1701"},{"taxonomy":"post_tag","embeddable":true,"href":"https:\/\/btm.sk\/WP\/wp-json\/wp\/v2\/tags?post=1701"}],"curies":[{"name":"wp","href":"https:\/\/api.w.org\/{rel}","templated":true}]}}