{"id":1699,"date":"2009-04-15T20:43:24","date_gmt":"2009-04-15T18:43:24","guid":{"rendered":"http:\/\/btm.sk\/WP\/2009\/04\/15\/mame-ucast-na-kristovom-vzkrieseni\/"},"modified":"2018-05-17T23:00:25","modified_gmt":"2018-05-17T21:00:25","slug":"mame-ucast-na-kristovom-vzkrieseni","status":"publish","type":"post","link":"https:\/\/btm.sk\/WP\/2009\/04\/15\/mame-ucast-na-kristovom-vzkrieseni\/","title":{"rendered":"M\u00c1ME \u00da\u010cAS\u0164 NA KRISTOVOM VZKRIESEN\u00cd&#8230;"},"content":{"rendered":"<p><span class=\"text\">Lebo ste milos\u0165ou spasen\u00ed skrze vieru, a to nie zo seba, je to dar Bo\u017e\u00ed. (Efe\u017eanom 2,8)<\/span><br \/>\n<!--more--><br \/>\nKa\u017ed\u00fd de\u0148 si uvedomujeme, ko\u013eko d\u00f4le\u017eit\u00fdch a sl\u00e1vnych vec\u00ed sa vo svete ka\u017ed\u00fa chv\u00ed\u013eu odohr\u00e1va \u2013 a bez n\u00e1s. Ke\u010f sa ude\u013euje Nobelova cena, alebo sa rozd\u00e1vaj\u00fa olympijsk\u00e9 medaily, alebo sa stret\u00e1vaj\u00fa najv\u00fdznamnej\u0161\u00ed \u0161t\u00e1tnici&#8230; Pri tak\u00fdch udalostiach oby\u010dajne ch\u00fdbame. A ani sa n\u00e1s to vlastne ve\u013emi net\u00fdka&#8230;<br \/>\nKe\u010f v\u0161ak Kristus vstal z m\u0155tvych, t\u00fdkalo sa to ka\u017ed\u00e9ho z n\u00e1s, hoci sme vtedy e\u0161te ani neboli na svete. A ke\u010f sl\u00e1vime Je\u017ei\u0161ove vzkriesenie dnes, tie\u017e sa to t\u00fdka ka\u017ed\u00e9ho z n\u00e1s \u2013 dnes, v tejto chv\u00edli, ale aj pre ve\u010dnos\u0165. V Je\u017ei\u0161ovej smrti toti\u017e zomrel n\u00e1\u0161 hriech, v Je\u017ei\u0161ovom vzkriesen\u00ed sme aj my vzkriesen\u00ed a krstom sme boli na\u0161tepen\u00ed na nov\u00fd kme\u0148 Bo\u017eieho \u017eivota.<br \/>\nSl\u00e1vme teda spolo\u010dne, \u017ee m\u00e1me \u00fa\u010das\u0165 na Kristovom vzkriesen\u00ed. \u017de sme pre\u0161li zo smrti do \u017eivota. \u017de sa n\u00e1s s\u00edce bolestn\u00e1 \u013eudsk\u00e1 smr\u0165 t\u00fdka, ale \u017ee je pre n\u00e1s len br\u00e1nou do ve\u010dnosti.<br \/>\nM\u00e1me n\u00e1dej, \u017ee ke\u010f zomrieme, zomrieme, aby sme \u017eili s N\u00edm. M\u00e1me n\u00e1dej, \u017ee Bo\u017e\u00ed \u017eivot v n\u00e1s nikdy nevyhasne. M\u00e1me istotu, \u017ee Boh je vern\u00fd, a \u017ee to, \u010do s\u013e\u00fabil a pre \u010dloveka urobil, m\u00e1 ve\u010dn\u00fa platnos\u0165.<br \/>\n(pod\u013ea A. Opatrn\u00e9ho)<\/p>\n","protected":false},"excerpt":{"rendered":"<p>Lebo ste milos\u0165ou spasen\u00ed skrze vieru, a to nie zo seba, je to dar Bo\u017e\u00ed. (Efe\u017eanom 2,8)<\/p>\n","protected":false},"author":2,"featured_media":0,"comment_status":"closed","ping_status":"open","sticky":false,"template":"","format":"standard","meta":[],"categories":[9],"tags":[],"_links":{"self":[{"href":"https:\/\/btm.sk\/WP\/wp-json\/wp\/v2\/posts\/1699"}],"collection":[{"href":"https:\/\/btm.sk\/WP\/wp-json\/wp\/v2\/posts"}],"about":[{"href":"https:\/\/btm.sk\/WP\/wp-json\/wp\/v2\/types\/post"}],"author":[{"embeddable":true,"href":"https:\/\/btm.sk\/WP\/wp-json\/wp\/v2\/users\/2"}],"replies":[{"embeddable":true,"href":"https:\/\/btm.sk\/WP\/wp-json\/wp\/v2\/comments?post=1699"}],"version-history":[{"count":1,"href":"https:\/\/btm.sk\/WP\/wp-json\/wp\/v2\/posts\/1699\/revisions"}],"predecessor-version":[{"id":2266,"href":"https:\/\/btm.sk\/WP\/wp-json\/wp\/v2\/posts\/1699\/revisions\/2266"}],"wp:attachment":[{"href":"https:\/\/btm.sk\/WP\/wp-json\/wp\/v2\/media?parent=1699"}],"wp:term":[{"taxonomy":"category","embeddable":true,"href":"https:\/\/btm.sk\/WP\/wp-json\/wp\/v2\/categories?post=1699"},{"taxonomy":"post_tag","embeddable":true,"href":"https:\/\/btm.sk\/WP\/wp-json\/wp\/v2\/tags?post=1699"}],"curies":[{"name":"wp","href":"https:\/\/api.w.org\/{rel}","templated":true}]}}