{"id":1697,"date":"2009-02-01T22:31:51","date_gmt":"2009-02-01T21:31:51","guid":{"rendered":"http:\/\/btm.sk\/WP\/2009\/02\/01\/vety-ktore-by-nemali-nikdy-odzniet\/"},"modified":"2018-05-17T23:00:47","modified_gmt":"2018-05-17T21:00:47","slug":"vety-ktore-by-nemali-nikdy-odzniet","status":"publish","type":"post","link":"https:\/\/btm.sk\/WP\/2009\/02\/01\/vety-ktore-by-nemali-nikdy-odzniet\/","title":{"rendered":"VETY, KTOR\u00c9 BY NEMALI NIKDY ODZNIE\u0164"},"content":{"rendered":"<p><span class=\"text\">Slov\u00e1 maj\u00fa ve\u013ek\u00fa moc, dok\u00e1\u017eu zrani\u0165 viac ako fyzick\u00e9 n\u00e1silie. Odborn\u00edci na psychol\u00f3giu a sociol\u00f3giu zostavili nieko\u013eko viet, ktor\u00e9 by sme nikdy nemali vyslovi\u0165.<\/span><br \/>\n<!--more--><br \/>\n<b>Rodi\u010dia a deti:<\/b><br \/>\nNech\u00e1pem, pre\u010do \u0165a v\u00f4bec m\u00e1me!<br \/>\nNehnevaj ma, lebo \u0165a nebudme ma\u0165 rada!<br \/>\nMy sme \u0165a asi niekde na\u0161li&#8230;<br \/>\nNem\u00f4\u017ee\u0161 sa aspo\u0148 raz spr\u00e1va\u0165 norm\u00e1lne?<br \/>\nJa viem, \u017ee otecko \u0165a nech\u00e1pe. Len ja&#8230;<br \/>\nHlavne mami\u010dke ni\u010d nehovor&#8230;<br \/>\nSusedov Janko je ove\u013ea \u0161ikovnej\u0161\u00ed ako ty.<br \/>\nLen ma tr\u00e1pi\u0161&#8230;<br \/>\nSi nemo\u017en\u00fd!<\/p>\n<p><b>Partneri:<\/b><br \/>\nAk ma m\u00e1\u0161 r\u00e1d, tak&#8230;<br \/>\nNech\u00e1pem, pre\u010do s tebou e\u0161te som.<br \/>\nNebu\u010f ako svoja matka.<br \/>\nPre\u010do nem\u00f4\u017ee\u0161 by\u0165 ako Miro?<br \/>\nM\u00f4\u017ee\u0161 by\u0165 rada, \u017ee s tebou v\u00f4bec som.<br \/>\nAk sa ti nep\u00e1\u010di, m\u00f4\u017ee\u0161 \u00eds\u0165!<br \/>\nZni\u010dil si mi cel\u00fd \u017eivot!<br \/>\nNestoj\u00ed\u0161 za ni\u010d&#8230;<\/p>\n<p><b>Priatelia:<\/b><br \/>\nMyslela som si, \u017ee sme kamar\u00e1tky.<br \/>\nTy tomu tak rozumie\u0161, ty si mal v\u017edy v\u0161etko, ale ja som sa musel o v\u0161etko bi\u0165.<br \/>\nToto by mi Ren\u00e1ta nikdy neurobila&#8230;<br \/>\nJa som si myslela, \u017ee u\u017e spolu nechod\u00edte&#8230;<br \/>\nNu\u017e, komusi je pr\u00e1ca prednej\u0161ia ako priatelia.<br \/>\nAk si kamar\u00e1tka, tak&#8230;<\/p>\n","protected":false},"excerpt":{"rendered":"<p>Slov\u00e1 maj\u00fa ve\u013ek\u00fa moc, dok\u00e1\u017eu zrani\u0165 viac ako fyzick\u00e9 n\u00e1silie. Odborn\u00edci na psychol\u00f3giu a sociol\u00f3giu zostavili nieko\u013eko viet, ktor\u00e9 by sme nikdy nemali vyslovi\u0165.<\/p>\n","protected":false},"author":2,"featured_media":0,"comment_status":"closed","ping_status":"open","sticky":false,"template":"","format":"standard","meta":[],"categories":[9],"tags":[],"_links":{"self":[{"href":"https:\/\/btm.sk\/WP\/wp-json\/wp\/v2\/posts\/1697"}],"collection":[{"href":"https:\/\/btm.sk\/WP\/wp-json\/wp\/v2\/posts"}],"about":[{"href":"https:\/\/btm.sk\/WP\/wp-json\/wp\/v2\/types\/post"}],"author":[{"embeddable":true,"href":"https:\/\/btm.sk\/WP\/wp-json\/wp\/v2\/users\/2"}],"replies":[{"embeddable":true,"href":"https:\/\/btm.sk\/WP\/wp-json\/wp\/v2\/comments?post=1697"}],"version-history":[{"count":1,"href":"https:\/\/btm.sk\/WP\/wp-json\/wp\/v2\/posts\/1697\/revisions"}],"predecessor-version":[{"id":2268,"href":"https:\/\/btm.sk\/WP\/wp-json\/wp\/v2\/posts\/1697\/revisions\/2268"}],"wp:attachment":[{"href":"https:\/\/btm.sk\/WP\/wp-json\/wp\/v2\/media?parent=1697"}],"wp:term":[{"taxonomy":"category","embeddable":true,"href":"https:\/\/btm.sk\/WP\/wp-json\/wp\/v2\/categories?post=1697"},{"taxonomy":"post_tag","embeddable":true,"href":"https:\/\/btm.sk\/WP\/wp-json\/wp\/v2\/tags?post=1697"}],"curies":[{"name":"wp","href":"https:\/\/api.w.org\/{rel}","templated":true}]}}