{"id":1688,"date":"2008-06-21T15:30:00","date_gmt":"2008-06-21T13:30:00","guid":{"rendered":"http:\/\/btm.sk\/WP\/2008\/06\/21\/vieme-spravne-odpocivat\/"},"modified":"2018-05-17T23:06:21","modified_gmt":"2018-05-17T21:06:21","slug":"vieme-spravne-odpocivat","status":"publish","type":"post","link":"https:\/\/btm.sk\/WP\/2008\/06\/21\/vieme-spravne-odpocivat\/","title":{"rendered":"VIEME SPR\u00c1VNE ODPO\u010c\u00cdVA\u0164?"},"content":{"rendered":"<p><span class=\"text\">Je\u017ei\u0161 povedal: Po\u010fte ku mne v\u0161etci, ktor\u00ed sa nam\u00e1hate a ste pre\u0165a\u017een\u00ed; ja v\u00e1m d\u00e1m odpo\u010dinutie! (Mat\u00fa\u0161 11,28)<\/span><br \/>\n<!--more--><br \/>\nBl\u00ed\u017eia sa pr\u00e1zdniny, \u010das oddychu a vo\u013en\u00fdch dn\u00ed. Vieme v\u0161ak spr\u00e1vne odpo\u010d\u00edva\u0165? Slovo rekre\u00e1cia poch\u00e1dza z latin\u010diny a znamen\u00e1: re \u2013 creatio, \u010di\u017ee znovu \u2013 stvorenie. \u017divot \u010dloveka m\u00e1 rytmus pr\u00e1ce a odpo\u010dinku, rekre\u00e1cie. M\u00e1 odpo\u010d\u00edva\u0165 a\u00a0dovoli\u0165 aj druh\u00fdm, aby si odd\u00fdchli. Pr\u00e1ca patr\u00ed k \u017eivotu \u010dloveka. Nem\u00e1 ho v\u0161ak zni\u010di\u0165. Dnes \u010dasto doch\u00e1dza k preceneniu aktivity, ktor\u00e9 sp\u00f4sobuje ur\u010dit\u00e9 nap\u00e4tie. Av\u0161ak nie v\u017edy to, \u010do je najn\u00e1ro\u010dnej\u0161ie, naj\u0165a\u017e\u0161ie a &#8222;\u00fa\u010deln\u00e9&#8220;, je to najlep\u0161ie. Protikladom pr\u00e1ce je vo\u013en\u00fd \u010das! No niektor\u00ed ho odmietaj\u00fa ako \u010dosi nezmyseln\u00e9, alebo ako nie\u010do, \u010do si nemo\u017eno dovoli\u0165. Zmyslom prest\u00e1vky je zotavenie sa \u010dloveka z pr\u00e1ce pre \u010fal\u0161\u00ed pracovn\u00fd v\u00fdkon. Je to \u010dl\u00e1nok pracovn\u00e9ho procesu. Neznamen\u00e1 v\u0161ak, aby mohol pracova\u0165 lep\u0161ie, dlh\u0161ie a bez poruchy, ale aby st\u00e1le zostal \u010dlovekom \u2013 aby rozumel s\u00e1m sebe, aby sa rozv\u00edjal a realizoval ako bytos\u0165 zameran\u00e1 na celok, nie jednostranne ako stroj. Bez vo\u013en\u00fdch chv\u00ed\u013e je \u010dlovek ne\u00fapln\u00fd a akoby rozk\u00faskovan\u00fd.<br \/>\nOdpo\u010dinok (rekre\u00e1cia) by mal by\u0165 pr\u00edle\u017eitos\u0165 na\u010derpa\u0165 sily pre telo aj ducha; \u010das pre bl\u00edzkych: deti, partnerov, rodi\u010dov, priate\u013eov&#8230;; skvel\u00e1 pr\u00edle\u017eitos\u0165 zisti\u0165, \u017ee bez n\u00e1s sa svet\u00a0ani nezr\u00fati, ani nezastav\u00ed; mo\u017enos\u0165 obdivova\u0165 Bo\u017eie dielo; pr\u00edle\u017eitos\u0165 zamyslie\u0165 sa nad sebou a pozrie\u0165 sa na seba a na \u017eivot z in\u00e9ho uhla, hodnoti\u0165 zabehan\u00e9 \u017eivotn\u00e9 cesty; obdobie, ke\u010f m\u00e1me dos\u0165 \u010dasu pre Boha&#8230;<br \/>\nOdpo\u010dinok nem\u00e1 by\u0165 prehnan\u00e9 behanie od mesta k mestu, od pamiatky k pamiatke&#8230;; nah\u00e1\u0148anie dojmov, ktor\u00fdmi nesk\u00f4r ohrom\u00edme svojich priate\u013eov; otrock\u00e1 pr\u00e1ca alebo, naopak, len in\u00fd v\u00fdraz pre lenivos\u0165 a z\u00e1ha\u013eku&#8230;<br \/>\nPo dobrom odpo\u010dinku sa \u010dlovek vracia do svojho be\u017en\u00e9ho prostredia a do svojej pr\u00e1ce posilnen\u00fd, s chu\u0165ou a rados\u0165ou. Z dobrej rekre\u00e1cie sa \u010dlovek nemus\u00ed rekreova\u0165&#8230;<br \/>\nTen, kto nevie odpo\u010d\u00edva\u0165, by sa mal zamyslie\u0165 nad t\u00fdm, \u010di sa neprece\u0148uje \u2013 \u010di od seba, svojich schopnost\u00ed a mo\u017enost\u00ed neo\u010dak\u00e1va prive\u013ea; \u010di a ako v\u00f4bec d\u00f4veruje Bohu; ako dok\u00e1\u017ee spolupracova\u0165 s in\u00fdmi; \u010di pre\u0148ho nie je pr\u00e1ca bohom, drogou a zmyslom v\u0161etk\u00e9ho&#8230;<br \/>\nAj Je\u017ei\u0161 \u0161iel \u010dasto na opusten\u00e9 miesto, aby sa zotavil. Preto sa neboj s N\u00edm vyjs\u0165 ani ty! N\u00e1jdi si pokojn\u00e9 miesto. M\u00f4\u017ee\u0161 sa pritom prech\u00e1dza\u0165, sedie\u0165 alebo le\u017ea\u0165. V tichosti predst\u00fap pred Boha, uvo\u013eni sa a rozpr\u00e1vaj sa s N\u00edm Takto m\u00f4\u017ee\u0161 k Nemu prich\u00e1dza\u0165 kedyko\u013evek a kdeko\u013evek. Len v Bohu m\u00e1\u0161 prav\u00fa istotu, ktor\u00e1 je prame\u0148om aj tvojho odpo\u010dinku a zdrojom sily. <\/p>\n<p>Postavte sa na cesty a pozerajte, p\u00fdtajte sa na odvek\u00e9 chodn\u00edky; kde je cesta k dobru, cho\u010fte po nej, a n\u00e1jdete odpo\u010dinok pre svoju du\u0161u. (Jeremi\u00e1\u0161 6,16)<br \/>\n(upraven\u00e9 pod\u013ea www.vira.cz)<\/p>\n","protected":false},"excerpt":{"rendered":"<p>Je\u017ei\u0161 povedal: Po\u010fte ku mne v\u0161etci, ktor\u00ed sa nam\u00e1hate a ste pre\u0165a\u017een\u00ed; ja v\u00e1m d\u00e1m odpo\u010dinutie! (Mat\u00fa\u0161 11,28)<\/p>\n","protected":false},"author":2,"featured_media":0,"comment_status":"closed","ping_status":"open","sticky":false,"template":"","format":"standard","meta":[],"categories":[9],"tags":[],"_links":{"self":[{"href":"https:\/\/btm.sk\/WP\/wp-json\/wp\/v2\/posts\/1688"}],"collection":[{"href":"https:\/\/btm.sk\/WP\/wp-json\/wp\/v2\/posts"}],"about":[{"href":"https:\/\/btm.sk\/WP\/wp-json\/wp\/v2\/types\/post"}],"author":[{"embeddable":true,"href":"https:\/\/btm.sk\/WP\/wp-json\/wp\/v2\/users\/2"}],"replies":[{"embeddable":true,"href":"https:\/\/btm.sk\/WP\/wp-json\/wp\/v2\/comments?post=1688"}],"version-history":[{"count":1,"href":"https:\/\/btm.sk\/WP\/wp-json\/wp\/v2\/posts\/1688\/revisions"}],"predecessor-version":[{"id":2277,"href":"https:\/\/btm.sk\/WP\/wp-json\/wp\/v2\/posts\/1688\/revisions\/2277"}],"wp:attachment":[{"href":"https:\/\/btm.sk\/WP\/wp-json\/wp\/v2\/media?parent=1688"}],"wp:term":[{"taxonomy":"category","embeddable":true,"href":"https:\/\/btm.sk\/WP\/wp-json\/wp\/v2\/categories?post=1688"},{"taxonomy":"post_tag","embeddable":true,"href":"https:\/\/btm.sk\/WP\/wp-json\/wp\/v2\/tags?post=1688"}],"curies":[{"name":"wp","href":"https:\/\/api.w.org\/{rel}","templated":true}]}}