{"id":1685,"date":"2008-04-09T12:20:05","date_gmt":"2008-04-09T10:20:05","guid":{"rendered":"http:\/\/btm.sk\/WP\/2008\/04\/09\/sviatok-susedov-27-5-2008\/"},"modified":"2018-05-17T23:07:11","modified_gmt":"2018-05-17T21:07:11","slug":"sviatok-susedov-27-5-2008","status":"publish","type":"post","link":"https:\/\/btm.sk\/WP\/2008\/04\/09\/sviatok-susedov-27-5-2008\/","title":{"rendered":"SVIATOK SUSEDOV &#8211; 27. 5. 2008"},"content":{"rendered":"<p><span class=\"text\">27. 5. 2008 \u2013 Posledn\u00fd m\u00e1jov\u00fd utorok m\u00e1 na starom kontinente od roku 2003 zvl\u00e1\u0161tny pr\u00edvlastok. Z iniciat\u00edvy Eur\u00f3pskej feder\u00e1cie miestnej ob\u010dianskej solidarity sa nesie v znamen\u00ed osl\u00e1v Eur\u00f3pskeho d\u0148a susedov alebo &#8222;susedsk\u00e9ho sviatku&#8220;.<\/span><br \/>\n<!--more--><br \/>\nJe to pr\u00edle\u017eitos\u0165 pre ob\u010danov i \u0161anca pre ka\u017ed\u00e9 mesto a obec, pribl\u00ed\u017ei\u0165 sa k cie\u013eu, ktor\u00fd si e\u0161te v roku 1990 vyt\u00fd\u010dili inici\u00e1tori my\u0161lienky, zabr\u00e1ni\u0165 samote jednotlivca a posilni\u0165 soci\u00e1lne vz\u0165ahy medzi spoluob\u010danmi. Pr\u00e1ve v roku 1990 Atanase P\u00e9rifan spolu so svojimi priate\u013emi zalo\u017eili asoci\u00e1ciu Priatelia Par\u00ed\u017ea a d\u00fafali, \u017ee vz\u00e1jomn\u00e1 pomoc, solidarita, t\u00fa\u017eba bojova\u0165 proti izol\u00e1cii a snaha zlep\u0161ova\u0165 medzi\u013eudsk\u00e9 vz\u0165ahy n\u00e1jde svojich nasledovn\u00edkov. K\u013e\u00fa\u010dov\u00e9 je oslovi\u0165 svojich susedov, pozva\u0165 ich na spolo\u010dn\u00e9 posedenie, napr\u00edklad k sebe domov, do z\u00e1hradky, do bytu, \u010di domu. Je to cesta k spolo\u010dn\u00e9mu spozn\u00e1vaniu sa, k zlep\u0161eniu vz\u0165ahov. \u017dijeme toti\u017e v paradoxnom obdob\u00ed. Niekedy je jednoduch\u0161ie komunikova\u0165 s druh\u00fdm koncom sveta, ako si poveda\u0165 so susedmi dobr\u00fd de\u0148. Organiz\u00e1cia sviatku je ve\u013emi jednoduch\u00e1: sta\u010d\u00ed sa rozhodn\u00fa\u0165! Nev\u00e1hajte sa stretn\u00fa\u0165 so susedmi pri spolo\u010dnom poseden\u00ed \u010di pri spolo\u010dnej ve\u010deri. Ka\u017ed\u00fd m\u00f4\u017ee nie\u010do prinies\u0165. Miesto sa v\u017edy n\u00e1jde v spolo\u010dn\u00fdch priestoroch bytovky (chodba, hala), v byte alebo pred domom na tr\u00e1vniku. Nezabudnite na t\u00fdch, ktor\u00ed nem\u00f4\u017eu zo zdravotn\u00fdch d\u00f4vodov pr\u00eds\u0165. Pote\u0161te ho in\u00fdm sp\u00f4sobom. Taktie\u017e nezabudnite na deti, majte v z\u00e1lohe nejak\u00e9 hry alebo s\u00fa\u0165a\u017ee. Nadvia\u017ete kontakt s\u00a0\u00fa\u010dastn\u00edkmi oslavy, predstavte sa ako prv\u00fd. Zagratulujte t\u00fdm, ktor\u00ed maj\u00fa sviatok, v\u00fdro\u010die&#8230; Sviatok susedov m\u00e1 by\u0165 prv\u00fdm krokom na spr\u00edjemnenie ka\u017edodenn\u00e9ho \u017eivota.<br \/>\nSusedstvo n\u00e1m niekedy pripad\u00e1 ako nudn\u00fd ba a\u017e otravn\u00fd spolok. Vz\u0165ahy medzi susedmi sa vyjadruj\u00fa letm\u00fdm pozdravom na schodoch alebo vo v\u00fd\u0165ahu. Iniciat\u00edva, ktor\u00e1 u\u017e aj u n\u00e1s nach\u00e1dza svojich priaznivcov, sa m\u00f4\u017ee sta\u0165 sk\u00fasenos\u0165ou a d\u00f4vodom, v\u010faka ktor\u00fdm budeme trochu inak vn\u00edma\u0165 \u013eud\u00ed okolo seba. Ur\u010dite si n\u00e1jdeme \u010das na spolo\u010dn\u00e9 chv\u00edle. Je predsa mil\u00e9 \u010das od \u010dasu sa stretn\u00fa\u0165, posedie\u0165, porozpr\u00e1va\u0165 sa alebo spolu pove\u010dera\u0165, \u010di necha\u0165 deti chv\u00ed\u013eu na n\u00e1v\u0161teve u star\u0161ej alebo osamelej pani, nak\u0155mi\u0165 dom\u00e1ceho mil\u00e1\u010dika alebo polia\u0165 kvety, ke\u010f sused niekam od\u00edde&#8230; D\u00fafame, \u017ee aj vy budete pr\u00edjemne prekvapen\u00ed, ke\u010f objav\u00edte nov\u00e9 podoby vz\u0165ahov ukr\u00fdvaj\u00face sa za susedn\u00fdmi dverami. Pok\u00faste sa dvere i okn\u00e1 svojho domova otvori\u0165 aj vy! Prajeme v\u00e1m pekn\u00fa oslavu!<br \/>\n(Viac inform\u00e1ci\u00ed n\u00e1jdete na: http:\/\/www.european-neighbours-day.com\/)<\/p>\n","protected":false},"excerpt":{"rendered":"<p>27. 5. 2008 \u2013 Posledn\u00fd m\u00e1jov\u00fd utorok m\u00e1 na starom kontinente od roku 2003 zvl\u00e1\u0161tny pr\u00edvlastok. Z iniciat\u00edvy Eur\u00f3pskej feder\u00e1cie miestnej ob\u010dianskej solidarity sa nesie v znamen\u00ed osl\u00e1v Eur\u00f3pskeho d\u0148a susedov alebo &#8222;susedsk\u00e9ho sviatku&#8220;.<\/p>\n","protected":false},"author":2,"featured_media":0,"comment_status":"closed","ping_status":"open","sticky":false,"template":"","format":"standard","meta":[],"categories":[11],"tags":[],"_links":{"self":[{"href":"https:\/\/btm.sk\/WP\/wp-json\/wp\/v2\/posts\/1685"}],"collection":[{"href":"https:\/\/btm.sk\/WP\/wp-json\/wp\/v2\/posts"}],"about":[{"href":"https:\/\/btm.sk\/WP\/wp-json\/wp\/v2\/types\/post"}],"author":[{"embeddable":true,"href":"https:\/\/btm.sk\/WP\/wp-json\/wp\/v2\/users\/2"}],"replies":[{"embeddable":true,"href":"https:\/\/btm.sk\/WP\/wp-json\/wp\/v2\/comments?post=1685"}],"version-history":[{"count":1,"href":"https:\/\/btm.sk\/WP\/wp-json\/wp\/v2\/posts\/1685\/revisions"}],"predecessor-version":[{"id":2280,"href":"https:\/\/btm.sk\/WP\/wp-json\/wp\/v2\/posts\/1685\/revisions\/2280"}],"wp:attachment":[{"href":"https:\/\/btm.sk\/WP\/wp-json\/wp\/v2\/media?parent=1685"}],"wp:term":[{"taxonomy":"category","embeddable":true,"href":"https:\/\/btm.sk\/WP\/wp-json\/wp\/v2\/categories?post=1685"},{"taxonomy":"post_tag","embeddable":true,"href":"https:\/\/btm.sk\/WP\/wp-json\/wp\/v2\/tags?post=1685"}],"curies":[{"name":"wp","href":"https:\/\/api.w.org\/{rel}","templated":true}]}}