{"id":1684,"date":"2008-04-09T12:17:43","date_gmt":"2008-04-09T10:17:43","guid":{"rendered":"http:\/\/btm.sk\/WP\/2008\/04\/09\/den-matiek-vedeli-ste\/"},"modified":"2018-05-17T23:07:23","modified_gmt":"2018-05-17T21:07:23","slug":"den-matiek-vedeli-ste","status":"publish","type":"post","link":"https:\/\/btm.sk\/WP\/2008\/04\/09\/den-matiek-vedeli-ste\/","title":{"rendered":"DE\u0147 MATIEK &#8211; VEDELI STE?"},"content":{"rendered":"<p><span class=\"text\">Prv\u00e9 spr\u00e1vy o \u201epredchodcovi\u201c D\u0148a matiek siahaj\u00fa a\u017e do 16. storo\u010dia.<\/span><br \/>\n<!--more--><br \/>\nVtedy sa v Anglicku tomuto d\u0148u hovorilo Matersk\u00e1 nede\u013ea alebo Nede\u013ea matiek (Mothering Sunday). Sl\u00e1vil sa na po\u010des\u0165 v\u0161etk\u00fdch anglick\u00fdch matiek v obdob\u00ed zvanom Lent (t. j. 40-d\u0148ov\u00fd p\u00f4st po Ve\u013ekej noci). V USA prv\u00fdkr\u00e1t De\u0148 matiek navrhla v r. 1872 Julia Ward Howeov\u00e1 a venovala tento de\u0148 mieru. V r. 1907 Anna Jarvisov\u00e1 zah\u00e1jila kampa\u0148 za ustanovenie D\u0148a matiek ako n\u00e1rodn\u00e9ho sviatku. V r. 1914 bol De\u0148 matiek ofici\u00e1lne vyhl\u00e1sen\u00fd za n\u00e1rodn\u00ed sviatok &#8211; de\u0148 verejn\u00e9ho vyjadrenia l\u00e1sky a \u00facty matk\u00e1m. V druh\u00fa m\u00e1jov\u00fa nede\u013eu matky nepracovali, nevarili, neupratovali. V\u0161etko za ne urobili deti, ktor\u00e9 ich aj ochotne obsl\u00fa\u017eili. Dospel\u00ed posielali matk\u00e1m pozdravy a blaho\u017eelania. Dospel\u00ed sa zdobili kvetinou \u2013 bielou ten, kto mami\u010dku u\u017e nemal, a \u010dervenou t\u00ed ostatn\u00ed.<\/p>\n<p><b>De\u0148 matiek v d\u00e1tumoch<\/b><\/p>\n<p>Antika \u2013 u\u017e v antickom Gr\u00e9cku sl\u00e1vili sviatok matiek, ktor\u00fd vzd\u00e1val hold \u017een\u00e1m ako stvorite\u013ek\u00e1m \u017eivota.<br \/>\n16. st. \u2013 v Anglicku uctievaj\u00fa &#8222;Matersk\u00fa nede\u013eu&#8220; \u2013 bol to de\u0148 venovan\u00fd stret\u00e1vaniu sa det\u00ed so svojimi matkami bez oh\u013eadu na vek \u010di spolo\u010densk\u00e9 postavenie.\u00a0<br \/>\n1907 \u2013 vznik\u00e1 my\u0161lienka ustanovenia d\u0148a, ktor\u00fd by vzdal hold \u017een\u00e1m \u2013 matk\u00e1m (Anna Jarvisov\u00e1).<br \/>\n1908 \u2013 prv\u00e1 ofici\u00e1lna oslava D\u0148a matiek vo Filadelfii.\u00a0<br \/>\n1909 \u2013 k oslav\u00e1m D\u0148a matiek sa pripojilo 45 \u0161t\u00e1tov USA a mnoh\u00e9 in\u00e9 krajiny.<br \/>\n\u00a01913 \u2013 Kongres USA navrhol sl\u00e1vi\u0165 ka\u017edoro\u010dne v\u017edy druh\u00fa m\u00e1jov\u00fa nede\u013eu ako n\u00e1rodn\u00fd sviatok venovan\u00fd matk\u00e1m.<br \/>\n1914 \u2013 oslavy prv\u00e9ho n\u00e1rodn\u00e9ho D\u0148a matiek ofici\u00e1lne vyhl\u00e1sil vtedaj\u0161\u00ed americk\u00fd prezident Woodrow Wilson. Ako symbol v\u010faky matk\u00e1m bola ur\u010den\u00e1 kvetina \u2013 klin\u010dek.<br \/>\n1923 \u2013 De\u0148 matiek sa prv\u00fdkr\u00e1t oslavuje v \u010ceskoslovensku. Jeho organiz\u00e1cie sa v Brne ujali YWCA a \u010cS\u010cK s podporou \u010fal\u0161\u00edch organiz\u00e1ci\u00ed.<br \/>\n50. roky \u2013 V komunistickom \u010ceskoslovensku sa oslavy D\u0148a matiek nahradili oslavami Medzin\u00e1rodn\u00e9ho d\u0148a \u017eien.<br \/>\n90. roky \u2013 Obnovenie trad\u00edcie D\u0148a matiek je \u010fal\u0161\u00edm krokom pribl\u00ed\u017eenia sa \u010ceskej republiky a Slovenska vyspel\u00fdm z\u00e1padoeur\u00f3pskym krajin\u00e1m.<br \/>\n1992 \u2013 znovu zalo\u017een\u00e1 YWCA sa rozhodla obnovi\u0165 trad\u00edciu D\u0148a matiek. De\u0148 matiek op\u00e4\u0165 vstupuje do v\u0161eobecn\u00e9ho povedomia.\u00a0<\/p>\n","protected":false},"excerpt":{"rendered":"<p>Prv\u00e9 spr\u00e1vy o \u201epredchodcovi\u201c D\u0148a matiek siahaj\u00fa a\u017e do 16. storo\u010dia.<\/p>\n","protected":false},"author":2,"featured_media":0,"comment_status":"closed","ping_status":"open","sticky":false,"template":"","format":"standard","meta":[],"categories":[12],"tags":[],"_links":{"self":[{"href":"https:\/\/btm.sk\/WP\/wp-json\/wp\/v2\/posts\/1684"}],"collection":[{"href":"https:\/\/btm.sk\/WP\/wp-json\/wp\/v2\/posts"}],"about":[{"href":"https:\/\/btm.sk\/WP\/wp-json\/wp\/v2\/types\/post"}],"author":[{"embeddable":true,"href":"https:\/\/btm.sk\/WP\/wp-json\/wp\/v2\/users\/2"}],"replies":[{"embeddable":true,"href":"https:\/\/btm.sk\/WP\/wp-json\/wp\/v2\/comments?post=1684"}],"version-history":[{"count":1,"href":"https:\/\/btm.sk\/WP\/wp-json\/wp\/v2\/posts\/1684\/revisions"}],"predecessor-version":[{"id":2281,"href":"https:\/\/btm.sk\/WP\/wp-json\/wp\/v2\/posts\/1684\/revisions\/2281"}],"wp:attachment":[{"href":"https:\/\/btm.sk\/WP\/wp-json\/wp\/v2\/media?parent=1684"}],"wp:term":[{"taxonomy":"category","embeddable":true,"href":"https:\/\/btm.sk\/WP\/wp-json\/wp\/v2\/categories?post=1684"},{"taxonomy":"post_tag","embeddable":true,"href":"https:\/\/btm.sk\/WP\/wp-json\/wp\/v2\/tags?post=1684"}],"curies":[{"name":"wp","href":"https:\/\/api.w.org\/{rel}","templated":true}]}}