{"id":1683,"date":"2008-04-09T12:13:55","date_gmt":"2008-04-09T10:13:55","guid":{"rendered":"http:\/\/btm.sk\/WP\/2008\/04\/09\/den-matiek-2008\/"},"modified":"2018-05-17T23:07:36","modified_gmt":"2018-05-17T21:07:36","slug":"den-matiek-2008","status":"publish","type":"post","link":"https:\/\/btm.sk\/WP\/2008\/04\/09\/den-matiek-2008\/","title":{"rendered":"DE\u0147 MATIEK (2008)"},"content":{"rendered":"<p><span class=\"text\">Mil\u00ed priatelia, bl\u00ed\u017ei sa sviatok matiek, ktor\u00fd sl\u00e1vime v\u017edy 2. m\u00e1jov\u00fa nede\u013eu.<\/span><br \/>\n<!--more--><br \/>\nAk e\u0161te m\u00e1me mo\u017enos\u0165, po\u010fakujme sa na\u0161im matk\u00e1m za v\u0161etko, \u010do pre n\u00e1s urobili \u010di e\u0161te st\u00e1le robia. Prejavujme im v\u010fa\u010dnos\u0165 nielen v tento jeden de\u0148 v roku, ale spl\u00e1cajme im ich l\u00e1sku pri ka\u017edej pr\u00edle\u017eitosti. Modlime sa za svoje mami\u010dky i za oboch rodi\u010dov, za ich zdravie a svie\u017eos\u0165, za to, aby im Boh \u017eehnal a sprev\u00e1dzal ich v \u010fal\u0161\u00edch d\u0148och \u017eivota.<br \/>\nAko mal\u00fa pozornos\u0165 sme uvili na\u0161im mami\u010dk\u00e1m kyti\u010dku z kr\u00e1tkych b\u00e1sni\u010diek, ich slov\u00e1 lep\u0161ie vyjadria na\u0161e priania a v\u010faku.<\/p>\n<p><b>Moja mamka<\/b><br \/>\n\u00a0<br \/>\nSlnie\u010dko si zabudlo<br \/>\nraz domov pobra\u0165 l\u00fa\u010de,<br \/>\nna\u0161a ma\u0165 ich pozbierala<br \/>\nv\u0161etky do n\u00e1ru\u010de.<br \/>\n\u00a0<br \/>\nJa som neraz rozm\u00fd\u0161\u013eala,<br \/>\nak\u00e9 s\u00fa v\u00a0tom \u010dary,<br \/>\n\u017ee jej n\u00e1ru\u010d aj objatie<br \/>\ntak\u00fdm teplom \u017eiari.<br \/>\n\u00a0<br \/>\nNiekdy d\u00e1vno padali<br \/>\nzas hviezdy na \u00fabo\u010d\u00ed,<br \/>\ndve z\u00a0nich padli na\u0161ej mamke<br \/>\ndo jej dobr\u00fdch o\u010d\u00ed.<br \/>\n\u00a0<br \/>\nU\u017e je star\u00e1, u\u017e je slab\u00e1,<br \/>\nslab\u0161ia ako die\u0165a,<br \/>\nno tie hviezdy v\u00a0modr\u00fdch o\u010diach<br \/>\nst\u00e1le kr\u00e1sne svietia.<br \/>\n(M. R\u00e1zusov\u00e1-Mart\u00e1kov\u00e1)<\/p>\n<p><b>V\u0161etky kvety do r\u00fak mamy<\/b><\/p>\n<p>V\u0161etky kvety do r\u00fak mamy<br \/>\nvklad\u00e1m ako drahokamy<br \/>\nza jej l\u00e1sku pln\u00fa nehy,<br \/>\nza zelen\u00e9 detsk\u00e9 brehy,<\/p>\n<p>za jej \u0161tedros\u0165, staros\u0165 v hlave,<br \/>\nza dni \u0161\u0165astn\u00e9, za dni hrav\u00e9,<br \/>\nza rozpr\u00e1vku nad kol\u00edskou,<br \/>\nza to, \u017ee v\u017edy stoj\u00ed bl\u00edzko,<br \/>\naby si ma pohladila \u2013<br \/>\nmoja mama ne\u017en\u00e1, mil\u00e1.<\/p>\n<p><b>Mame<\/b><br \/>\n\u00a0<br \/>\nD\u00e1vam ti kytku kvetov, mama,<br \/>\nnech nie si sama<br \/>\nsamu\u010dk\u00e1,<br \/>\nke\u010f rozl\u00fa\u010di n\u00e1s rozl\u00fa\u010dka.<br \/>\n\u00a0<br \/>\nD\u00e1vam ti kytku kvetov \u2013<br \/>\nbylinky proti sm\u00fatku.<br \/>\n\u00a0<br \/>\nDreven\u00fa b\u00fadku<br \/>\nna kon\u00e1r s\u00a0inov\u00e4\u0165ou<br \/>\nvt\u00e1\u010dikom tvojich dlan\u00ed.<br \/>\nZohrej\u00fa sa ti pri zobkan\u00ed.<br \/>\n\u00a0<br \/>\nD\u00e1vam ti lamp\u00e1\u0161ik,<br \/>\n\u010do do tmy blik\u00e1,<br \/>\nlavi\u010dku pre o\u010di,<br \/>\nke\u010f sa ti unavia.<br \/>\n\u00a0<br \/>\nObl\u00f4\u010dik,<br \/>\nkde sa ti budem zda\u0165<br \/>\nako vzdialen\u00e9 zvony.<br \/>\n\u00a0<br \/>\nD\u00e1vam ti kytku, ktor\u00e1 zazvon\u00ed:<br \/>\n&#8211; M\u00e1m \u0165a r\u00e1d, mama,<br \/>\nm\u00e1m \u0165a r\u00e1d\u2026<br \/>\n(J\u00e1n Navr\u00e1til)<\/p>\n<p><b>Kto\u017ee mi<\/b><br \/>\n\u00a0<br \/>\nKto\u017ee mi m\u00f4j pr\u0161tek bo\u013eav\u00fd pof\u00faka?<br \/>\nKto\u017ee ma posmel\u00ed, ke\u010f zbad\u00e1m pav\u00faka?<br \/>\nKto\u017ee mi do vl\u00e1skov ma\u0161li\u010dku uvia\u017ee?<br \/>\nKto\u017ee mi na chleb\u00edk masielko nama\u017ee?<br \/>\nKto\u017ee mi vysu\u0161\u00ed slzi\u010dku na l\u00ed\u010dku?<br \/>\nKto\u017eeby? No kto\u017ee? Zavol\u00e1m mami\u010dku.<\/p>\n","protected":false},"excerpt":{"rendered":"<p>Mil\u00ed priatelia, bl\u00ed\u017ei sa sviatok matiek, ktor\u00fd sl\u00e1vime v\u017edy 2. m\u00e1jov\u00fa nede\u013eu.<\/p>\n","protected":false},"author":2,"featured_media":0,"comment_status":"closed","ping_status":"open","sticky":false,"template":"","format":"standard","meta":[],"categories":[11],"tags":[],"_links":{"self":[{"href":"https:\/\/btm.sk\/WP\/wp-json\/wp\/v2\/posts\/1683"}],"collection":[{"href":"https:\/\/btm.sk\/WP\/wp-json\/wp\/v2\/posts"}],"about":[{"href":"https:\/\/btm.sk\/WP\/wp-json\/wp\/v2\/types\/post"}],"author":[{"embeddable":true,"href":"https:\/\/btm.sk\/WP\/wp-json\/wp\/v2\/users\/2"}],"replies":[{"embeddable":true,"href":"https:\/\/btm.sk\/WP\/wp-json\/wp\/v2\/comments?post=1683"}],"version-history":[{"count":1,"href":"https:\/\/btm.sk\/WP\/wp-json\/wp\/v2\/posts\/1683\/revisions"}],"predecessor-version":[{"id":2282,"href":"https:\/\/btm.sk\/WP\/wp-json\/wp\/v2\/posts\/1683\/revisions\/2282"}],"wp:attachment":[{"href":"https:\/\/btm.sk\/WP\/wp-json\/wp\/v2\/media?parent=1683"}],"wp:term":[{"taxonomy":"category","embeddable":true,"href":"https:\/\/btm.sk\/WP\/wp-json\/wp\/v2\/categories?post=1683"},{"taxonomy":"post_tag","embeddable":true,"href":"https:\/\/btm.sk\/WP\/wp-json\/wp\/v2\/tags?post=1683"}],"curies":[{"name":"wp","href":"https:\/\/api.w.org\/{rel}","templated":true}]}}