{"id":1678,"date":"2008-01-21T13:40:38","date_gmt":"2008-01-21T12:40:38","guid":{"rendered":"http:\/\/btm.sk\/WP\/2008\/01\/21\/laska-ktora-meni-ludsky-zivot\/"},"modified":"2018-05-17T23:08:41","modified_gmt":"2018-05-17T21:08:41","slug":"laska-ktora-meni-ludsky-zivot","status":"publish","type":"post","link":"https:\/\/btm.sk\/WP\/2008\/01\/21\/laska-ktora-meni-ludsky-zivot\/","title":{"rendered":"L\u00c1SKA, KTOR\u00c1 MEN\u00cd \u013dUDSK\u00dd \u017dIVOT"},"content":{"rendered":"<p><span class=\"text\">O zamilovanosti a l\u00e1ske u\u017e bolo ve\u013ea nap\u00edsan\u00e9ho aj povedan\u00e9ho&#8230;<\/span><br \/>\n<!--more--><br \/>\nL\u00e1ska je najv\u00e4\u010d\u0161ou t\u00fa\u017ebou \u010dloveka. By\u0165 milovan\u00e9 t\u00fa\u017ei u\u017e to najmen\u0161ie die\u0165a. A ako \u010dlovek rastie, t\u00fa\u017eba po l\u00e1ske ho st\u00e1le sprev\u00e1dza. T\u00e9mou l\u00e1sky sa zaoberaj\u00fa aj umelci, je to nevy\u010derpate\u013en\u00fd zdroj in\u0161pir\u00e1cie. Ak chce \u010dlovek pre\u017ei\u0165 svoj \u017eivot \u0161\u0165astne, mus\u00ed l\u00e1sku nielen prij\u00edma\u0165, ale aj d\u00e1va\u0165.<br \/>\nBl\u00ed\u017ei sa sviatok sv. Valent\u00edna, sviatok zamilovan\u00fdch. Mlad\u00ed, zamilovan\u00ed \u013eudia sa obdar\u00favaj\u00fa a prejavuj\u00fa si vz\u00e1jomn\u00fa l\u00e1sku. Ako je to medzi star\u0161\u00edmi partnermi? Maj\u00fa sa st\u00e1le radi a d\u00e1vaj\u00fa svoju l\u00e1sku najavo? Alebo upadli do stereotypu a v\u0161etko ber\u00fa ako samozrejmos\u0165?\u00a0\u00a0A ako je to s \u013eu\u010fmi, ktor\u00ed \u017eij\u00fa sami, nemaj\u00fa rodinu, priate\u013eov, s\u00fa celkom opusten\u00ed? M\u00f4\u017eu aj oni pre\u017e\u00edva\u0165 pocit \u0161\u0165astia a l\u00e1sky? A dok\u00e1\u017eeme d\u00e1va\u0165 l\u00e1sku aj tam, kde nec\u00edtime \u017eiadnu odozvu?<br \/>\nKeby sme boli odk\u00e1zan\u00ed len na \u013eud\u00ed, asi by boli v\u0161etci opusten\u00ed \u013eudia zatrpknut\u00ed, ne\u0161\u0165astn\u00ed a sklaman\u00ed \u017eivotom. V\u010faka Bohu, \u017ee to tak nie je. \u017diadny \u010dlovek, ani ten najbiednej\u0161\u00ed, nemus\u00ed trpie\u0165 nedostatkom l\u00e1sky. Boh, ktor\u00fd o sebe povedal, \u017ee je L\u00e1ska, je schopn\u00fd naplni\u0165 ka\u017ed\u00e9ho \u010dloveka l\u00e1skou a \u0161\u0165ast\u00edm. Bo\u017e\u00ed Syn \u2013 Je\u017ei\u0161 Kristus pri\u0161iel od svojho Otca medzi n\u00e1s, aby n\u00e1m uk\u00e1zal prav\u00fa l\u00e1sku a aby n\u00e1s svojou l\u00e1skou naplnil. Mnoh\u00ed \u013eudia v\u0161ak o takejto l\u00e1ske e\u0161te nevedia. \u017dij\u00fa v pr\u00e1zdnote a bezn\u00e1deji, myslia si, \u017ee osud sa s nimi len kruto zahral. S\u00fa aj okolo n\u00e1s, ur\u010dite aj vy o niekom viete. Ak tak\u00e9ho \u010dloveka pozn\u00e1te alebo stretnete, nenechajte ho od\u00eds\u0165 s jeho tr\u00e1pen\u00edm, ale zauj\u00edmajte sa o neho, pom\u00f4\u017ete mu, uk\u00e1\u017ete na Toho, kto m\u00f4\u017ee upevni\u0165 jeho vz\u0165ahy, prinavr\u00e1ti\u0165 \u00faprimnos\u0165 do man\u017eelstva, pokoj a \u0161\u0165astie do \u017eivota. Povedzte mu o Bohu a o Jeho l\u00e1ske. A ke\u010f nebudete ma\u0165 dos\u0165 vlastn\u00fdch slov, mo\u017eno v\u00e1m pom\u00f4\u017ee niektor\u00fd z na\u0161ich let\u00e1\u010dikov&#8230; <\/p>\n<p>Na povzbudenie v\u00e1m pon\u00fakame svedectvo man\u017eelov Weberov\u00fdch z Brna, ktor\u00e9 ukazuje, ako Boh men\u00ed \u010dloveka.<\/p>\n<p>Raz v lete som bola s kamar\u00e1tkou pri vode. Pridali sa k n\u00e1m dvaja chlapci. Jirka ma zaujal hne\u010f na prv\u00fd poh\u013ead. Mal kr\u00e1sne tmav\u00e9 ku\u010derav\u00e9 vlasy. Za\u010dali sme spolu chodi\u0165. Obaja sme boli neveriaci. Jirka nesk\u00f4r uveril, len ja som vieru odmietala. Na bohoslu\u017eby som s n\u00edm v\u0161ak chodievala. Priate\u013ea v cirkvi nab\u00e1dali, aby sa so mnou rozi\u0161iel, lebo nie som veriaca, a to vraj v o\u010diach Bo\u017e\u00edch nie je dobr\u00e9. Dos\u0165 sa ma tieto re\u010di dot\u00fdkali, priate\u013ea som v\u0161ak mala ve\u013emi rada, nechcela som ho strati\u0165. Tak som predstierala, \u017ee som uverila, dokonca sme sa dali spolo\u010dne pokrsti\u0165. Len\u017ee moja viera bola na bode mrazu, n\u00e1v\u0161teva bohoslu\u017eieb bola pre m\u0148a v\u017edy len utrpen\u00edm. \u010coskoro sme mali svadbu, pretvarovanie za\u010dalo by\u0165 ne\u00fanosn\u00e9 a v\u010faka m\u00f4jmu negat\u00edvnemu pr\u00edstupu k viere som nakoniec dok\u00e1zala aj man\u017eela odl\u00e1ka\u0165 od Boha. Za necel\u00e9 \u0161tyri roky sa n\u00e1m narodilo prv\u00e9 die\u0165a. Na\u0161e n\u00e1zory na \u017eivot v\u0161ak boli \u00faplne odli\u0161n\u00e9, akoby sme s\u00edce \u0165ahali za jedno lano, no ka\u017ed\u00fd opa\u010dn\u00fdm smerom. Po \u010fal\u0161\u00edch piatich rokoch sa n\u00e1m narodilo druh\u00e9 die\u0165a, vtedy v\u0161ak u\u017e na\u0161e man\u017eelstvo v\u00f4bec nefungovalo a bolo to st\u00e1le hor\u0161ie. Ve\u013emi sme si navz\u00e1jom ubli\u017eovali. B\u00fdvali sme s\u00edce spolu, k sebe sme sa v\u0161ak spr\u00e1vali ako cudz\u00ed \u013eudia. U\u017e sa schy\u013eovalo k rozvodu, nevedela som, \u010do m\u00e1m robi\u0165, lebo sa to net\u00fdkalo len n\u00e1s, ale aj na\u0161ich det\u00ed \u2013 a to ma tr\u00e1pilo. Ke\u010f som bola celkom na dne, za\u010dala<br \/>\nsom po prv\u00fdkr\u00e1t v \u017eivote z cel\u00e9ho srdca prosi\u0165 P\u00e1na Boha o pomoc. Prosila som ho, aby mi odpustil v\u0161etky tie zl\u00e9 veci, ktor\u00e9 som vo svojej hl\u00faposti urobila. Vtedy som odovzdala do jeho r\u00fak cel\u00fd svoj nehodn\u00fd \u017eivot a poprosila, aby to bol On, kto ma povedie. V nede\u013eu som za\u0161la dokonca na bohoslu\u017eby. C\u00edtila som, \u017ee by bolo kr\u00e1sne, keby tam bola cel\u00e1 na\u0161a rodina. Modlila som sa za to. Doma som man\u017eela poprosila, \u010di by sme<br \/>\nnemohli znova chodi\u0165 do cirkvi a on, k m\u00f4jmu \u00fa\u017easu, ochotne s\u00fahlasil. Povedal, \u017ee o Bohu u\u017e nejak\u00fd \u010das prem\u00fd\u0161\u013ea, no nechcel mi e\u0161te ni\u010d hovori\u0165. Nechcel sa znova sklama\u0165. Po desa\u0165ro\u010dnej odmlke sme teda za\u010dali zase chodi\u0165 do cirkvi, do ktorej sme chodievali pred svadbou. Pred prvou n\u00e1v\u0161tevou sme mali trochu obavy: Ako n\u00e1s prijm\u00fa? Ako sa na n\u00e1s bud\u00fa pozera\u0165 t\u00ed, \u010do n\u00e1s poznali predt\u00fdm? Obavy v\u0161ak boli zbyto\u010dn\u00e9, prijali n\u00e1s ve\u013emi srde\u010dne. Dnes m\u00e1me tri deti. Ke\u010f sa obzriem sp\u00e4\u0165, viem, \u017ee mali pravdu t\u00ed, \u010do n\u00e1m hovorili, \u017ee spolu\u017eitie veriaceho s neveriacim nie je dobr\u00e9. Mohli sme si u\u0161etri\u0165 mnoh\u00e9 sklamanie a boles\u0165. Prem\u00e1rnen\u00e9 roky n\u00e1\u0161ho \u017eivota sa u\u017e nedaj\u00fa vr\u00e1ti\u0165 sp\u00e4\u0165, no v\u010faka milosrdn\u00e9mu Bohu sme mohli za star\u00fdm sp\u00f4sobom \u017eivota urobi\u0165 hrub\u00fa \u010diaru, navz\u00e1jom si odpusti\u0165 a za\u010da\u0165 \u017ei\u0165 nov\u00fd \u017eivot v Kristu Je\u017ei\u0161ovi. Chv\u00e1la Tebe, Bo\u017ee, v\u010faka za Tvoju l\u00e1sku vo\u010di n\u00e1m. Neviem dostato\u010dne vyjadri\u0165 svoju v\u010faku, lebo neexistuj\u00fa slov\u00e1, ktor\u00fdmi by sa dala op\u00edsa\u0165. Viem len, \u017ee bez Teba by sme u\u017e ako rodina neexistovali, \u017eiadny psychol\u00f3g by na\u0161e man\u017eelstvo nezachr\u00e1nil&#8230; (Jana Weberov\u00e1)<\/p>\n<p>Nap\u00ed\u0161te n\u00e1m svoj pr\u00edbeh<\/p>\n<p>Ur\u010dite m\u00e1te aj vy ve\u013ea sk\u00fasenost\u00ed s Bo\u017e\u00edm veden\u00edm, s vypo\u010dut\u00edm modlitieb vo chv\u00edli, ke\u010f u\u017e \u010dlovek str\u00e1ca n\u00e1dej. Nap\u00ed\u0161te n\u00e1m svoj pr\u00edbeh. Radi ho uverejn\u00edme na povzbudenie druh\u00fdm.<\/p>\n","protected":false},"excerpt":{"rendered":"<p>O zamilovanosti a l\u00e1ske u\u017e bolo ve\u013ea nap\u00edsan\u00e9ho aj povedan\u00e9ho&#8230;<\/p>\n","protected":false},"author":2,"featured_media":0,"comment_status":"closed","ping_status":"open","sticky":false,"template":"","format":"standard","meta":[],"categories":[10],"tags":[],"_links":{"self":[{"href":"https:\/\/btm.sk\/WP\/wp-json\/wp\/v2\/posts\/1678"}],"collection":[{"href":"https:\/\/btm.sk\/WP\/wp-json\/wp\/v2\/posts"}],"about":[{"href":"https:\/\/btm.sk\/WP\/wp-json\/wp\/v2\/types\/post"}],"author":[{"embeddable":true,"href":"https:\/\/btm.sk\/WP\/wp-json\/wp\/v2\/users\/2"}],"replies":[{"embeddable":true,"href":"https:\/\/btm.sk\/WP\/wp-json\/wp\/v2\/comments?post=1678"}],"version-history":[{"count":1,"href":"https:\/\/btm.sk\/WP\/wp-json\/wp\/v2\/posts\/1678\/revisions"}],"predecessor-version":[{"id":2287,"href":"https:\/\/btm.sk\/WP\/wp-json\/wp\/v2\/posts\/1678\/revisions\/2287"}],"wp:attachment":[{"href":"https:\/\/btm.sk\/WP\/wp-json\/wp\/v2\/media?parent=1678"}],"wp:term":[{"taxonomy":"category","embeddable":true,"href":"https:\/\/btm.sk\/WP\/wp-json\/wp\/v2\/categories?post=1678"},{"taxonomy":"post_tag","embeddable":true,"href":"https:\/\/btm.sk\/WP\/wp-json\/wp\/v2\/tags?post=1678"}],"curies":[{"name":"wp","href":"https:\/\/api.w.org\/{rel}","templated":true}]}}