{"id":1673,"date":"2007-11-14T20:32:02","date_gmt":"2007-11-14T19:32:02","guid":{"rendered":"http:\/\/btm.sk\/WP\/2007\/11\/14\/o-com-su-pre-mna-vianoce\/"},"modified":"2018-05-17T23:09:59","modified_gmt":"2018-05-17T21:09:59","slug":"o-com-su-pre-mna-vianoce","status":"publish","type":"post","link":"https:\/\/btm.sk\/WP\/2007\/11\/14\/o-com-su-pre-mna-vianoce\/","title":{"rendered":"O \u010cOM S\u00da PRE M\u0147A VIANOCE?"},"content":{"rendered":"<p><span class=\"text\">Ned\u00e1vno som bol svedkom rozhovoru m\u00f4jho kres\u0165ansk\u00e9ho priate\u013ea s neveriacim \u010dlovekom. Hovorili o sl\u00e1ven\u00ed Vianoc.<\/span><br \/>\n<!--more--><br \/>\nKres\u0165an povedal: \u201e\u00c1no, cel\u00e1 po\u00e9zia Vianoc, v\u0161etky tie star\u00e9 trad\u00edcie a zvyky, dar\u010deky, spomienky, intimita rodiny, cel\u00e1 t\u00e1 \u013eudsk\u00e1 str\u00e1nka Vianoc, to je nie\u010do, \u010do n\u00e1s sp\u00e1ja; av\u0161ak pre m\u0148a s\u00fa v\u0161etky tieto hodnoty predsa len druhorad\u00e9, vonkaj\u0161ie, preto\u017ee pre m\u0148a tento \u010das znamen\u00e1 hlavne spomienku na to, \u017ee sa pred dvetis\u00edc rokmi v Betleheme narodil Je\u017ei\u0161 Nazaretsk\u00fd.\u201c Bolo to ur\u010dite \u00faprimn\u00e9 vyznanie, nie\u010do mi v\u0161ak v \u0148om ch\u00fdbalo. Dlho som o tom prem\u00fd\u0161\u013eal. Vari s\u00fa pre kres\u0165anov Vianoce len spomienkou na Je\u017ei\u0161ovo narodenie ako na \u201ehistorick\u00fa udalos\u0165\u201c? Na nie\u010do, \u010do sa stalo v d\u00e1vnej minulosti? Ve\u010f spr\u00e1va o Je\u017ei\u0161ovom naroden\u00ed nie je iba inform\u00e1ciou o nie\u010dom, \u010do sa kedysi udialo, nie je pietnou spomienkou na ve\u013ek\u00e9ho mu\u017ea z d\u00e1vnej minulosti, ale zves\u0165ou hovoriacou o Bohu a jeho vz\u0165ahu k n\u00e1m \u013eu\u010fom. A t\u00e1to zves\u0165 je ur\u010den\u00e1 pre v\u0161etk\u00fdch \u013eud\u00ed.<br \/>\nStredom Vianoc je oslava Boha, ktor\u00fd sa stal \u013eu\u010fom tak\u00fd bl\u00edzky, \u017ee pri\u0161iel fyzicky medzi n\u00e1s! Vianoce n\u00e1m zvestuj\u00fa ako sa Boh v Je\u017ei\u0161ovi Kristovi stal \u010dlovekom! Boh, ktor\u00fd je pre n\u00e1s najprv vzdialen\u00fd a nepochopite\u013en\u00fd, v\u0161etko presahuj\u00faci, tento Boh sa chce sta\u0165 zrozumite\u013en\u00fd: posiela svoje Slovo, d\u00e1va svoje Slovo \u013eu\u010fom. Tvoriv\u00e9 slovo, pln\u00e9 \u017eivota a sily, to Slovo, prostredn\u00edctvom ktor\u00e9ho povstalo v\u0161etko, \u010do je. Slovo, ktor\u00e9 niesli proroci, Slovo, ktor\u00fdm sa Boh d\u00e1va pozna\u0165. Toto Slovo prestupuje dejinami sp\u00e1sy. A posledn\u00fdm, kone\u010dn\u00fdm a dokonal\u00fdm tvarom tohto Slova je \u010dlove\u010denstvo Je\u017ei\u0161a Krista. Toto \u010dlove\u010denstvo \u2013 aj v tvare detskej bezmocnosti \u2013 je vyjadren\u00edm Bo\u017eej plnosti, l\u00e1sky a dokonalosti. Boh, o ktorom hovor\u00ed na\u0161a viera, u\u017e nie je vzdialen\u00fd Boh: je to Emanu-el, Boh s nami.<br \/>\nA zves\u0165 o takomto Bohu prin\u00e1\u0161ame aj v\u00e1m. U\u017e budete vedie\u0165 poveda\u0165 svojim priate\u013eom, o \u010dom s\u00fa Vianoce? Aby aj oni na\u0161li Bo\u017eie die\u0165a \u2013 P\u00e1na Je\u017ei\u0161a Krista. Aby mu odovzdali cel\u00fd svoj \u017eivot, aby do\u0148 vst\u00fapil a sprev\u00e1dzal ich ka\u017ed\u00fd de\u0148.<br \/>\n(pod\u013ea Tom\u00e1\u0161a Hal\u00edka)<\/p>\n<p><b>Sl\u00e1va na v\u00fdsostiach Bohu \u2013 a na zemi pokoj, v \u013eu\u010foch za\u013e\u00fabenie&#8230; (Luk\u00e1\u0161 2,14)<\/b><\/p>\n","protected":false},"excerpt":{"rendered":"<p>Ned\u00e1vno som bol svedkom rozhovoru m\u00f4jho kres\u0165ansk\u00e9ho priate\u013ea s neveriacim \u010dlovekom. Hovorili o sl\u00e1ven\u00ed Vianoc.<\/p>\n","protected":false},"author":2,"featured_media":0,"comment_status":"closed","ping_status":"open","sticky":false,"template":"","format":"standard","meta":[],"categories":[9],"tags":[],"_links":{"self":[{"href":"https:\/\/btm.sk\/WP\/wp-json\/wp\/v2\/posts\/1673"}],"collection":[{"href":"https:\/\/btm.sk\/WP\/wp-json\/wp\/v2\/posts"}],"about":[{"href":"https:\/\/btm.sk\/WP\/wp-json\/wp\/v2\/types\/post"}],"author":[{"embeddable":true,"href":"https:\/\/btm.sk\/WP\/wp-json\/wp\/v2\/users\/2"}],"replies":[{"embeddable":true,"href":"https:\/\/btm.sk\/WP\/wp-json\/wp\/v2\/comments?post=1673"}],"version-history":[{"count":1,"href":"https:\/\/btm.sk\/WP\/wp-json\/wp\/v2\/posts\/1673\/revisions"}],"predecessor-version":[{"id":2292,"href":"https:\/\/btm.sk\/WP\/wp-json\/wp\/v2\/posts\/1673\/revisions\/2292"}],"wp:attachment":[{"href":"https:\/\/btm.sk\/WP\/wp-json\/wp\/v2\/media?parent=1673"}],"wp:term":[{"taxonomy":"category","embeddable":true,"href":"https:\/\/btm.sk\/WP\/wp-json\/wp\/v2\/categories?post=1673"},{"taxonomy":"post_tag","embeddable":true,"href":"https:\/\/btm.sk\/WP\/wp-json\/wp\/v2\/tags?post=1673"}],"curies":[{"name":"wp","href":"https:\/\/api.w.org\/{rel}","templated":true}]}}