{"id":1668,"date":"2007-06-13T20:14:07","date_gmt":"2007-06-13T18:14:07","guid":{"rendered":"http:\/\/btm.sk\/WP\/2007\/06\/13\/radovan-lukavsky\/"},"modified":"2018-05-17T23:12:03","modified_gmt":"2018-05-17T21:12:03","slug":"radovan-lukavsky","status":"publish","type":"post","link":"https:\/\/btm.sk\/WP\/2007\/06\/13\/radovan-lukavsky\/","title":{"rendered":"RADOVAN LUKAVSK\u00dd"},"content":{"rendered":"<p><span class=\"text\">Ned\u00e1vno na R\u00e1diu Proglas spom\u00ednal na svoju \u017eivotn\u00fa cestu \u010desk\u00fd popredn\u00fd herec Radovan Lukavsk\u00fd.<\/span><br \/>\n<!--more--><br \/>\nRozhovor moderovala Anna \u0160t\u011bp\u00e1nkov\u00e1, far\u00e1rka C\u00edrkve \u010deskoslovensk\u00e9 husitsk\u00e9 v Brne. S dovolen\u00edm p\u00e1na Lukavsk\u00e9ho sme mohli rozhovor prevzia\u0165 aj my a teraz v\u00e1m ho pon\u00fakame vo forme let\u00e1\u010dika ST11 s n\u00e1zvom Majster slova. Ver\u00edme, \u017ee kr\u00e1sne spomienky Radovana Lukavsk\u00e9ho zaujm\u00fa mnoh\u00fdch \u010ditate\u013eov a jeho pevn\u00e1 viera pom\u00f4\u017ee t\u00fdm, ktor\u00ed prich\u00e1dzaj\u00fa vo svojom \u017eivote \u0165a\u017ek\u00fdmi sk\u00fa\u0161kami. O sl\u00e1vnom hercovi sa m\u00f4\u017eete dozvedie\u0165 viac z kn\u00edh \u201eRozhovory s d\u011bde\u010dkem\u201c a \u201eVyzn\u00e1n\u00ed \u017eivotu\u201c. Obe vy\u0161li v Karmelit\u00e1nskom nakladate\u013estve. V na\u0161om infoliste v\u00e1m pon\u00fakame aspo\u0148 mal\u00e9 uk\u00e1\u017eky, pre kr\u00e1su pou\u017eit\u00e9ho slova ich nech\u00e1vame v p\u00f4vodnom \u010deskom jazyku.<\/p>\n<p><img src=img\/articles\/lukavsky-00.jpg><\/p>\n<p><b>Vyzn\u00e1n\u00ed \u017eivotu<\/b><\/p>\n<p>Moje maminka si p\u0159\u00e1la, m\u00edt t\u0159i syny: jeden aby byl kn\u011bzem, druh\u00fd profesorem a t\u0159et\u00ed hercem. Ale syn p\u0159i\u0161el jen jeden, pak dv\u011b dcery, a tak to nechala na Bo\u017e\u00ed v\u016fli, jestli se j\u00ed n\u011bkter\u00e9 z t\u011bch t\u0159\u00ed zbo\u017en\u00fdch p\u0159\u00e1n\u00ed spln\u00ed. (\u0158\u00edk\u00e1vala kr\u00e1sn\u011b po moravsku: \u201eBez Bo\u017e\u00ed v\u016fle \u2013 ani vlas z hlavy d\u016fle.\u201c) J\u00e1 jako mal\u00fd kluk jsem o tom ov\u0161em nev\u011bd\u011bl a piln\u011b jsem po\u0159\u00e1d n\u011bco stav\u011bl z d\u0159ev\u011bn\u00fdch \u0161pal\u00ed\u010dk\u016f v tat\u00ednkov\u011b truhl\u00e1\u0159sk\u00e9 d\u00edln\u011b. A kdy\u017e se mn\u011b ptali: \u201eCo to bude, a\u017e to bude?\u201c, pr\u00fd jsem \u0159\u00edkal: \u201eNo p\u0159ece chv\u00edfek.\u201c Nad t\u00edm \u201echv\u00edfkem\u201c m\u00edsto \u201echl\u00edvku\u201c se maminka v\u017edycky usm\u00edvala. A nab\u00e1dala m\u011b, kdy\u017e se m\u011b n\u011bkdo zept\u00e1, \u010d\u00edm budu, abych \u0159ekl: in\u017ein\u00fdr \u2013 architekt \u2013 stavitel. Tenhle trojtitul se j\u00ed toti\u017e velice l\u00edbil \u2013 m\u011bl ho na vizitce na dve\u0159\u00edch jeden p\u00e1n, co bydlel v pat\u0159e nad n\u00e1mi, kter\u00e9mu prala ko\u0161ile.<\/p>\n<p><img src=img\/articles\/lukavsky-05.jpg><\/p>\n<p><b>Mistr kr\u00e1sn\u00e9ho slova<\/b><\/p>\n<p>A pak se stalo, \u017ee \u201ebo\u017e\u00ed ml\u00fdny\u201c zamlely znenad\u00e1n\u00ed trochu rychleji, a my se st\u011bhovali z Prahy na venkov. Tam byl hodn\u00fd pan far\u00e1\u0159 a hodn\u00e1 m\u00e1ter v \u00dastavu anglick\u00fdch panen, kde jsem ministroval a pom\u00e1hal t\u00e9 hodn\u00e9 m\u00e1ter hr\u00e1t pro d\u011bcka ze vsi loutkov\u00e9 divadlo, a najednou jsme se v\u0161ichni n\u011bjak domluvili, \u017ee \u2013 a\u010dkoli jsem u\u017e ud\u011blal p\u0159ij\u00edmac\u00ed zkou\u0161ky na gymn\u00e1zium v Kol\u00edn\u011b \u2013 p\u016fjdu do arcibiskupsk\u00e9ho gymn\u00e1zia v Praze a pak, d\u00e1-li B\u016fh, i do semin\u00e1\u0159e. S t\u00edm svat\u00fdm \u00famyslem jsem tedy za\u010dal v Buben\u010di studovat \u2013 ov\u0161em\u017ee i divadlo jsme tu hr\u00e1li \u2013 a maminka za\u010dala v\u011b\u0159it, \u017ee se j\u00ed spln\u00ed to prvn\u00ed a nejv\u011bt\u0161\u00ed p\u0159\u00e1n\u00ed\u2026 Jenom\u017ee pak se to zase n\u00e1hle a ne\u010dekan\u011b v \u201ebo\u017e\u00edch ml\u00fdnech\u201c n\u011bjak  semlelo a j\u00e1 dostal s kvint\u00e1nsk\u00fdm vysv\u011bd\u010den\u00edm \u201econsilium abeundi\u201c, to jest \u201eradu, abych ode\u0161el\u201c \u2013 a u\u017e jsem byl na gymn\u00e1ziu v \u010cesk\u00e9m Brod\u011b \u2013 a zase studoval a hr\u00e1l studentsk\u00e1 p\u0159edstaven\u00ed, a\u017e jsem odmaturoval \u2013 a u\u017e jsem byl na filosofick\u00e9 fakult\u011b v Praze jako poslucha\u010d \u010de\u0161tiny a fran\u0161tiny. Te\u010f to vypadalo sp\u00ed\u0161 na druh\u00e9 mamin\u010dino p\u0159\u00e1n\u00ed: \u017ee budu profesorem. Pak ov\u0161em jako by \u201ekolem osudu\u201c za\u010dal to\u010dit Hitler: zav\u0159el vysok\u00e9 \u0161koly \u2013 a j\u00e1 byl telegrafistou na dr\u00e1ze (a d\u011blal divadlo s ochotn\u00edky), pak jsem to zkusil na hereck\u00e9m odd\u011blen\u00ed pra\u017esk\u00e9 konzervato\u0159e \u2013 ale rok nato m\u011b odvedli do \u201erajchu\u201c a v \u201etot\u00e1lajnzacu\u201c jsem se vyu\u010dil strojn\u00edm z\u00e1me\u010dn\u00edkem. No a po v\u00e1lce jsem dokon\u010dil studium jak na konzervato\u0159i, tak na filosofick\u00e9 fakult\u011b s t\u00edm, \u017ee uvid\u00edm, jestli se k divadlu v\u016fbec hod\u00edm, a kdy\u017e ne \u2013 vr\u00e1t\u00edm se zas k t\u00e9 profes\u016f\u0159e. Maminka nebyla nikdy vy\u017eadova\u010dn\u00e1 a p\u0159es v\u0161echna sv\u00e1 p\u0159\u00e1n\u00ed v\u017edycky \u0159\u00edk\u00e1vala, \u017ee \u201e\u0161ak a\u0165 si m\u011b P\u00e1nb\u016fh postav\u00ed, kde m\u011b bude cht\u011bt\u201c. Divadlo m\u011bla r\u00e1da, s \u010desk\u00fdmi ochotn\u00edky ve V\u00eddni, kde za mlada slou\u017eila, hr\u00e1la Mary\u0161u, dokonce s Eduardem Vojanem, kter\u00fd jim p\u0159ijel jako host zahr\u00e1t Francka. M\u011bla jen obavu, abych jednou nem\u011bl, jak se \u0159\u00edkalo, hlad jako herec. Ale kdy\u017e m\u011b hned v prvn\u00edm anga\u017em\u00e1 vid\u011bla hr\u00e1t v \u201ekamenn\u00e9m divadle\u201c na Vinohradech, upokojila se a byla r\u00e1da, \u017ee se j\u00ed splnilo aspo\u0148 to t\u0159et\u00ed p\u0159\u00e1n\u00ed. A co v\u00edc, vlastn\u011b i to druh\u00e9, kdy\u017e jsem za\u010dal na konzervato\u0159i a pak na DAMU u\u010dit herectv\u00ed a \u0159\u00edkali mi \u201epane profesore\u201c. A konec konc\u016f i jako kn\u011bze m\u011b p\u00e1rkr\u00e1t vid\u011bla aspo\u0148 na jevi\u0161ti. \u0160lo sice o men\u0161\u00ed role, ale byl jsem r\u00e1d t\u00e9 mo\u017enosti uchr\u00e1nit je p\u0159ed znect\u011bn\u00edm a karikov\u00e1n\u00edm, jak\u00e9ho by se v jin\u00e9m pod\u00e1n\u00ed pravd\u011bpodobn\u011b v t\u00e9 dob\u011b do\u010dkaly. Zato Anouilh\u016fv Tom\u00e1\u0161 Becket pak pat\u0159il k t\u011bm nejkr\u00e1sn\u011bj\u0161\u00edm rol\u00edm, jak\u00e9 jsem sm\u011bl hr\u00e1t a za kter\u00e9 jsem dosud zvl\u00e1\u0161\u0165 vd\u011b\u010dn\u00fd. A kolik jsem se nahr\u00e1l profesor\u016f, o tom u\u017e ani nemluv\u00edm! Zkr\u00e1tka to mamin\u010dino t\u0159et\u00ed p\u0159\u00e1n\u00ed mi vlastn\u011b otev\u0159elo p\u0159\u00edstup ke v\u0161em ostatn\u00edm povol\u00e1n\u00edm na sv\u011bt\u011b \u2013 a to je jeden z velk\u00fdch dar\u016f, kter\u00fd s sebou p\u0159in\u00e1\u0161\u00ed pr\u00e1v\u011b jen herectv\u00ed. (Z knihy \u201eDeset vyzn\u00e1n\u00ed\u201c)<\/p>\n<p><img src=img\/articles\/lukavsky-01.jpg><br \/>\nS man\u017eelkou Ludmilou.<\/p>\n<p><img src=img\/articles\/lukavsky-02.jpg><br \/>\nV \u00falohe zverolek\u00e1ra vo filme \u201ePouta\u201d.<\/p>\n<p><img src=img\/articles\/lukavsky-03.jpg><br \/>\nAko brat Lorenzo v R\u00f3meovi a J\u00falii.<\/p>\n<p><img src=img\/articles\/lukavsky-04.jpg><br \/>\nS vnu\u010dkou Kl\u00e1rou pri predstaven\u00ed knihy<br \/>\n\u201eRozhovory s d\u011bde\u010dkem\u201d.<\/p>\n<p><img src=img\/articles\/lukavsky-06.jpg><br \/>\nSt\u00e1le na javisku &#8211; ako 85. ro\u010dn\u00fd v \u00falohe vodn\u00edka Ivana v Lucerne (ND v Prahe 2004).<\/p>\n","protected":false},"excerpt":{"rendered":"<p>Ned\u00e1vno na R\u00e1diu Proglas spom\u00ednal na svoju \u017eivotn\u00fa cestu \u010desk\u00fd popredn\u00fd herec Radovan Lukavsk\u00fd.<\/p>\n","protected":false},"author":2,"featured_media":0,"comment_status":"closed","ping_status":"open","sticky":false,"template":"","format":"standard","meta":[],"categories":[8],"tags":[],"_links":{"self":[{"href":"https:\/\/btm.sk\/WP\/wp-json\/wp\/v2\/posts\/1668"}],"collection":[{"href":"https:\/\/btm.sk\/WP\/wp-json\/wp\/v2\/posts"}],"about":[{"href":"https:\/\/btm.sk\/WP\/wp-json\/wp\/v2\/types\/post"}],"author":[{"embeddable":true,"href":"https:\/\/btm.sk\/WP\/wp-json\/wp\/v2\/users\/2"}],"replies":[{"embeddable":true,"href":"https:\/\/btm.sk\/WP\/wp-json\/wp\/v2\/comments?post=1668"}],"version-history":[{"count":1,"href":"https:\/\/btm.sk\/WP\/wp-json\/wp\/v2\/posts\/1668\/revisions"}],"predecessor-version":[{"id":2297,"href":"https:\/\/btm.sk\/WP\/wp-json\/wp\/v2\/posts\/1668\/revisions\/2297"}],"wp:attachment":[{"href":"https:\/\/btm.sk\/WP\/wp-json\/wp\/v2\/media?parent=1668"}],"wp:term":[{"taxonomy":"category","embeddable":true,"href":"https:\/\/btm.sk\/WP\/wp-json\/wp\/v2\/categories?post=1668"},{"taxonomy":"post_tag","embeddable":true,"href":"https:\/\/btm.sk\/WP\/wp-json\/wp\/v2\/tags?post=1668"}],"curies":[{"name":"wp","href":"https:\/\/api.w.org\/{rel}","templated":true}]}}