{"id":1667,"date":"2007-06-13T20:10:55","date_gmt":"2007-06-13T18:10:55","guid":{"rendered":"http:\/\/btm.sk\/WP\/2007\/06\/13\/nechaj-sa-formovat-stretnutie-sestier-ea\/"},"modified":"2018-05-17T23:12:18","modified_gmt":"2018-05-17T21:12:18","slug":"nechaj-sa-formovat-stretnutie-sestier-ea","status":"publish","type":"post","link":"https:\/\/btm.sk\/WP\/2007\/06\/13\/nechaj-sa-formovat-stretnutie-sestier-ea\/","title":{"rendered":"NECHAJ SA FORMOVA\u0164 &#8211; STRETNUTIE SESTIER EA"},"content":{"rendered":"<p><span class=\"text\">12. stretnutie sestier Evanjelickej aliancie SR od 27. 4. \u2013 1. 5. 2007 v Domove J. A. Komensk\u00e9ho v Ra\u010dkovej doline pravdepodobne z\u00edska pr\u00edvlastok \u201ehistorick\u00e9\u201c. Uskuto\u010dnilo sa za najnevhodnej\u0161\u00edch podmienok (prestavba 2. poschodia po\u010das chodu domova) a z\u00fa\u010dastnilo sa n\u00e1s na \u0148om doposia\u013e najviac (107 \u00fa\u010dastn\u00edkov, z toho 4 deti a 2 mu\u017ei). Na stretnut\u00ed sme prijali bohat\u00fd st\u00f4l po\u017eehnania duchovn\u00fdch darov, ktor\u00fd mnohon\u00e1sobne prev\u00fd\u0161il na\u0161e nepohodlie (prestavba budovy, niektor\u00e9 sestry boli ubytovan\u00e9 pre nedostatok miesta v Pribyline a vo Vavri\u0161ove).<\/span><br \/>\n<!--more--><br \/>\n<img src=img\/articles\/SS-foto02.jpg><\/p>\n<p>\u201eNe, nepros\u00edm, bys k \u017eit\u00ed s\u00edlu dal mi a sl\u00e1vu, \u010dest&#8230;<br \/>\nNe, nepros\u00edm T\u011b ani za lesk zlata&#8230;<br \/>\nNi za v\u00edt\u011bzn\u00e9 boje nepros\u00edm&#8230;<br \/>\nBa, nepros\u00edm, bys na \u017eivota pouti mi rozlil jas!&#8230;<br \/>\nJen ve sv\u00e9 l\u00e1sce, kter\u00e1 nem\u00e1 hranic,<br \/>\njak mal\u00e9 d\u00edt\u011b nech mne spo\u010d\u00edvat&#8230;\u201c  (M\u00e1ria Rafajov\u00e1: Modlitba)<\/p>\n<p>\u00c1no, od prvej chv\u00edle sme sa vlo\u017eili do P\u00e1novej n\u00e1ru\u010de plnej l\u00e1sky, tepla a po\u017eehnania. Ni\u010d nemohlo prekazi\u0165 Jeho dielo, lebo On je Majster nad majstrov a ni\u010d a nik neunikne spod Jeho kontroly.<br \/>\nNa stretnutie sme si mali donies\u0165 mal\u00fa v\u00e1zi\u010dku. V\u0161etky boli vystaven\u00e9 na jednom stol\u00edku, ka\u017ed\u00e1 in\u00e1, jedine\u010dn\u00e1, podobne ako my, ktor\u00e9 sme sa tam zi\u0161li, aby sme sa d\u00e1vali formova\u0165 obnoven\u00edm mysle pod\u013ea Bo\u017eej v\u00f4le.<br \/>\nHne\u010f v prv\u00fd ve\u010der sme spolu so sestrou far\u00e1rkou Vlastou Vetrec\u00ednovou vysk\u00fa\u0161ali, ako sa pod teplom na\u0161ej dlane tvrd\u00fd k\u00fasok plastel\u00edny za\u010d\u00edna meni\u0165 na tv\u00e1rnu hmotu. Hrn\u010diar, ktor\u00fd chce z vymiesenej a zm\u00e4knutej hliny urobi\u0165 napr\u00edklad v\u00e1zu, mus\u00ed ju polo\u017ei\u0165 na hrn\u010diarsky kruh. Ale a\u017e ke\u010f ruku postupne vtl\u00e1\u010da dovn\u00fatra hlinenej hmoty, za\u010dne sa z nej formova\u0165 \u017eelan\u00fd tvar. Tak je to aj s nami. A\u017e ke\u010f sa n\u00e1s P\u00e1n Je\u017ei\u0161 dot\u00fdka zvn\u00fatra, vtedy sa za\u010dne meni\u0165 n\u00e1\u0161 charakter.<br \/>\nPo\u010das predn\u00e1\u0161ky \u017delky Mal\u00e1tovej \u201ePoznaj seba\u201c sme si mohli zopakova\u0165 vedomosti o typoch \u013eudskej povahy \u2013 sangvinikovi, melancholikovi, cholerikovi a flegmatikovi a dokonca si aj urobi\u0165 test osobn\u00fdch vlastnost\u00ed. Zistili sme, \u017ee \u0165a\u017eko zmen\u00edme vroden\u00e9 vlastnosti dan\u00e9 na\u0161\u00edm Stvorite\u013eom. Mnoho na\u0161ich zl\u00fdch vlastnost\u00ed v\u0161ak zmeni\u0165 m\u00f4\u017eeme. Mus\u00edme v\u0161ak pozna\u0165 Boha, ktor\u00fd n\u00e1s chce formova\u0165. K tomu n\u00e1s vo svojej k\u00e1zni v nede\u013en\u00e9 dopoludnie vyzvala sestra Marianna Sl\u00e1vikov\u00e1. Ke\u010f chceme niekoho pozna\u0165, mus\u00edme sa s n\u00edm najsk\u00f4r stretn\u00fa\u0165. Kto sa stretol s P\u00e1nom Je\u017ei\u0161om, ako to bolo aj pri apo\u0161tolovi Pavlovi, v jeho \u017eivote nastala zmena, ktor\u00e1 je pozn\u00e1vac\u00edm znamen\u00edm stretnutia sa s Bohom. Kto pozn\u00e1va Boha, men\u00ed sa, nech\u00e1va sa formova\u0165 ako Saul (\u201evyprosen\u00fd\u201c) na Pavla (\u201emal\u00fd\u201c). Boh n\u00e1s u\u010d\u00ed pokore: \u201eOn mus\u00ed r\u00e1s\u0165 a ja sa mus\u00edm men\u0161i\u0165.\u201c (J\u00e1n 3:30). Je \u0165a\u017ek\u00e9 by\u0165 v P\u00e1novej \u0161kole. On r\u00faca rebr\u00ed\u010dek na\u0161ich hodn\u00f4t, ale je \u00fa\u017easn\u00fd vo svojej l\u00e1ske a jedine\u010dne m\u00fadry vo svojej v\u00fdchove. Mnoh\u00e9 z toho, \u010do sa zdalo pred stretnut\u00edm s P\u00e1nom nemo\u017en\u00e9, sa po stretnut\u00ed s N\u00edm men\u00ed na mo\u017en\u00e9. A naopak, mnoh\u00e9 z toho, \u010do vyzeralo pred stretnut\u00edm s N\u00edm \u00fa\u017easn\u00e9, za\u010d\u00edna bledn\u00fa\u0165.<br \/>\nPr\u00edjemn\u00e9 duchovn\u00e9 ob\u010derstvenie a hodnotn\u00e9 doplnenie t\u00e9my formovania n\u00e1m priniesli vz\u00e1cni hostia \u2013 brat far\u00e1r Samuel Linkesch s man\u017eelkou Annou a jej rodi\u010dmi Hre\u0161kovcami. Spolu s nimi sme sa zam\u00fd\u0161\u013eali nad ot\u00e1zkou, pre\u010do sa m\u00e1me necha\u0165 formova\u0165. Boli sme stvoren\u00ed na Bo\u017e\u00ed obraz, ale tento obraz  v n\u00e1s je poru\u0161en\u00fd, skreslen\u00fd. Potrebujeme sa podd\u00e1va\u0165 Jemu, aby sme sa viac a viac podobali na Neho. (Rimanom 8:29).<br \/>\nP\u00e1n Boh n\u00e1s formuje cez svoje Slovo pln\u00e9 l\u00e1sky, aj cez \u013eud\u00ed, ktor\u00ed nemusia by\u0165 v\u017edy pekn\u00ed, l\u00e1skav\u00ed, dobrotiv\u00ed, ale mnohokr\u00e1t s\u00fa aj bezcharaktern\u00ed, neznesite\u013en\u00ed, ovl\u00e1dan\u00ed alkoholom,&#8230; Jeho formuj\u00faca dla\u0148 sa n\u00e1s dot\u00fdka aj cez okolnosti (rodinn\u00e9, pracovn\u00e9, &#8230;) Ako dokonale vie vystihn\u00fa\u0165, kedy m\u00e1 pou\u017ei\u0165 jemnos\u0165 a kedy pevnos\u0165 svojich r\u00fak!<br \/>\nAk je v\u00e1za vyformovan\u00e1, prech\u00e1dza oh\u0148om. Hrn\u010diar ju mus\u00ed vyp\u00e1li\u0165, aby bola trv\u00e1cna, leskl\u00e1&#8230; Aj my \u010dasto mus\u00edme prech\u00e1dza\u0165 oh\u0148om sk\u00fa\u0161ok, ale n\u00e1\u0161 P\u00e1n nedovol\u00ed, aby sme boli pok\u00fa\u0161an\u00ed nad na\u0161e sily.<br \/>\nNajhlb\u0161\u00ed dojem vo mne osobne zanechal nede\u013en\u00fd ve\u010der, po\u010das ktor\u00e9ho n\u00e1m Janka Nagajov\u00e1 a man\u017eelia Dvo\u0159\u00e1kovci pribl\u00ed\u017eili \u017eivot a dielo sestier Royov\u00fdch a M\u00e1rie Rafajovej. Bola to sv\u00e4t\u00e1 chv\u00ed\u013ea, v ktorej sa n\u00e1s dot\u00fdkalo samotn\u00e9 nebo.<br \/>\nSestry Royov\u00e9  aj M\u00e1ria Rafajov\u00e1 s\u00fa n\u00e1dhern\u00fdm pr\u00edkladom \u017eivota, ktor\u00fd bol formovan\u00fd Stvorite\u013eom, pod\u013ea Jeho v\u00f4le. Ve\u010f On jedin\u00fd vie, \u010do je pri n\u00e1s deformovan\u00e9. Niet in\u00e9ho sp\u00f4sobu, iba cesta poslu\u0161nosti.<br \/>\nSestra Janka vyzn\u00e1vala, ako \u017eivot a tvorba sestier Royov\u00fdch ovplyvnili jej \u017eivot i jej  tvorbu. Ja tie\u017e mus\u00edm vyzna\u0165, \u017ee tvorba Krist\u00edny Royovej ovplyvnila m\u00f4j \u017eivot. V P\u00e1na Je\u017ei\u0161a som uverila ako 42-ro\u010dn\u00e1. I ke\u010f vekom star\u0161ia, ale duchovn\u00e9 novorodeniatko, ktor\u00e9 potrebovalo drahocenn\u00e9 \u201ematerinsk\u00e9 mlieko\u201c. A tak po d\u00fa\u0161koch som prij\u00edmala nov\u00e9 a nov\u00e9 \u010dasti z jej tvorby, ktor\u00e9, v\u010faka Bohu, uzreli svetlo sveta a m\u00f4\u017eu sa slobodne vyd\u00e1va\u0165.<br \/>\nMysl\u00edm si, \u017ee v\u0161etci sa potrebujeme navr\u00e1ti\u0165 k svojej prvej l\u00e1ske a pripomen\u00fa\u0165 si chv\u00ed\u013eu, v ktorej n\u00e1s nav\u0161t\u00edvil Kr\u00e1\u013e z v\u00fdsosti a daroval n\u00e1m \u201eduk\u00e1t\u201c, ako to \u00fa\u017easne op\u00edsala sestra M\u00e1ria Rafajov\u00e1 v jednej b\u00e1sni. S b\u00e1z\u0148ou \u010d\u00edtam jej ver\u0161e sk\u00famaj\u00fac, ak\u00fd dar do m\u00f4jho srdca vlo\u017eil P\u00e1n Je\u017ei\u0161. Ukryla som ho, alebo ho premie\u0148am na \u201eme\u010f\u00e1ky\u201c?<br \/>\nBoli sme v\u010fa\u010dn\u00ed aj za to, \u017ee v\u0161etko, \u010do sme smeli po\u010du\u0165, nebola iba te\u00f3ria. Ve\u010f i v dne\u0161n\u00fdch \u010dasoch m\u00e1me pred o\u010dami \u017eivoty t\u00fdch, ktor\u00ed sa dali P\u00e1novi formova\u0165. Aj vz\u00e1jomn\u00e9 rozhovory, svedectv\u00e1 a modlitby n\u00e1s povzbudzovali k tomu, aby sme prijat\u00e9 oslovenie nenechali odoznie\u0165, ale aby sme sa d\u00e1vali aj vo v\u0161edn\u00fdch d\u0148och na\u010falej formova\u0165 na Bo\u017e\u00ed obraz a na Jeho sl\u00e1vu.<br \/>\n(M\u00e1ria Porubsk\u00e1)<\/p>\n<p><img src=img\/articles\/SS-foto01.jpg><\/p>\n<p><img src=img\/articles\/SS-foto03.jpg><\/p>\n","protected":false},"excerpt":{"rendered":"<p>12. stretnutie sestier Evanjelickej aliancie SR od 27. 4. \u2013 1. 5. 2007 v Domove J. A. Komensk\u00e9ho v Ra\u010dkovej doline pravdepodobne z\u00edska pr\u00edvlastok \u201ehistorick\u00e9\u201c. Uskuto\u010dnilo sa za najnevhodnej\u0161\u00edch podmienok (prestavba 2. poschodia po\u010das chodu domova) a z\u00fa\u010dastnilo sa n\u00e1s na \u0148om doposia\u013e najviac (107 \u00fa\u010dastn\u00edkov, z toho 4 deti a 2 mu\u017ei). Na stretnut\u00ed [&hellip;]<\/p>\n","protected":false},"author":2,"featured_media":0,"comment_status":"closed","ping_status":"open","sticky":false,"template":"","format":"standard","meta":[],"categories":[7],"tags":[],"_links":{"self":[{"href":"https:\/\/btm.sk\/WP\/wp-json\/wp\/v2\/posts\/1667"}],"collection":[{"href":"https:\/\/btm.sk\/WP\/wp-json\/wp\/v2\/posts"}],"about":[{"href":"https:\/\/btm.sk\/WP\/wp-json\/wp\/v2\/types\/post"}],"author":[{"embeddable":true,"href":"https:\/\/btm.sk\/WP\/wp-json\/wp\/v2\/users\/2"}],"replies":[{"embeddable":true,"href":"https:\/\/btm.sk\/WP\/wp-json\/wp\/v2\/comments?post=1667"}],"version-history":[{"count":1,"href":"https:\/\/btm.sk\/WP\/wp-json\/wp\/v2\/posts\/1667\/revisions"}],"predecessor-version":[{"id":2298,"href":"https:\/\/btm.sk\/WP\/wp-json\/wp\/v2\/posts\/1667\/revisions\/2298"}],"wp:attachment":[{"href":"https:\/\/btm.sk\/WP\/wp-json\/wp\/v2\/media?parent=1667"}],"wp:term":[{"taxonomy":"category","embeddable":true,"href":"https:\/\/btm.sk\/WP\/wp-json\/wp\/v2\/categories?post=1667"},{"taxonomy":"post_tag","embeddable":true,"href":"https:\/\/btm.sk\/WP\/wp-json\/wp\/v2\/tags?post=1667"}],"curies":[{"name":"wp","href":"https:\/\/api.w.org\/{rel}","templated":true}]}}