{"id":1665,"date":"2007-06-13T20:04:36","date_gmt":"2007-06-13T18:04:36","guid":{"rendered":"http:\/\/btm.sk\/WP\/2007\/06\/13\/nieco-o-pokoji\/"},"modified":"2018-05-17T23:12:46","modified_gmt":"2018-05-17T21:12:46","slug":"nieco-o-pokoji","status":"publish","type":"post","link":"https:\/\/btm.sk\/WP\/2007\/06\/13\/nieco-o-pokoji\/","title":{"rendered":"NIE\u010cO O POKOJI"},"content":{"rendered":"<p><span class=\"text\">Pokoj v\u00e1m zanech\u00e1vam, svoj pokoj v\u00e1m d\u00e1vam&#8230; (J\u00e1n, 14,27)<\/span><br \/>\n<!--more--><br \/>\nV\u0161etci t\u00fa\u017eime po skuto\u010dnom pokoji na ka\u017ed\u00fd de\u0148. Vieme v\u0161ak, ako a kde ho z\u00edska\u0165? V na\u0161om \u017eivote m\u00f4\u017eeme pre\u017e\u00edva\u0165 pokoj, ten v\u0161ak pramen\u00ed len z na\u0161ej nevedomosti. Ke\u010f si potom uvedom\u00edme realitu \u017eivota, r\u00fdchlo ho str\u00e1came. Skuto\u010dn\u00fd vn\u00fatorn\u00fd pokoj m\u00f4\u017eeme z\u00edska\u0165 len od Je\u017ei\u0161a Krista. N\u00e1\u0161 P\u00e1n toti\u017e pokoj aj tvor\u00ed. Prijali sme v\u00f4bec niekedy to, o \u010dom Je\u017ei\u0161 hovor\u00ed: \u201eSvoj pokoj v\u00e1m d\u00e1vam&#8230;\u201c? To je pokoj vyvolan\u00fd poh\u013eadom na Jeho tv\u00e1r, porozumen\u00edm a prijat\u00edm Jeho ut\u00ed\u0161enia.<br \/>\nZnepokojuje v\u00e1s nie\u010do? Boj\u00edte sa v\u013an a b\u00farok, ktor\u00e9 Boh vo svojej zvrchovanosti dop\u00fa\u0161\u0165a vo va\u0161om \u017eivote? Ste nimi zm\u00e4ten\u00ed? H\u013eadali ste u\u017e vierou, a predsa ste nena\u0161li nijak\u00fa stud\u0148u pokoja, radosti a \u00fatechy? Zd\u00e1 sa v\u00e1m, \u017ee \u017eijete neplodn\u00fdm \u017eivotom? Uprite svoj poh\u013ead hore a prijmite ut\u00ed\u0161enie a pokoj P\u00e1na Je\u017ei\u0161a. Ak bude na v\u00e1s tento Jeho pokoj vidie\u0165, bude to d\u00f4kaz, \u017ee m\u00e1te s Bohom spr\u00e1vny vz\u0165ah. Potom k Nemu m\u00f4\u017eete slobodne prich\u00e1dza\u0165. Ak v\u00e1\u0161 vz\u0165ah k Bohu nie je v poriadku, nedok\u00e1\u017eete myslie\u0165 na ni\u010d in\u00e9, len na seba. Potom sa pok\u00fa\u0161ate dosta\u0165 zo svojich probl\u00e9mov sami, br\u00e1nite Jeho snahe a pomoci a dostanete to, \u010do si zasl\u00fa\u017eite. Nepo\u010d\u00edtate s N\u00edm vo svojom \u017eivote. Ak dovol\u00edte, aby v\u00e1m \u010doko\u013evek zakr\u00fdvalo tv\u00e1r Je\u017ei\u0161a Krista, v\u00fdsledkom bude nepokoj alebo len falo\u0161n\u00fd pocit bezpe\u010dia.<br \/>\nUpierate vo svojom tr\u00e1pen\u00ed zrak na Je\u017ei\u0161a, prij\u00edmate od Neho pokoj? Zlo\u017ete v\u0161etko k Jeho noh\u00e1m! Je\u017ei\u0161 sa potom stane zdrojom pokoja pre v\u00e1s aj pre druh\u00fdch.<br \/>\n(pod\u013ea Oswalda Chambersa)<\/p>\n","protected":false},"excerpt":{"rendered":"<p>Pokoj v\u00e1m zanech\u00e1vam, svoj pokoj v\u00e1m d\u00e1vam&#8230; (J\u00e1n, 14,27)<\/p>\n","protected":false},"author":2,"featured_media":0,"comment_status":"closed","ping_status":"open","sticky":false,"template":"","format":"standard","meta":[],"categories":[9],"tags":[],"_links":{"self":[{"href":"https:\/\/btm.sk\/WP\/wp-json\/wp\/v2\/posts\/1665"}],"collection":[{"href":"https:\/\/btm.sk\/WP\/wp-json\/wp\/v2\/posts"}],"about":[{"href":"https:\/\/btm.sk\/WP\/wp-json\/wp\/v2\/types\/post"}],"author":[{"embeddable":true,"href":"https:\/\/btm.sk\/WP\/wp-json\/wp\/v2\/users\/2"}],"replies":[{"embeddable":true,"href":"https:\/\/btm.sk\/WP\/wp-json\/wp\/v2\/comments?post=1665"}],"version-history":[{"count":1,"href":"https:\/\/btm.sk\/WP\/wp-json\/wp\/v2\/posts\/1665\/revisions"}],"predecessor-version":[{"id":2300,"href":"https:\/\/btm.sk\/WP\/wp-json\/wp\/v2\/posts\/1665\/revisions\/2300"}],"wp:attachment":[{"href":"https:\/\/btm.sk\/WP\/wp-json\/wp\/v2\/media?parent=1665"}],"wp:term":[{"taxonomy":"category","embeddable":true,"href":"https:\/\/btm.sk\/WP\/wp-json\/wp\/v2\/categories?post=1665"},{"taxonomy":"post_tag","embeddable":true,"href":"https:\/\/btm.sk\/WP\/wp-json\/wp\/v2\/tags?post=1665"}],"curies":[{"name":"wp","href":"https:\/\/api.w.org\/{rel}","templated":true}]}}