{"id":1662,"date":"2007-05-02T17:55:39","date_gmt":"2007-05-02T15:55:39","guid":{"rendered":"http:\/\/btm.sk\/WP\/2007\/05\/02\/den-matiek-nezabudnite\/"},"modified":"2018-05-17T23:13:27","modified_gmt":"2018-05-17T21:13:27","slug":"den-matiek-nezabudnite","status":"publish","type":"post","link":"https:\/\/btm.sk\/WP\/2007\/05\/02\/den-matiek-nezabudnite\/","title":{"rendered":"DE\u0147 MATIEK &#8211; NEZABUDNITE!"},"content":{"rendered":"<p><span class=\"text\">Bl\u00ed\u017ei sa sviatok matiek, ktor\u00fd sl\u00e1vime v\u017edy 2. m\u00e1jov\u00fa nede\u013eu. Tento rok pripad\u00e1 na nede\u013eu 13. 5. Ak e\u0161te m\u00e1me mo\u017enos\u0165, po\u010fakujme sa na\u0161im matk\u00e1m za v\u0161etko, \u010do pre n\u00e1s urobili \u010di e\u0161te st\u00e1le robia. Prejavujme im v\u010fa\u010dnos\u0165 nielen v tento jeden de\u0148 v roku, ale spl\u00e1cajme im ich l\u00e1sku pri ka\u017edej pr\u00edle\u017eitosti. Modlime sa za svoje mami\u010dky i za oboch rodi\u010dov, za ich zdravie a svie\u017eos\u0165, za to, aby im Boh \u017eehnal a sprev\u00e1dzal ich v \u010fal\u0161\u00edch d\u0148och \u017eivota. <\/span><br \/>\n<!--more--><br \/>\nNa povzbudenie v\u0161etk\u00fdm mami\u010dk\u00e1m pon\u00fakame zauj\u00edmav\u00fd pr\u00edbeh:<br \/>\nMoja priate\u013eka Ema mi raz rozpr\u00e1vala pr\u00edhodu, ktor\u00e1 sa jej stala, ke\u010f vybavovala nejak\u00e9 dokumenty. Pracovn\u00ed\u010dka na \u00farade sa jej sp\u00fdtala na zamestnanie. Ema na chv\u00ed\u013eu zav\u00e1hala, rozm\u00fd\u0161\u013eala, ako m\u00e1 najvhodnej\u0161ie op\u00edsa\u0165 svoju \u010dinnos\u0165. \u00daradn\u00ed\u010dka sa pok\u00fasila ot\u00e1zku upresni\u0165: \u201ePracujete, alebo ste len\u2026?\u201c \u201ePrirodzene, \u017ee pracujem\u201c, odpovedala Ema trochu podr\u00e1\u017edene, \u201esom matka.\u201c \u201eMatka sa ned\u00e1 zap\u00edsa\u0165 ako zamestnanie\u201c, vysvetlila jej \u00faradn\u00ed\u010dka. \u201eNap\u00ed\u0161em teda: v dom\u00e1cnosti\u2026\u201c<br \/>\nNed\u00e1vno som si na t\u00fato Eminu pr\u00edhodu spomenula, lebo som sa sama ocitla v rovnakej situ\u00e1cii. Taktie\u017e som bola na \u00farade. \u017dena, oproti ktorej som sedela, p\u00f4sobila dojmom sebaistej karieristky. \u201eAk\u00e9 je Va\u0161e zamestnanie?\u201c, sp\u00fdtala sa vecne. Tak som za\u010dala, slov\u00e1 mi plynuli z \u00fast sam\u00e9 od seba: \u201ePracujem vo v\u00fdskume v oblasti detsk\u00e9ho v\u00fdvoja a medzi\u013eudsk\u00fdch vz\u0165ahov\u201c. \u00daradn\u00ed\u010dka sa zarazila a pozrela sa na m\u0148a, ako by dobre nepo\u010dula. Potom v\u0161etko, slovo za slovom, nap\u00edsala \u010diernym perom do ofici\u00e1lneho formul\u00e1ra. \u201eSmiem sa sp\u00fdta\u0165, \u010d\u00edm sa Va\u0161a pr\u00e1ca zaober\u00e1 konkr\u00e9tne?\u201c V jej hlase bolo c\u00edti\u0165 zvedavos\u0165. Uvo\u013enen\u00e1, bez ak\u00e9hoko\u013evek n\u00e1znaku neistoty, som sa po\u010dula, ako hovor\u00edm: \u201ePracujem na dlhodobom v\u00fdskumnom programe (ktor\u00e1 matka ho nem\u00e1), a to striedavo v prev\u00e1dzke aj v laborat\u00f3riu (aktivity doma aj mimo domova), pracujem z poverenia akad\u00e9mie vied (celej rodiny) a m\u00e1m \u0161tyri paralelne prebiehaj\u00face projekty (v\u0161etko dc\u00e9ry). Pr\u00e1ca, ktor\u00fa rob\u00edm, je ur\u010dite jedna z najn\u00e1ro\u010dnej\u0161\u00edch (m\u00e1 vari nejak\u00e1 matka proti tomu n\u00e1mietky?), som v\u00e4\u010d\u0161inou zamestnan\u00e1 14 hod\u00edn denne (24 hod\u00edn by v\u0161ak bolo asi uvies\u0165 vhodnej\u0161ie). Moje zamestnanie je n\u00e1ro\u010dnej\u0161ie ako v\u00e4\u010d\u0161ina povolan\u00ed, av\u0161ak v\u00fdsledky mojej pr\u00e1ce mi prin\u00e1\u0161aj\u00fa v\u00e4\u010d\u0161ie uspokojenie ako s\u00fa len peniaze.\u201c Z hlasu \u00faradn\u00ed\u010dky bolo c\u00edti\u0165 ve\u013ek\u00fd re\u0161pekt. Ke\u010f doplnila formul\u00e1r, vyprevadila ma a\u017e k dver\u00e1m a milo sa rozl\u00fa\u010dila.<br \/>\nDoma som o tom e\u0161te rozm\u00fd\u0161\u013eala, bola som nad\u0161en\u00e1 t\u00fdmto nov\u00fdm poh\u013eadom na svoju kari\u00e9ru. Moje v\u00fdskumn\u00e9 objekty vo veku trin\u00e1s\u0165, sedem a tri roky ma nad\u0161ene v\u00edtali. Z horn\u00e9ho laborat\u00f3ria, z podkrovnej izby, som po\u010dula, ako m\u00f4j najnov\u0161\u00ed experiment, \u0161es\u0165 mesiacov star\u00fd, d\u00e1va vo\u013en\u00fd priechod svojim hlasivk\u00e1m. M\u00e1lokedy som sa c\u00edtila tak\u00e1 d\u00f4le\u017eit\u00e1 a ohodnoten\u00e1 vo svojom zamestnan\u00ed. Vo svete titulov a diplomov sa mi dostalo z ofici\u00e1lnej strany re\u0161pektu a \u00facty, a to len preto, \u017ee som svoju pr\u00e1cu predstavila trochu inak, nenazvala som sa jednoducho len matkou.<br \/>\n(Som matka, z \u010dasopisu Impulz)<\/p>\n","protected":false},"excerpt":{"rendered":"<p>Bl\u00ed\u017ei sa sviatok matiek, ktor\u00fd sl\u00e1vime v\u017edy 2. m\u00e1jov\u00fa nede\u013eu. Tento rok pripad\u00e1 na nede\u013eu 13. 5. Ak e\u0161te m\u00e1me mo\u017enos\u0165, po\u010fakujme sa na\u0161im matk\u00e1m za v\u0161etko, \u010do pre n\u00e1s urobili \u010di e\u0161te st\u00e1le robia. Prejavujme im v\u010fa\u010dnos\u0165 nielen v tento jeden de\u0148 v roku, ale spl\u00e1cajme im ich l\u00e1sku pri ka\u017edej pr\u00edle\u017eitosti. Modlime sa [&hellip;]<\/p>\n","protected":false},"author":2,"featured_media":0,"comment_status":"closed","ping_status":"open","sticky":false,"template":"","format":"standard","meta":[],"categories":[9],"tags":[],"_links":{"self":[{"href":"https:\/\/btm.sk\/WP\/wp-json\/wp\/v2\/posts\/1662"}],"collection":[{"href":"https:\/\/btm.sk\/WP\/wp-json\/wp\/v2\/posts"}],"about":[{"href":"https:\/\/btm.sk\/WP\/wp-json\/wp\/v2\/types\/post"}],"author":[{"embeddable":true,"href":"https:\/\/btm.sk\/WP\/wp-json\/wp\/v2\/users\/2"}],"replies":[{"embeddable":true,"href":"https:\/\/btm.sk\/WP\/wp-json\/wp\/v2\/comments?post=1662"}],"version-history":[{"count":1,"href":"https:\/\/btm.sk\/WP\/wp-json\/wp\/v2\/posts\/1662\/revisions"}],"predecessor-version":[{"id":2303,"href":"https:\/\/btm.sk\/WP\/wp-json\/wp\/v2\/posts\/1662\/revisions\/2303"}],"wp:attachment":[{"href":"https:\/\/btm.sk\/WP\/wp-json\/wp\/v2\/media?parent=1662"}],"wp:term":[{"taxonomy":"category","embeddable":true,"href":"https:\/\/btm.sk\/WP\/wp-json\/wp\/v2\/categories?post=1662"},{"taxonomy":"post_tag","embeddable":true,"href":"https:\/\/btm.sk\/WP\/wp-json\/wp\/v2\/tags?post=1662"}],"curies":[{"name":"wp","href":"https:\/\/api.w.org\/{rel}","templated":true}]}}