{"id":1656,"date":"2007-01-24T23:56:22","date_gmt":"2007-01-24T22:56:22","guid":{"rendered":"http:\/\/btm.sk\/WP\/2007\/01\/24\/komu-davame-svoju-lasku\/"},"modified":"2018-05-17T23:14:56","modified_gmt":"2018-05-17T21:14:56","slug":"komu-davame-svoju-lasku","status":"publish","type":"post","link":"https:\/\/btm.sk\/WP\/2007\/01\/24\/komu-davame-svoju-lasku\/","title":{"rendered":"KOMU D\u00c1VAME SVOJU L\u00c1SKU?"},"content":{"rendered":"<p><span class=\"text\">Pre v\u00e4\u010d\u0161inu \u013eud\u00ed je l\u00e1ska \u010dosi neur\u010dit\u00e9. Ke\u010f o nej hovoria, ani vlastne poriadne nevedia, \u010do maj\u00fa na mysli. L\u00e1ska je v\u0161ak tou najvzne\u0161enej\u0161ou prednos\u0165ou, ktor\u00fa d\u00e1va jedna osoba druhej.<\/span><br \/>\n<!--more--><br \/>\nV duchovnej oblasti si tak\u00fd zvrchovan\u00fd n\u00e1rok rob\u00ed Je\u017ei\u0161 Kristus. Oby\u010dajne na za\u010diatku, ke\u010f sa Bo\u017eia l\u00e1ska vyliala prostredn\u00edctvom Ducha Sv\u00e4t\u00e9ho do n\u00e1\u0161ho srdca, nie je \u0165a\u017ek\u00e9 ma\u0165 Je\u017ei\u0161a na prvom mieste. Prav\u00e1 l\u00e1ska poch\u00e1dzaj\u00faca od Boha sa v\u0161ak neprejav\u00ed na n\u00e1s za jeden de\u0148. Niektor\u00ed sa do nej m\u00f4\u017eu aj n\u00fati\u0165, av\u0161ak \u010doskoro bud\u00fa unaven\u00ed a sklaman\u00ed.<br \/>\nDuch Sv\u00e4t\u00fd n\u00e1m zjavuje, \u017ee si n\u00e1s Boh nezamiloval preto, \u017ee by sme toho boli hodn\u00ed, ale preto, \u017ee to je vlastne Bo\u017eia prirodzenos\u0165. A teraz n\u00e1m prikazuje, aby sme aj my tak milovali druh\u00fdch. Hovor\u00ed: Privediem k v\u00e1m ve\u013ea r\u00f4znych \u013eud\u00ed, aj im mus\u00edte da\u0165 svoju l\u00e1sku. Tak, ako som ju dal ja v\u00e1m. Nesmie to by\u0165 len nejak\u00e1 pov\u00fd\u0161eneck\u00e1 l\u00e1skavos\u0165 vo\u010di niekomu, kto je mi nepr\u00edjemn\u00fd. Sta\u010d\u00ed si spomen\u00fa\u0165 a zamyslie\u0165 sa nad t\u00fdm, ako \u00fa\u017easne Boh jednal so mnou, s akou trpezlivos\u0165ou a milos\u0165ou. Poznanie, ako bezhrani\u010dne ma Boh miloval, ma prin\u00fati k tomu, aby som i\u0161iel do sveta a rovnako miloval v\u0161etk\u00fdch \u013eud\u00ed. Som pripraven\u00fd stoto\u017eni\u0165 sa s P\u00e1nom Je\u017ei\u0161om nato\u013eko, aby moj\u00edm prostredn\u00edctvom neust\u00e1le pr\u00fadil Jeho \u017eivot a Jeho v\u013e\u00fadnos\u0165? (Oswald Chambers)<\/p>\n","protected":false},"excerpt":{"rendered":"<p>Pre v\u00e4\u010d\u0161inu \u013eud\u00ed je l\u00e1ska \u010dosi neur\u010dit\u00e9. Ke\u010f o nej hovoria, ani vlastne poriadne nevedia, \u010do maj\u00fa na mysli. L\u00e1ska je v\u0161ak tou najvzne\u0161enej\u0161ou prednos\u0165ou, ktor\u00fa d\u00e1va jedna osoba druhej.<\/p>\n","protected":false},"author":2,"featured_media":0,"comment_status":"closed","ping_status":"open","sticky":false,"template":"","format":"standard","meta":[],"categories":[9],"tags":[],"_links":{"self":[{"href":"https:\/\/btm.sk\/WP\/wp-json\/wp\/v2\/posts\/1656"}],"collection":[{"href":"https:\/\/btm.sk\/WP\/wp-json\/wp\/v2\/posts"}],"about":[{"href":"https:\/\/btm.sk\/WP\/wp-json\/wp\/v2\/types\/post"}],"author":[{"embeddable":true,"href":"https:\/\/btm.sk\/WP\/wp-json\/wp\/v2\/users\/2"}],"replies":[{"embeddable":true,"href":"https:\/\/btm.sk\/WP\/wp-json\/wp\/v2\/comments?post=1656"}],"version-history":[{"count":1,"href":"https:\/\/btm.sk\/WP\/wp-json\/wp\/v2\/posts\/1656\/revisions"}],"predecessor-version":[{"id":2309,"href":"https:\/\/btm.sk\/WP\/wp-json\/wp\/v2\/posts\/1656\/revisions\/2309"}],"wp:attachment":[{"href":"https:\/\/btm.sk\/WP\/wp-json\/wp\/v2\/media?parent=1656"}],"wp:term":[{"taxonomy":"category","embeddable":true,"href":"https:\/\/btm.sk\/WP\/wp-json\/wp\/v2\/categories?post=1656"},{"taxonomy":"post_tag","embeddable":true,"href":"https:\/\/btm.sk\/WP\/wp-json\/wp\/v2\/tags?post=1656"}],"curies":[{"name":"wp","href":"https:\/\/api.w.org\/{rel}","templated":true}]}}