{"id":1634,"date":"2005-11-08T07:51:27","date_gmt":"2005-11-08T06:51:27","guid":{"rendered":"http:\/\/btm.sk\/WP\/2005\/11\/08\/spristupnenie-kostola-pre-verejnost\/"},"modified":"2018-05-17T23:22:34","modified_gmt":"2018-05-17T21:22:34","slug":"spristupnenie-kostola-pre-verejnost","status":"publish","type":"post","link":"https:\/\/btm.sk\/WP\/2005\/11\/08\/spristupnenie-kostola-pre-verejnost\/","title":{"rendered":"SPR\u00cdSTUPNENIE KOSTOLA PRE VEREJNOS\u0164"},"content":{"rendered":"<p><span class=\"text\">S touto my\u0161lienkou sme pri\u0161li za br. far\u00e1rom Mgr. L. Bedn\u00e1rom e\u0161te vlani, preto\u017ee n\u00e1\u0161 chr\u00e1m Sv. Trojice je dominantou n\u00e1mestia v centre Popradu. V\u0161imli sme si toti\u017e, \u017ee ve\u013ea n\u00e1v\u0161tevn\u00edkov mesta sa pok\u00fa\u0161alo dosta\u0165 dnu, av\u0161ak zbyto\u010dne, preto\u017ee kostol b\u00fdval, hlavne v lete, zamknut\u00fd.<\/span><br \/>\n<!--more--><br \/>\nrat far\u00e1r nebol proti, jeho podmienkou bolo iba to, aby to mal niekto na starosti. Po sk\u00fasenostiach z vla\u0148aj\u0161ka, ke\u010f kostol nav\u0161t\u00edvilo cca 40 \u013eud\u00ed denne, sme prosili n\u00e1\u0161ho nebesk\u00e9ho Otca, aby aj teraz po\u017eehnal na\u0161e \u00fasilie. Spo\u010diatku, podobne ako vlani, sme zabezpe\u010dovali slu\u017ebu dvakr\u00e1t v t\u00fd\u017edni v stredu a piatok od 16.00 do 18.00 (od 15. 6. do 15. 9.).<br \/>\nSl\u00fa\u017ete Hospodinovi v\u0161etky n\u00e1rody, s rados\u0165ou vch\u00e1dzajte do jeho br\u00e1n \u2013 t\u00e1to rados\u0165 n\u00e1s viedla k tomu, \u017ee sme roz\u0161\u00edrili na\u0161u slu\u017ebu o utorok a \u0161tvrtok v \u010dase od 10.00 do 12.00. Slu\u017ebu zabezpe\u010duj\u00fa ml\u00e1de\u017en\u00edci n\u00e1\u0161ho cirkevn\u00e9ho zboru. Aj teraz m\u00e1me ve\u013ea n\u00e1v\u0161tevn\u00edkov, s\u00fa to hlavne Nemci, \u010cesi, Ma\u010fari, po anglicky a po rusky hovoriaci turistu, Poliaci, samozrejme Slov\u00e1ci a prekvapili n\u00e1s aj Japonci. Spolupracujeme aj s Mestsk\u00fdm informa\u010dn\u00fdm centrom, novinami Poprad a miestnou TV, ktor\u00ed informuj\u00fa o mo\u017enosti prehliadky chr\u00e1mu. Pre host\u00ed m\u00e1me pripraven\u00e9 inform\u00e1cie o hist\u00f3rii kostola v nem\u010dine, angli\u010dtine, ma\u010far\u010dine a po\u013e\u0161tine. Pripravujeme aj rusk\u00fd preklad, ktor\u00fd je dos\u0165 \u017eiadan\u00fd. Vstup je bezplatn\u00fd, av\u0161ak n\u00e1jdu sa aj tak\u00ed n\u00e1v\u0161tevn\u00edci, ktor\u00ed prispej\u00fa milodarom. Zauj\u00edmav\u00e9 s\u00fa n\u00e1v\u0161tevy Poprad\u010danov, ktor\u00ed s\u00fa in\u00e9ho vierovyznania a ktor\u00ed nav\u0161t\u00edvili n\u00e1\u0161 kostol po prv\u00fdkr\u00e1t, hoci tu b\u00fdvaj\u00fa nieko\u013eko rokov.<br \/>\nPrajeme aj ostatn\u00fdm cirkevn\u00fdm zborom, aby sa zamysleli, \u010di by nebolo vhodn\u00e9 podobn\u00fdm sp\u00f4sobom spr\u00edstupni\u0165 aj ich chr\u00e1m.<br \/>\nKr\u00e1\u013eovia zeme, v\u0161etky n\u00e1rody, knie\u017eat\u00e1, v\u0161etci sudcovia zeme, ml\u00e1denci aj panny, starci aj ml\u00e1de\u017e! Nech chv\u00e1lia meno Hospodinovo, bo jedin\u00e9 Jeho meno je vyv\u00fd\u0161en\u00e9, Jeho veleba nad zemou a nebom. (\u017dalm 148,11-13)<br \/>\n(Stanislav Ra\u010dko, ECAV Poprad)<\/p>\n","protected":false},"excerpt":{"rendered":"<p>S touto my\u0161lienkou sme pri\u0161li za br. far\u00e1rom Mgr. L. Bedn\u00e1rom e\u0161te vlani, preto\u017ee n\u00e1\u0161 chr\u00e1m Sv. Trojice je dominantou n\u00e1mestia v centre Popradu. V\u0161imli sme si toti\u017e, \u017ee ve\u013ea n\u00e1v\u0161tevn\u00edkov mesta sa pok\u00fa\u0161alo dosta\u0165 dnu, av\u0161ak zbyto\u010dne, preto\u017ee kostol b\u00fdval, hlavne v lete, zamknut\u00fd.<\/p>\n","protected":false},"author":2,"featured_media":0,"comment_status":"closed","ping_status":"open","sticky":false,"template":"","format":"standard","meta":[],"categories":[3],"tags":[],"_links":{"self":[{"href":"https:\/\/btm.sk\/WP\/wp-json\/wp\/v2\/posts\/1634"}],"collection":[{"href":"https:\/\/btm.sk\/WP\/wp-json\/wp\/v2\/posts"}],"about":[{"href":"https:\/\/btm.sk\/WP\/wp-json\/wp\/v2\/types\/post"}],"author":[{"embeddable":true,"href":"https:\/\/btm.sk\/WP\/wp-json\/wp\/v2\/users\/2"}],"replies":[{"embeddable":true,"href":"https:\/\/btm.sk\/WP\/wp-json\/wp\/v2\/comments?post=1634"}],"version-history":[{"count":1,"href":"https:\/\/btm.sk\/WP\/wp-json\/wp\/v2\/posts\/1634\/revisions"}],"predecessor-version":[{"id":2331,"href":"https:\/\/btm.sk\/WP\/wp-json\/wp\/v2\/posts\/1634\/revisions\/2331"}],"wp:attachment":[{"href":"https:\/\/btm.sk\/WP\/wp-json\/wp\/v2\/media?parent=1634"}],"wp:term":[{"taxonomy":"category","embeddable":true,"href":"https:\/\/btm.sk\/WP\/wp-json\/wp\/v2\/categories?post=1634"},{"taxonomy":"post_tag","embeddable":true,"href":"https:\/\/btm.sk\/WP\/wp-json\/wp\/v2\/tags?post=1634"}],"curies":[{"name":"wp","href":"https:\/\/api.w.org\/{rel}","templated":true}]}}