{"id":1633,"date":"2005-11-08T07:50:32","date_gmt":"2005-11-08T06:50:32","guid":{"rendered":"http:\/\/btm.sk\/WP\/2005\/11\/08\/4-celoslovensky-evanjelicky-festival\/"},"modified":"2018-05-17T23:22:56","modified_gmt":"2018-05-17T21:22:56","slug":"4-celoslovensky-evanjelicky-festival","status":"publish","type":"post","link":"https:\/\/btm.sk\/WP\/2005\/11\/08\/4-celoslovensky-evanjelicky-festival\/","title":{"rendered":"4. CELOSLOVENSK\u00dd EVANJELICK\u00dd FESTIVAL"},"content":{"rendered":"<p><span class=\"text\">4. Celoslovensk\u00fd evanjelick\u00fd festival, ktor\u00fd sa konal v d\u0148och 30. \u2013 31. j\u00fala 2005 v Ru\u017eomberku, nav\u0161t\u00edvilo asi 10 tis\u00edc \u013eud\u00ed z cel\u00e9ho Slovenska. Festival mal t\u00e9mu Kristus oslobodzuje k l\u00e1ske a pripravila ho Evanjelick\u00e1 cirkev a.v. na Slovensku.<\/span><br \/>\n<!--more--><br \/>\n<img src=\"img\/articles\/evang-05a-03.jpg\" align=\"right\" alt=\"\"><br \/>\n\u00da\u010dastn\u00edci festivalu mohli nav\u0161t\u00edvi\u0165 slu\u017eby Bo\u017eie, semin\u00e1re, v\u00fdstavy, vyst\u00fapenia, koncert, operu, r\u00f4zne duchovn\u00e9 a umeleck\u00e9 prezent\u00e1cie, ktor\u00e9 s\u00fa s\u00fa\u010das\u0165ou bohoslu\u017eobn\u00e9ho, cirkevn\u00e9ho a duchovno-kult\u00farneho \u017eivota evanjelickej cirkvi. Festivalu sa z\u00fa\u010dastnili hostia z partnersk\u00fdch a sestersk\u00fdch evanjelick\u00fdch cirkv\u00ed v zahrani\u010d\u00ed: duchovn\u00ed z \u010ceskej republiky, Po\u013eska, Rak\u00faska, Ma\u010farska, Nemecka, Srbska a \u010ciernej Hory, N\u00f3rska, \u0160vaj\u010diarska, \u0160v\u00e9dska, USA a Eti\u00f3pie, mision\u00e1ri p\u00f4sobiaci v Rumunsku, Rusku a Chorv\u00e1tsku a taktie\u017e z\u00e1stupcovia politick\u00e9ho a spolo\u010densk\u00e9ho \u017eivota SR. <\/p>\n<p>Festival bol otvoren\u00fd t\u00e9mou Ako dom\u00e1ci Bo\u017e\u00ed o\u017eivujme korene viery. Popoludn\u00ed si \u00fa\u010dastn\u00edci festivalu mohli vypo\u010du\u0165 liter\u00e1rne p\u00e1smo z kore\u0161podencie Daniela Krmana a Mateja Bela, nav\u0161t\u00edvi\u0165 prezent\u00e1cie a v\u00fdstavy evanjelick\u00fdch spolo\u010denstiev a organiz\u00e1ci\u00ed, \u010di vybra\u0165 si jeden zo 16 semin\u00e1rov. Duchovn\u00e9 posilnenie a povzbudenie vo viere mohli na\u010derpa\u0165 na ve\u010dern\u00fdch slu\u017eb\u00e1ch. Sobot\u0148aj\u0161\u00ed program festivalu uzavrel na Zimnom \u0161tadi\u00f3ne No\u010dn\u00fd koncert, na ktorom vyst\u00fapil Mu\u017esk\u00fd spev\u00e1cky zbor Sliezskej evanjelickej cirkvi a.v., Sisa Sklovsk\u00e1, Jan Bal\u00e1\u017e, Berco Balogh, Katka Ko\u0161\u010dov\u00e1 a orchester Gustava Broma.<br \/>\nNede\u013en\u00fd program 4. CEF pokra\u010doval na Zimnom \u0161tadi\u00f3ne hlavn\u00fdmi slu\u017ebami Bo\u017e\u00edmi s t\u00e9mou Kristus n\u00e1s oslobodil k l\u00e1ske, ktor\u00e9 v priamom prenose odvysielala ST.<br \/>\nPo\u010das slu\u017eieb Bo\u017e\u00edch sa uskuto\u010dnilo tie\u017e po\u017eehnanie a vyslanie misijn\u00fdch<br \/>\npracovn\u00edkov ECAV na Slovensku, ktor\u00ed bud\u00fa p\u00f4sobi\u0165 v Chorv\u00e1tsku a Rusku.<br \/>\nNede\u013en\u00e9 festivalov\u00e9 popoludnie pokra\u010dovalo z\u00e1vere\u010dn\u00fdm zhroma\u017eden\u00edm s t\u00e9mou V jednej viere a spolo\u010dnej slu\u017ebe. Z\u00e1ver 4. Celoslovensk\u00e9ho evanjelick\u00e9ho festivalu patril opere Martin Luther.<br \/>\n(zdroj Tla\u010dov\u00fd a informa\u010dn\u00fd refer\u00e1t GB\u00da ECAV)<\/p>\n<p><img src=\"img\/articles\/evang-05a-02.jpg\"><\/p>\n<p><img src=\"img\/articles\/evang-05a-05.jpg\"><\/p>\n<p><img src=\"img\/articles\/evang-05a-04.jpg\"><\/p>\n<p><img src=\"img\/articles\/evang-05a-16.jpg\"><\/p>\n<p><img src=\"img\/articles\/evang-05-15.jpg\"><\/p>\n","protected":false},"excerpt":{"rendered":"<p>4. Celoslovensk\u00fd evanjelick\u00fd festival, ktor\u00fd sa konal v d\u0148och 30. \u2013 31. j\u00fala 2005 v Ru\u017eomberku, nav\u0161t\u00edvilo asi 10 tis\u00edc \u013eud\u00ed z cel\u00e9ho Slovenska. Festival mal t\u00e9mu Kristus oslobodzuje k l\u00e1ske a pripravila ho Evanjelick\u00e1 cirkev a.v. na Slovensku.<\/p>\n","protected":false},"author":2,"featured_media":0,"comment_status":"closed","ping_status":"open","sticky":false,"template":"","format":"standard","meta":[],"categories":[7],"tags":[],"_links":{"self":[{"href":"https:\/\/btm.sk\/WP\/wp-json\/wp\/v2\/posts\/1633"}],"collection":[{"href":"https:\/\/btm.sk\/WP\/wp-json\/wp\/v2\/posts"}],"about":[{"href":"https:\/\/btm.sk\/WP\/wp-json\/wp\/v2\/types\/post"}],"author":[{"embeddable":true,"href":"https:\/\/btm.sk\/WP\/wp-json\/wp\/v2\/users\/2"}],"replies":[{"embeddable":true,"href":"https:\/\/btm.sk\/WP\/wp-json\/wp\/v2\/comments?post=1633"}],"version-history":[{"count":1,"href":"https:\/\/btm.sk\/WP\/wp-json\/wp\/v2\/posts\/1633\/revisions"}],"predecessor-version":[{"id":2332,"href":"https:\/\/btm.sk\/WP\/wp-json\/wp\/v2\/posts\/1633\/revisions\/2332"}],"wp:attachment":[{"href":"https:\/\/btm.sk\/WP\/wp-json\/wp\/v2\/media?parent=1633"}],"wp:term":[{"taxonomy":"category","embeddable":true,"href":"https:\/\/btm.sk\/WP\/wp-json\/wp\/v2\/categories?post=1633"},{"taxonomy":"post_tag","embeddable":true,"href":"https:\/\/btm.sk\/WP\/wp-json\/wp\/v2\/tags?post=1633"}],"curies":[{"name":"wp","href":"https:\/\/api.w.org\/{rel}","templated":true}]}}