{"id":1626,"date":"2005-06-23T07:13:04","date_gmt":"2005-06-23T05:13:04","guid":{"rendered":"http:\/\/btm.sk\/WP\/2005\/06\/23\/byt-spravne-zakoreneny\/"},"modified":"2018-05-17T23:25:17","modified_gmt":"2018-05-17T21:25:17","slug":"byt-spravne-zakoreneny","status":"publish","type":"post","link":"https:\/\/btm.sk\/WP\/2005\/06\/23\/byt-spravne-zakoreneny\/","title":{"rendered":"BY\u0164 SPR\u00c1VNE ZAKORENEN\u00dd"},"content":{"rendered":"<p><span class=\"text\">Po\u017eehnan\u00fd mu\u017e, ktor\u00fd sa nadeje na Hospodina a ktor\u00e9ho n\u00e1dejou je Hospodin. A bude ako strom, zasaden\u00fd nad vodami, a ktor\u00fd zapustil svoje korene nad riekou; nebude sa b\u00e1\u0165, ke\u010f pr\u00edde hor\u00fa\u010dava, ale jeho list bude zelen\u00fd, ani sa nebude stara\u0165 v such\u00fd rok, ani neprestane rodi\u0165 ovocie. (Biblia, prorok Jeremi\u00e1\u0161 17,7-8)<\/span><br \/>\n<!--more--><br \/>\nIste sa u\u017e te\u0161\u00edte na tepl\u00e9 letn\u00e9 dni, ke\u010f si budeme u\u017e\u00edva\u0165 hrejiv\u00e9 slne\u010dn\u00e9 l\u00fa\u010de na hor\u00e1ch \u010di pri vode. A ke\u010f budeme oddychova\u0165. No nie v\u0161etci m\u00e1me mo\u017enos\u0165 vycestova\u0165 na dlh\u00fa dovolenku, a tak sa n\u00e1m mo\u017eno predstava rozp\u00e1len\u00e9ho mesta nie ve\u013emi p\u00e1\u010di. V posledn\u00fdch rokoch toti\u017e b\u00fdva v letn\u00fdch mesiacoch pr\u00edli\u0161 hor\u00faco. V tak\u00fdch d\u0148och ka\u017ed\u00fd vyh\u013ead\u00e1va tie\u0148 a nejak\u00e9 osvie\u017eenie. Len\u017ee v uliciach mesta ho niet, tam e\u0161te aj domy a chodn\u00edky s\u00e1laj\u00fa teplo. Ak\u00e9 dobr\u00e9 je v\u0161ak ma\u0165 nabl\u00edzku nejak\u00fd park pln\u00fd kr\u00e1snych ko\u0161at\u00fdch stromov, pod ktor\u00fdmi si m\u00f4\u017eeme posedie\u0165 a osvie\u017ei\u0165 sa pr\u00edjemn\u00fdm v\u00e1nkom van\u00facim okolo nich.<br \/>\nTak\u00fdto pekn\u00fd a aktu\u00e1lny pr\u00edklad pou\u017eil aj biblick\u00fd prorok Jeremi\u00e1\u0161, ke\u010f chcel \u013eu\u010fom pribl\u00ed\u017eil, na koho sa maj\u00fa obr\u00e1ti\u0165 vo svojom \u017eivote, ktor\u00fd b\u00fdva pln\u00fd hork\u00fdch chv\u00ed\u013e, ako m\u00f4\u017eu obst\u00e1\u0165 v takej sk\u00fa\u0161ke a e\u0161te by\u0165 pre svoje okolie povzbuden\u00edm a pomocou. Lebo strom, ktor\u00fd rastie pri vode je st\u00e1le svie\u017eo zelen\u00fd \u2013 m\u00e1 dostatok vlahy a ani v hor\u00fa\u010dav\u00e1ch nepoci\u0165uje jej nedostatok. Navy\u0161e jeho bohat\u00e1 koruna b\u00fdva osvie\u017euj\u00facim \u00fakrytom pred hor\u00fa\u010davou pre v\u0161etko \u017eiv\u00e9.<br \/>\nPre \u013eud\u00ed je zdrojom osvie\u017euj\u00facej a \u017eivotodarnej vlahy potrebnej pre \u017eivot Boh. Pre ka\u017ed\u00e9ho \u010dloveka m\u00e1 to\u013eko sily, m\u00fadrosti a l\u00e1sky, ko\u013eko potrebuje. Dok\u00e1\u017eeme si v\u00f4bec predstavi\u0165, \u017ee zvrchovan\u00fd Boh, Stvorite\u013e a P\u00e1n vesm\u00edru, je n\u00e1m v\u017edy nabl\u00edzku? \u017de je n\u00e1m v\u017edy pripraven\u00fd pom\u00f4c\u0165? Je len na na\u0161u \u0161kodu, \u017ee na Neho zab\u00fadame, vz\u010fa\u013eujeme sa od Neho, a potom si nevieme rady. Na\u0161\u00edm poslan\u00edm je d\u00f4verova\u0165 Bohu a \u017ei\u0165 s N\u00edm \u2013 by\u0165 v \u0147om pevne zakorenen\u00fd, aby sme mohli na\u0161im bl\u00ed\u017enym poskytn\u00fa\u0165 osvie\u017euj\u00faci tie\u0148 Bo\u017eej l\u00e1sky. Potom aj v \u0165a\u017ek\u00fdch chv\u00ed\u013each budeme pln\u00ed Bo\u017eieho pokoja a \u013eudia v na\u0161om okol\u00ed po \u0148om ur\u010dite zat\u00fa\u017eia. Aj oni bud\u00fa chcie\u0165 spozna\u0165 Boha pln\u00e9ho milosrdenstva, z\u013eutovania a l\u00e1sky. A to je na\u0161ou a istotne aj va\u0161ou modlitbou a prian\u00edm, aby sme tak mohli prin\u00e1\u0161a\u0165 ovocie Jeho l\u00e1sky. <\/p>\n","protected":false},"excerpt":{"rendered":"<p>Po\u017eehnan\u00fd mu\u017e, ktor\u00fd sa nadeje na Hospodina a ktor\u00e9ho n\u00e1dejou je Hospodin. A bude ako strom, zasaden\u00fd nad vodami, a ktor\u00fd zapustil svoje korene nad riekou; nebude sa b\u00e1\u0165, ke\u010f pr\u00edde hor\u00fa\u010dava, ale jeho list bude zelen\u00fd, ani sa nebude stara\u0165 v such\u00fd rok, ani neprestane rodi\u0165 ovocie. (Biblia, prorok Jeremi\u00e1\u0161 17,7-8)<\/p>\n","protected":false},"author":2,"featured_media":0,"comment_status":"closed","ping_status":"open","sticky":false,"template":"","format":"standard","meta":[],"categories":[9],"tags":[],"_links":{"self":[{"href":"https:\/\/btm.sk\/WP\/wp-json\/wp\/v2\/posts\/1626"}],"collection":[{"href":"https:\/\/btm.sk\/WP\/wp-json\/wp\/v2\/posts"}],"about":[{"href":"https:\/\/btm.sk\/WP\/wp-json\/wp\/v2\/types\/post"}],"author":[{"embeddable":true,"href":"https:\/\/btm.sk\/WP\/wp-json\/wp\/v2\/users\/2"}],"replies":[{"embeddable":true,"href":"https:\/\/btm.sk\/WP\/wp-json\/wp\/v2\/comments?post=1626"}],"version-history":[{"count":1,"href":"https:\/\/btm.sk\/WP\/wp-json\/wp\/v2\/posts\/1626\/revisions"}],"predecessor-version":[{"id":2339,"href":"https:\/\/btm.sk\/WP\/wp-json\/wp\/v2\/posts\/1626\/revisions\/2339"}],"wp:attachment":[{"href":"https:\/\/btm.sk\/WP\/wp-json\/wp\/v2\/media?parent=1626"}],"wp:term":[{"taxonomy":"category","embeddable":true,"href":"https:\/\/btm.sk\/WP\/wp-json\/wp\/v2\/categories?post=1626"},{"taxonomy":"post_tag","embeddable":true,"href":"https:\/\/btm.sk\/WP\/wp-json\/wp\/v2\/tags?post=1626"}],"curies":[{"name":"wp","href":"https:\/\/api.w.org\/{rel}","templated":true}]}}