{"id":1623,"date":"2005-04-25T13:29:04","date_gmt":"2005-04-25T11:29:04","guid":{"rendered":"http:\/\/btm.sk\/WP\/2005\/04\/25\/novinka-darcekova-skatulka-pre-mamicku\/"},"modified":"2018-05-17T23:26:27","modified_gmt":"2018-05-17T21:26:27","slug":"novinka-darcekova-skatulka-pre-mamicku","status":"publish","type":"post","link":"https:\/\/btm.sk\/WP\/2005\/04\/25\/novinka-darcekova-skatulka-pre-mamicku\/","title":{"rendered":"NOVINKA \u2013 DAR\u010cEKOV\u00c1 \u0160KATU\u013dKA PRE MAMI\u010cKU"},"content":{"rendered":"<p><span class=\"text\">Pripravili sme pre v\u00e1s skladaciu dar\u010dekov\u00fa \u0161katu\u013eku s biblick\u00fdm ver\u0161om, prian\u00edm a aforizmom. Nechali sme na nej aj vo\u013en\u00e9 miesto na prip\u00edsanie vlastn\u00e9ho kr\u00e1tkeho pozdravu, po\u010fakovania \u010di vyznania. \u0160katu\u013eku netreba vystrihova\u0165, je u\u017e vyrezan\u00e1, sta\u010d\u00ed ju len vytla\u010di\u0165 vo v\u00fdseku a posklada\u0165 pod\u013ea n\u00e1vodu. Do \u0161katu\u013eky m\u00f4\u017eete vlo\u017ei\u0165 mal\u00fd dar\u010dek \u2013 nejak\u00fa sladkos\u0165 \u010di in\u00fa drobnos\u0165. Obr\u00e1zok a viac inform\u00e1cii n\u00e1jdete v \u010dasti NOV\u00c9 LET\u00c1KY.<\/span><br \/>\n<!--more--><br \/>\nNiektor\u00ed z v\u00e1s u\u017e podobn\u00fa \u0161katu\u013eku poznaj\u00fa \u2013 dostali ju za\u010diatkom tohto roka v \u0161peci\u00e1lnej ponuke ur\u010denej t\u00fdm odberate\u013eom, ktor\u00ed na\u0161u pr\u00e1cu finan\u010dne podporuj\u00fa. Pre \u00faspech a ve\u013ek\u00fd z\u00e1ujem o tento zvl\u00e1\u0161tny druh let\u00e1\u010dika sme sa rozhodli pon\u00faknu\u0165 ho op\u00e4\u0165. Je to let\u00e1\u010dik PL2 s ver\u0161om, aforizmom a kr\u00e1tkym textom o l\u00e1ske.<br \/>\nN\u00e1klady na v\u00fdrobu t\u00fdchto let\u00e1\u010dikov s\u00fa vy\u0161\u0161ie, preto aj ich hodnota je vy\u0161\u0161ia = 6,- Sk.<\/p>\n","protected":false},"excerpt":{"rendered":"<p>Pripravili sme pre v\u00e1s skladaciu dar\u010dekov\u00fa \u0161katu\u013eku s biblick\u00fdm ver\u0161om, prian\u00edm a aforizmom. Nechali sme na nej aj vo\u013en\u00e9 miesto na prip\u00edsanie vlastn\u00e9ho kr\u00e1tkeho pozdravu, po\u010fakovania \u010di vyznania. \u0160katu\u013eku netreba vystrihova\u0165, je u\u017e vyrezan\u00e1, sta\u010d\u00ed ju len vytla\u010di\u0165 vo v\u00fdseku a posklada\u0165 pod\u013ea n\u00e1vodu. Do \u0161katu\u013eky m\u00f4\u017eete vlo\u017ei\u0165 mal\u00fd dar\u010dek \u2013 nejak\u00fa sladkos\u0165 \u010di in\u00fa [&hellip;]<\/p>\n","protected":false},"author":2,"featured_media":0,"comment_status":"closed","ping_status":"open","sticky":false,"template":"","format":"standard","meta":[],"categories":[5],"tags":[],"_links":{"self":[{"href":"https:\/\/btm.sk\/WP\/wp-json\/wp\/v2\/posts\/1623"}],"collection":[{"href":"https:\/\/btm.sk\/WP\/wp-json\/wp\/v2\/posts"}],"about":[{"href":"https:\/\/btm.sk\/WP\/wp-json\/wp\/v2\/types\/post"}],"author":[{"embeddable":true,"href":"https:\/\/btm.sk\/WP\/wp-json\/wp\/v2\/users\/2"}],"replies":[{"embeddable":true,"href":"https:\/\/btm.sk\/WP\/wp-json\/wp\/v2\/comments?post=1623"}],"version-history":[{"count":1,"href":"https:\/\/btm.sk\/WP\/wp-json\/wp\/v2\/posts\/1623\/revisions"}],"predecessor-version":[{"id":2342,"href":"https:\/\/btm.sk\/WP\/wp-json\/wp\/v2\/posts\/1623\/revisions\/2342"}],"wp:attachment":[{"href":"https:\/\/btm.sk\/WP\/wp-json\/wp\/v2\/media?parent=1623"}],"wp:term":[{"taxonomy":"category","embeddable":true,"href":"https:\/\/btm.sk\/WP\/wp-json\/wp\/v2\/categories?post=1623"},{"taxonomy":"post_tag","embeddable":true,"href":"https:\/\/btm.sk\/WP\/wp-json\/wp\/v2\/tags?post=1623"}],"curies":[{"name":"wp","href":"https:\/\/api.w.org\/{rel}","templated":true}]}}